{"id":10314,"date":"2019-08-22T14:48:42","date_gmt":"2019-08-22T14:48:42","guid":{"rendered":"https:\/\/sighisoaraonline.com\/content\/?p=10314"},"modified":"2019-08-22T14:49:18","modified_gmt":"2019-08-22T14:49:18","slug":"comunicat-de-presa-proetnica-2019","status":"publish","type":"post","link":"https:\/\/sighisoaraonline.com\/content\/comunicat-de-presa-proetnica-2019\/","title":{"rendered":"COMUNICAT  DE  Pres\u0103 Proetnica 2019"},"content":{"rendered":"\n<p><\/p>\n\n\n\n<p>Cetatea medieval\u0103 a Sighi\u0219oarei, \u00eenscris\u0103 \u00een patrimoniul mondial UNESCO, g\u0103zduie\u0219te, pentru al 17-lea an, Festivalul Intercultural ProEtnica, manifestare considerat\u0103 a fi una dintre cele mai ample din Europa \u0219i, cu siguran\u021b\u0103, cea mai mare \u0219i mai reprezentativ\u0103 pentru minorit\u0103\u021bile na\u021bionale din Rom\u00e2nia. Festivalul se desf\u0103\u0219oar\u0103 \u00een perioada 21-25 august 2019. <br><\/p>\n\n\n\n<p> Anul acesta, ProEtnica se bucur\u0103 de participarea a peste 600 de personalit\u0103\u021bi ale lumii politice, sociale \u0219i universitare, scriitori, dansatori \u0219i c\u00e2nt\u0103re\u021bi, arti\u0219ti plastici, me\u0219te\u0219ugari, din cadrul minorit\u0103\u021bilor care au r\u0103spuns invita\u021biei  Centrul Educa\u0163ional Interetnic pentru Tineret (ibz) Sighi\u015foara, principalul organizator al manifest\u0103rii \u00eempreun\u0103 cu Organiza\u0163iile Minorit\u0103\u0163ilor Na\u0163ionale. <br> Timp de cinci zile, pe scena din Pia\u021ba Cet\u0103\u021bii vor urca 37 de ansambluri ale celor 19 minorit\u0103\u021bi recunoscute, oficial, \u00een Rom\u00e2nia: albanezi, armeni, bulgari, croa\u0163i, evrei, germani, greci, cehi, italieni, macedoneni, maghiari, polonezi, ruteni, romi, s\u00e2rbi, slovaci, turci, t\u0103tari, ucraineni. Se adaug\u0103 minoritatea sorab\u0103 din Germania, ca invitat special al Festivalului. Scena va mai fi dechis\u0103 pentru vizionarea spectacolului de teatru evreiesc \u00een care se deta\u0219eaz\u0103 prezen\u021ba carismatic\u0103 a actri\u021bei Maia Morgenstern. <br> Evolu\u021biilor artistice de pe scen\u0103 li se adaug\u0103 expozi\u021bii de art\u0103 plastic\u0103,  prelegeri, mese rotunde, simpozioane, aflate sub genericele \u201eAgora dialogului intercultural\u201d \u015fi \u201eSalonul Literar\u201d &#8211; ultima sec\u021biune fiind o noutate absolut\u0103 \u00een programul ProEtnica.  <br> De altfel, Festivalul se bucur\u0103, anul acesta, de sprijinul Institutului Cultural Rom\u00e2n, institu\u021bie menit\u0103 s\u0103 promoveze \u00een lume cultura rom\u00e2nilor \u0219i a minorit\u0103\u021bilor etnice conlocuitoare. <br> Cetatea are, de  asemenea, spa\u021bii consacrate me\u0219te\u0219ugarilor \u0219i standurilor de prezentare a minorit\u0103\u021bilor na\u021bionale care pot fi vizitate, zilnic, \u00eentre orele 10:00 -18:00.  <br> Inaugurarea celei de-a 17-a edi\u021bii a Festivalului a avut loc miercuri la ora 17:00, pe scena din Pia\u021ba Cet\u0103\u021bii. Primarul Sighi\u015foarei, Ovidiu M\u0103l\u0103ncr\u0103vean a anticipat, \u00een cuv\u00e2ntul s\u0103u c\u0103 \u201eUrmeaz\u0103 cinci zile \u00een care vom fi \u00eenc\u00e2nta\u0163i de cei care vor participa la acest festival. Trebuie s\u0103-l felicit, pe aceast\u0103 cale, pe organizatorul acestui eveniment, domnul Voker Reiter, pentru tot efortul pentru care \u00eel depune pentru promovarea interculturalit\u0103\u0163ii \u00een Rom\u00e2nia\u201d.<br> <\/p>\n\n\n\n<p>La r\u00e2ndul s\u0103u, europarlamentarul UDMR Vincze Lor\u00e1nt, pre\u015fedinte al Uniunii Federative a Na\u0163ionalit\u0103\u0163ilor Europene (FUEN), a spus c\u0103 ProEtnica este \u201eo adev\u0103rat\u0103 s\u0103rb\u0103toare \u00een Cetatea Medieval\u0103 a Sighi\u015foarei, unde diferite culturi, diferite limbi, diferite dansuri se \u00eent\u00e2lnesc pe aceea\u015fi scen\u0103 \u015fi ofer\u0103 un spectacol \u00eenc\u00e2nt\u0103tor prin performan\u0163a lor\u2026 Este foarte important ca interac\u0163iunea \u015fi convie\u0163uirea dintre minoritate \u015fi majoritare s\u0103 fie una excelent\u0103 \u00een Rom\u00e2nia\u201d, a spus eurodeputatul.<br> \u201eMinisterul Culturii \u015fi Identit\u0103\u0163ii Na\u0163ionale sus\u0163ine \u015fi \u00een acest an ProEtnica, la fel ca \u00een fiecare an\u201d, a subliniat  reprezentanta institu\u0163iei, Magdolna Grosu, care a transmis un mesaj din partea ministrului Daniel Breaz.<br> Institutul Cultural Rom\u00e2n prin vocea directorului Miruna Olteanu prezent\u0103 la deschidere, a dorit s\u0103 se \u0219tie c\u0103 este onorat s\u0103 fie al\u0103turi de ProEtnica la aceast\u0103 edi\u021bie \u0219i c\u0103 parteneriatul ini\u021biat \u201eva avea menirea de a sus\u021bine manifest\u0103rile ce presupun dialog intercultural \u0219i interac\u021biune artistic\u0103\u201d. <br> \u201eAu trecut 19 ani de c\u00e2nd s-au pus bazele organiz\u0103rii primei edi\u0163ii a Festivalului Intercultural ProEtnica &#8211; care dore\u015fte s\u0103 fie mai mult dec\u00e2t un simplu festival &#8211; iar \u00een cele 16 edi\u0163ii de p\u00e2n\u0103 acum au participat deja genera\u0163ii de tineri din partea etniilor din Rom\u00e2nia, a subliniat organizatorul festivalului, Volker Reiter, director al Centrului Educa\u0163ional Interetnic pentru Tineret Sighi\u015foara. \u201ePeste 600 de reprezentan\u0163i din partea tuturor etniilor din Rom\u00e2nia vor participa la evenimentul de la Sighi\u015foara \u015fi \u00een acest an. Proiectul are al\u0103turi 60 de parteneri institu\u0163ionali. (\u2026) 60 de institu\u0163ii c\u0103rora trebuie s\u0103 le mul\u0163umim \u015fi f\u0103r\u0103 de care organizarea acestui festival ar fi fost imposibil\u0103. Speran\u0163a noastr\u0103 este c\u0103 \u00een ace\u0219ti ani, ProEtnica a avut efecte \u00een societate, deoarece dore\u015fte s\u0103 fie mai mult dec\u00e2t un simplu festival la care vii, te distrezi \u015fi \u00abhai, pa!\u00bb. ProEtnica dore\u015fte s\u0103 fie o adev\u0103rat\u0103 s\u0103rb\u0103toare, un moment festiv pentru via\u0163a omului, care deschide \u015fi schimb\u0103 suflete, care schimb\u0103 mentalit\u0103\u0163i \u00een societate \u015fi care genereaz\u0103 tradi\u0163ii noi. A\u015fadar, ProEtnica dore\u015fte s\u0103 fie un instrument care ajunge s\u0103 creeze o convie\u0163uire pa\u015fnic\u0103 \u00eentre etnii \u00een societatea de azi \u015fi de m\u00e2ine\u201d, a spus Volker Reiter.<br> Mesaje au fost adresate la festivitatea de deschidere de Meto Novak, delegat al Ministerului pentru \u015etiin\u0163\u0103, Cercetare \u015fi Cultur\u0103 al Landului Brandenburg \u015fi reprezentant al minorit\u0103\u0163ii sorabilor din Germania, precum \u015fi de Cornelia Hemmann, reprezentant al Institutului pentru Rela\u0163ii Externe din Stuttgart, coordonator regional pentru Rom\u00e2nia, Serbia \u015fi Ungaria. <br> \u00cen plan artistic, \u00een prima zi, pe scena central\u0103 au evoluat trupa de dansuri a Forumului Democrat German din Sighi\u015foara, Ansamblul de dansuri albaneze Serenada al Asocia\u0163iei Liga Albanezilor din Rom\u00e2nia, Asocia\u0163ia Macedonenilor din Rom\u00e2nia, \u201eSon\u021be\u201d, Uniunea Cultural\u0103 a Rutenilor din Rom\u00e2nia, Ansamblul artistic \u201eLastivocica\u201d &#8211; D\u0103rm\u0103ne\u015fti, Suceava, Uniunea Polonezilor din Rom\u00e2nia, Ansamblul muntenilor polonezi \u201eSolonczanka\u201d Solone\u0163u Nou, Suceava, Uniunea Democratic\u0103 a Slovacilor \u015fi Cehilor din Rom\u00e2nia, Ansamblul folcloric \u201eLipka\u201d &#8211; Budoi, Bihor, Uniunea Democrat\u0103 Turc\u0103 din Rom\u00e2nia &#8211; Ansamblul \u201eFilizler\u201d din Medgidia, Constan\u0163a. \u00cen paralel, Sala Baroc\u0103 a Prim\u0103riei din Sighi\u0219oara a g\u0103zduit o conferin\u021b\u0103 de pres\u0103 \u0219i dezbaterea-panel \u201eProtec\u0163ia Minorit\u0103\u0163ilor Na\u0163ionale &#8211; instrument al dezvolt\u0103rii pa\u015fnice \u00een Europa\u201d.<br> Cei peste 15.000 de vizitatori estima\u0163i de organizatori vor avea parte \u0219i de recitaluri extraordinare. \u00centre acestea, se afl\u0103 seara greceasc\u0103, din 22 august, care va fi \u00eencheiat\u0103 cu un recital sus\u0163inut de Ionu\u0163 Galani, iar s\u00e2mb\u0103t\u0103 seara va concerta Bucharest Klezmer Band \u00eempreun\u0103 cu Maia Morgenstern.<br> Proiectul ProEtnica este implementat \u00een parteneriat cu Departamentul pentru Rela\u0163ii Interetnice \u015fi Consiliul Jude\u0163ean Mure\u015f, \u00een calitate de parteneri cu aport financiar, precum \u015fi de Guvern, prin Ministerul Culturii \u015fi Identit\u0103\u0163ii Na\u0163ionale, \u00een calitate de finan\u0163ator.<br> De asemenea, proiectul se bucur\u0103 de sprijinul Ambasadei Germaniei \u00een Rom\u00e2nia, Ministerului pentru \u015etiin\u0163\u0103, Cercetare \u015fi Cultur\u0103 al Landului Brandenburg al Republicii Federale Germania, Institutului Cultural Rom\u00e2n, Municipiului Sighi\u015foara, FUEN (Federal Union of European Nationalities), Institutului pentru Rela\u0163ii externe din Stuttgart (Institut fur Auslandsbeziehungen Stuttgart), Asocia\u0163iei Divers \u015fi PEN Rom\u00e2nia.<br><\/p>\n\n\n\n<p> Centrul Educa\u0163ional Interetnic pentru Tineret \u015fi ProEtnica &#8211; Festival Intercultural Sighi\u015foara sunt parteneri \u00een dou\u0103 proiecte culturale importante: Interkultural 2019, organizat de Institutul pentru Rela\u0163ii externe din Stuttgart (ifa Stuttgart), \u00een perioada 18 &#8211; 23 august \u015fi Academia Intercultural\u0103 de Var\u0103 \u201eProEtnica\u201d, organizat de Asocia\u0163ia Divers, \u00een perioada 19 &#8211; 26 august.<\/p>\n","protected":false},"excerpt":{"rendered":"<p>Cetatea medieval\u0103 a Sighi\u0219oarei, \u00eenscris\u0103 \u00een patrimoniul mondial UNESCO, g\u0103zduie\u0219te, pentru al 17-lea an, Festivalul&#8230;<\/p>\n","protected":false},"author":1,"featured_media":10315,"comment_status":"closed","ping_status":"open","sticky":false,"template":"","format":"standard","meta":{"footnotes":""},"categories":[14],"tags":[],"class_list":["post-10314","post","type-post","status-publish","format-standard","has-post-thumbnail","hentry","category-social"],"yoast_head":"<!-- This site is optimized with the Yoast SEO plugin v27.4 - https:\/\/yoast.com\/product\/yoast-seo-wordpress\/ -->\n<title>COMUNICAT DE Pres\u0103 Proetnica 2019<\/title>\n<meta name=\"robots\" content=\"index, follow, max-snippet:-1, max-image-preview:large, max-video-preview:-1\" \/>\n<link rel=\"canonical\" href=\"https:\/\/sighisoaraonline.com\/content\/comunicat-de-presa-proetnica-2019\/\" \/>\n<meta property=\"og:locale\" content=\"en_US\" \/>\n<meta property=\"og:type\" content=\"article\" \/>\n<meta property=\"og:title\" content=\"COMUNICAT DE Pres\u0103 Proetnica 2019\" \/>\n<meta property=\"og:description\" content=\"Cetatea medieval\u0103 a Sighi\u0219oarei, \u00eenscris\u0103 \u00een patrimoniul mondial UNESCO, g\u0103zduie\u0219te, pentru al 17-lea an, Festivalul...\" \/>\n<meta property=\"og:url\" content=\"https:\/\/sighisoaraonline.com\/content\/comunicat-de-presa-proetnica-2019\/\" \/>\n<meta property=\"og:site_name\" content=\"Sighisoara\" \/>\n<meta property=\"article:publisher\" content=\"https:\/\/www.facebook.com\/sighisoaraonline\/\" \/>\n<meta property=\"article:author\" content=\"https:\/\/www.facebook.com\/sighisoaraonline\/\" \/>\n<meta property=\"article:published_time\" content=\"2019-08-22T14:48:42+00:00\" \/>\n<meta property=\"article:modified_time\" content=\"2019-08-22T14:49:18+00:00\" \/>\n<meta property=\"og:image\" content=\"https:\/\/sighisoaraonline.com\/content\/wp-content\/uploads\/2019\/08\/FB_IMG_1566485197839.jpg\" \/>\n\t<meta property=\"og:image:width\" content=\"1280\" \/>\n\t<meta property=\"og:image:height\" content=\"960\" \/>\n\t<meta property=\"og:image:type\" content=\"image\/jpeg\" \/>\n<meta name=\"author\" content=\"Sighisoara Online\" \/>\n<meta name=\"twitter:card\" content=\"summary_large_image\" \/>\n<meta name=\"twitter:label1\" content=\"Written by\" \/>\n\t<meta name=\"twitter:data1\" content=\"Sighisoara Online\" \/>\n\t<meta name=\"twitter:label2\" content=\"Est. reading time\" \/>\n\t<meta name=\"twitter:data2\" content=\"6 minutes\" \/>\n<script type=\"application\/ld+json\" class=\"yoast-schema-graph\">{\"@context\":\"https:\\\/\\\/schema.org\",\"@graph\":[{\"@type\":\"Article\",\"@id\":\"https:\\\/\\\/sighisoaraonline.com\\\/content\\\/comunicat-de-presa-proetnica-2019\\\/#article\",\"isPartOf\":{\"@id\":\"https:\\\/\\\/sighisoaraonline.com\\\/content\\\/comunicat-de-presa-proetnica-2019\\\/\"},\"author\":{\"name\":\"Sighisoara Online\",\"@id\":\"https:\\\/\\\/sighisoaraonline.com\\\/content\\\/#\\\/schema\\\/person\\\/140de7f8d077626585be2e01dfe4cca0\"},\"headline\":\"COMUNICAT DE Pres\u0103 Proetnica 2019\",\"datePublished\":\"2019-08-22T14:48:42+00:00\",\"dateModified\":\"2019-08-22T14:49:18+00:00\",\"mainEntityOfPage\":{\"@id\":\"https:\\\/\\\/sighisoaraonline.com\\\/content\\\/comunicat-de-presa-proetnica-2019\\\/\"},\"wordCount\":1163,\"publisher\":{\"@id\":\"https:\\\/\\\/sighisoaraonline.com\\\/content\\\/#\\\/schema\\\/person\\\/140de7f8d077626585be2e01dfe4cca0\"},\"image\":{\"@id\":\"https:\\\/\\\/sighisoaraonline.com\\\/content\\\/comunicat-de-presa-proetnica-2019\\\/#primaryimage\"},\"thumbnailUrl\":\"https:\\\/\\\/sighisoaraonline.com\\\/content\\\/wp-content\\\/uploads\\\/2019\\\/08\\\/FB_IMG_1566485197839.jpg\",\"articleSection\":[\"Social\"],\"inLanguage\":\"en-US\"},{\"@type\":\"WebPage\",\"@id\":\"https:\\\/\\\/sighisoaraonline.com\\\/content\\\/comunicat-de-presa-proetnica-2019\\\/\",\"url\":\"https:\\\/\\\/sighisoaraonline.com\\\/content\\\/comunicat-de-presa-proetnica-2019\\\/\",\"name\":\"COMUNICAT DE Pres\u0103 Proetnica 2019\",\"isPartOf\":{\"@id\":\"https:\\\/\\\/sighisoaraonline.com\\\/content\\\/#website\"},\"primaryImageOfPage\":{\"@id\":\"https:\\\/\\\/sighisoaraonline.com\\\/content\\\/comunicat-de-presa-proetnica-2019\\\/#primaryimage\"},\"image\":{\"@id\":\"https:\\\/\\\/sighisoaraonline.com\\\/content\\\/comunicat-de-presa-proetnica-2019\\\/#primaryimage\"},\"thumbnailUrl\":\"https:\\\/\\\/sighisoaraonline.com\\\/content\\\/wp-content\\\/uploads\\\/2019\\\/08\\\/FB_IMG_1566485197839.jpg\",\"datePublished\":\"2019-08-22T14:48:42+00:00\",\"dateModified\":\"2019-08-22T14:49:18+00:00\",\"breadcrumb\":{\"@id\":\"https:\\\/\\\/sighisoaraonline.com\\\/content\\\/comunicat-de-presa-proetnica-2019\\\/#breadcrumb\"},\"inLanguage\":\"en-US\",\"potentialAction\":[{\"@type\":\"ReadAction\",\"target\":[\"https:\\\/\\\/sighisoaraonline.com\\\/content\\\/comunicat-de-presa-proetnica-2019\\\/\"]}]},{\"@type\":\"ImageObject\",\"inLanguage\":\"en-US\",\"@id\":\"https:\\\/\\\/sighisoaraonline.com\\\/content\\\/comunicat-de-presa-proetnica-2019\\\/#primaryimage\",\"url\":\"https:\\\/\\\/sighisoaraonline.com\\\/content\\\/wp-content\\\/uploads\\\/2019\\\/08\\\/FB_IMG_1566485197839.jpg\",\"contentUrl\":\"https:\\\/\\\/sighisoaraonline.com\\\/content\\\/wp-content\\\/uploads\\\/2019\\\/08\\\/FB_IMG_1566485197839.jpg\",\"width\":1280,\"height\":960},{\"@type\":\"BreadcrumbList\",\"@id\":\"https:\\\/\\\/sighisoaraonline.com\\\/content\\\/comunicat-de-presa-proetnica-2019\\\/#breadcrumb\",\"itemListElement\":[{\"@type\":\"ListItem\",\"position\":1,\"name\":\"Home\",\"item\":\"https:\\\/\\\/sighisoaraonline.com\\\/content\\\/\"},{\"@type\":\"ListItem\",\"position\":2,\"name\":\"COMUNICAT DE Pres\u0103 Proetnica 2019\"}]},{\"@type\":\"WebSite\",\"@id\":\"https:\\\/\\\/sighisoaraonline.com\\\/content\\\/#website\",\"url\":\"https:\\\/\\\/sighisoaraonline.com\\\/content\\\/\",\"name\":\"Sighisoara\",\"description\":\"\",\"publisher\":{\"@id\":\"https:\\\/\\\/sighisoaraonline.com\\\/content\\\/#\\\/schema\\\/person\\\/140de7f8d077626585be2e01dfe4cca0\"},\"potentialAction\":[{\"@type\":\"SearchAction\",\"target\":{\"@type\":\"EntryPoint\",\"urlTemplate\":\"https:\\\/\\\/sighisoaraonline.com\\\/content\\\/?s={search_term_string}\"},\"query-input\":{\"@type\":\"PropertyValueSpecification\",\"valueRequired\":true,\"valueName\":\"search_term_string\"}}],\"inLanguage\":\"en-US\"},{\"@type\":[\"Person\",\"Organization\"],\"@id\":\"https:\\\/\\\/sighisoaraonline.com\\\/content\\\/#\\\/schema\\\/person\\\/140de7f8d077626585be2e01dfe4cca0\",\"name\":\"Sighisoara Online\",\"image\":{\"@type\":\"ImageObject\",\"inLanguage\":\"en-US\",\"@id\":\"https:\\\/\\\/sighisoaraonline.com\\\/content\\\/wp-content\\\/uploads\\\/2017\\\/03\\\/cropped-sigonlinen-1.png\",\"url\":\"https:\\\/\\\/sighisoaraonline.com\\\/content\\\/wp-content\\\/uploads\\\/2017\\\/03\\\/cropped-sigonlinen-1.png\",\"contentUrl\":\"https:\\\/\\\/sighisoaraonline.com\\\/content\\\/wp-content\\\/uploads\\\/2017\\\/03\\\/cropped-sigonlinen-1.png\",\"width\":257,\"height\":60,\"caption\":\"Sighisoara Online\"},\"logo\":{\"@id\":\"https:\\\/\\\/sighisoaraonline.com\\\/content\\\/wp-content\\\/uploads\\\/2017\\\/03\\\/cropped-sigonlinen-1.png\"},\"sameAs\":[\"https:\\\/\\\/www.facebook.com\\\/sighisoaraonline\\\/\",\"https:\\\/\\\/www.instagram.com\\\/sighisoaraonline\\\/\"],\"url\":\"https:\\\/\\\/sighisoaraonline.com\\\/content\\\/author\\\/paul\\\/\"}]}<\/script>\n<!-- \/ Yoast SEO plugin. -->","yoast_head_json":{"title":"COMUNICAT DE Pres\u0103 Proetnica 2019","robots":{"index":"index","follow":"follow","max-snippet":"max-snippet:-1","max-image-preview":"max-image-preview:large","max-video-preview":"max-video-preview:-1"},"canonical":"https:\/\/sighisoaraonline.com\/content\/comunicat-de-presa-proetnica-2019\/","og_locale":"en_US","og_type":"article","og_title":"COMUNICAT DE Pres\u0103 Proetnica 2019","og_description":"Cetatea medieval\u0103 a Sighi\u0219oarei, \u00eenscris\u0103 \u00een patrimoniul mondial UNESCO, g\u0103zduie\u0219te, pentru al 17-lea an, Festivalul...","og_url":"https:\/\/sighisoaraonline.com\/content\/comunicat-de-presa-proetnica-2019\/","og_site_name":"Sighisoara","article_publisher":"https:\/\/www.facebook.com\/sighisoaraonline\/","article_author":"https:\/\/www.facebook.com\/sighisoaraonline\/","article_published_time":"2019-08-22T14:48:42+00:00","article_modified_time":"2019-08-22T14:49:18+00:00","og_image":[{"width":1280,"height":960,"url":"https:\/\/sighisoaraonline.com\/content\/wp-content\/uploads\/2019\/08\/FB_IMG_1566485197839.jpg","type":"image\/jpeg"}],"author":"Sighisoara Online","twitter_card":"summary_large_image","twitter_misc":{"Written by":"Sighisoara Online","Est. reading time":"6 minutes"},"schema":{"@context":"https:\/\/schema.org","@graph":[{"@type":"Article","@id":"https:\/\/sighisoaraonline.com\/content\/comunicat-de-presa-proetnica-2019\/#article","isPartOf":{"@id":"https:\/\/sighisoaraonline.com\/content\/comunicat-de-presa-proetnica-2019\/"},"author":{"name":"Sighisoara Online","@id":"https:\/\/sighisoaraonline.com\/content\/#\/schema\/person\/140de7f8d077626585be2e01dfe4cca0"},"headline":"COMUNICAT DE Pres\u0103 Proetnica 2019","datePublished":"2019-08-22T14:48:42+00:00","dateModified":"2019-08-22T14:49:18+00:00","mainEntityOfPage":{"@id":"https:\/\/sighisoaraonline.com\/content\/comunicat-de-presa-proetnica-2019\/"},"wordCount":1163,"publisher":{"@id":"https:\/\/sighisoaraonline.com\/content\/#\/schema\/person\/140de7f8d077626585be2e01dfe4cca0"},"image":{"@id":"https:\/\/sighisoaraonline.com\/content\/comunicat-de-presa-proetnica-2019\/#primaryimage"},"thumbnailUrl":"https:\/\/sighisoaraonline.com\/content\/wp-content\/uploads\/2019\/08\/FB_IMG_1566485197839.jpg","articleSection":["Social"],"inLanguage":"en-US"},{"@type":"WebPage","@id":"https:\/\/sighisoaraonline.com\/content\/comunicat-de-presa-proetnica-2019\/","url":"https:\/\/sighisoaraonline.com\/content\/comunicat-de-presa-proetnica-2019\/","name":"COMUNICAT DE Pres\u0103 Proetnica 2019","isPartOf":{"@id":"https:\/\/sighisoaraonline.com\/content\/#website"},"primaryImageOfPage":{"@id":"https:\/\/sighisoaraonline.com\/content\/comunicat-de-presa-proetnica-2019\/#primaryimage"},"image":{"@id":"https:\/\/sighisoaraonline.com\/content\/comunicat-de-presa-proetnica-2019\/#primaryimage"},"thumbnailUrl":"https:\/\/sighisoaraonline.com\/content\/wp-content\/uploads\/2019\/08\/FB_IMG_1566485197839.jpg","datePublished":"2019-08-22T14:48:42+00:00","dateModified":"2019-08-22T14:49:18+00:00","breadcrumb":{"@id":"https:\/\/sighisoaraonline.com\/content\/comunicat-de-presa-proetnica-2019\/#breadcrumb"},"inLanguage":"en-US","potentialAction":[{"@type":"ReadAction","target":["https:\/\/sighisoaraonline.com\/content\/comunicat-de-presa-proetnica-2019\/"]}]},{"@type":"ImageObject","inLanguage":"en-US","@id":"https:\/\/sighisoaraonline.com\/content\/comunicat-de-presa-proetnica-2019\/#primaryimage","url":"https:\/\/sighisoaraonline.com\/content\/wp-content\/uploads\/2019\/08\/FB_IMG_1566485197839.jpg","contentUrl":"https:\/\/sighisoaraonline.com\/content\/wp-content\/uploads\/2019\/08\/FB_IMG_1566485197839.jpg","width":1280,"height":960},{"@type":"BreadcrumbList","@id":"https:\/\/sighisoaraonline.com\/content\/comunicat-de-presa-proetnica-2019\/#breadcrumb","itemListElement":[{"@type":"ListItem","position":1,"name":"Home","item":"https:\/\/sighisoaraonline.com\/content\/"},{"@type":"ListItem","position":2,"name":"COMUNICAT DE Pres\u0103 Proetnica 2019"}]},{"@type":"WebSite","@id":"https:\/\/sighisoaraonline.com\/content\/#website","url":"https:\/\/sighisoaraonline.com\/content\/","name":"Sighisoara","description":"","publisher":{"@id":"https:\/\/sighisoaraonline.com\/content\/#\/schema\/person\/140de7f8d077626585be2e01dfe4cca0"},"potentialAction":[{"@type":"SearchAction","target":{"@type":"EntryPoint","urlTemplate":"https:\/\/sighisoaraonline.com\/content\/?s={search_term_string}"},"query-input":{"@type":"PropertyValueSpecification","valueRequired":true,"valueName":"search_term_string"}}],"inLanguage":"en-US"},{"@type":["Person","Organization"],"@id":"https:\/\/sighisoaraonline.com\/content\/#\/schema\/person\/140de7f8d077626585be2e01dfe4cca0","name":"Sighisoara Online","image":{"@type":"ImageObject","inLanguage":"en-US","@id":"https:\/\/sighisoaraonline.com\/content\/wp-content\/uploads\/2017\/03\/cropped-sigonlinen-1.png","url":"https:\/\/sighisoaraonline.com\/content\/wp-content\/uploads\/2017\/03\/cropped-sigonlinen-1.png","contentUrl":"https:\/\/sighisoaraonline.com\/content\/wp-content\/uploads\/2017\/03\/cropped-sigonlinen-1.png","width":257,"height":60,"caption":"Sighisoara Online"},"logo":{"@id":"https:\/\/sighisoaraonline.com\/content\/wp-content\/uploads\/2017\/03\/cropped-sigonlinen-1.png"},"sameAs":["https:\/\/www.facebook.com\/sighisoaraonline\/","https:\/\/www.instagram.com\/sighisoaraonline\/"],"url":"https:\/\/sighisoaraonline.com\/content\/author\/paul\/"}]}},"_links":{"self":[{"href":"https:\/\/sighisoaraonline.com\/content\/wp-json\/wp\/v2\/posts\/10314","targetHints":{"allow":["GET"]}}],"collection":[{"href":"https:\/\/sighisoaraonline.com\/content\/wp-json\/wp\/v2\/posts"}],"about":[{"href":"https:\/\/sighisoaraonline.com\/content\/wp-json\/wp\/v2\/types\/post"}],"author":[{"embeddable":true,"href":"https:\/\/sighisoaraonline.com\/content\/wp-json\/wp\/v2\/users\/1"}],"replies":[{"embeddable":true,"href":"https:\/\/sighisoaraonline.com\/content\/wp-json\/wp\/v2\/comments?post=10314"}],"version-history":[{"count":1,"href":"https:\/\/sighisoaraonline.com\/content\/wp-json\/wp\/v2\/posts\/10314\/revisions"}],"predecessor-version":[{"id":10316,"href":"https:\/\/sighisoaraonline.com\/content\/wp-json\/wp\/v2\/posts\/10314\/revisions\/10316"}],"wp:featuredmedia":[{"embeddable":true,"href":"https:\/\/sighisoaraonline.com\/content\/wp-json\/wp\/v2\/media\/10315"}],"wp:attachment":[{"href":"https:\/\/sighisoaraonline.com\/content\/wp-json\/wp\/v2\/media?parent=10314"}],"wp:term":[{"taxonomy":"category","embeddable":true,"href":"https:\/\/sighisoaraonline.com\/content\/wp-json\/wp\/v2\/categories?post=10314"},{"taxonomy":"post_tag","embeddable":true,"href":"https:\/\/sighisoaraonline.com\/content\/wp-json\/wp\/v2\/tags?post=10314"}],"curies":[{"name":"wp","href":"https:\/\/api.w.org\/{rel}","templated":true}]}}