{"id":10493,"date":"2019-09-20T12:50:57","date_gmt":"2019-09-20T12:50:57","guid":{"rendered":"https:\/\/sighisoaraonline.com\/content\/?p=10493"},"modified":"2019-09-20T12:50:58","modified_gmt":"2019-09-20T12:50:58","slug":"radioson-incendiul-de-la-groapa-de-gunoi-a-sighisoarei-poate-dura-zile-intregi","status":"publish","type":"post","link":"https:\/\/sighisoaraonline.com\/content\/radioson-incendiul-de-la-groapa-de-gunoi-a-sighisoarei-poate-dura-zile-intregi\/","title":{"rendered":"RadioSon: Incendiul de la groapa de gunoi a Sighi\u0219oarei poate dura zile \u00eentregi"},"content":{"rendered":"\n<p>Este estimarea comandantului ISU \u201dHorea\u201d Mure\u0219, col. C\u0103lin Handrea.<\/p>\n\n\n\n<p>Acesta a fost prezent la Sighi\u0219oara pentru a analiza situa\u021bia din teren. Potrivit comandantului ISU Mure\u0219 focarele sunt de ad\u00e2ncime iar \u00een momentul \u00een care se ac\u021bioneaz\u0103 at\u00e2t cu utilaje c\u00e2t \u0219i cu ap\u0103, se oxigeneaz\u0103 \u0219i focul se reaprinde. <br>\n\u201cSe ac\u021bioneaz\u0103 cu 8 autospeciale cu ap\u0103 \u0219i spum\u0103 de capacitate mare, avem sprijinul Aquaserv-ului \u0219i al Prim\u0103riei cu utilaje, dar \u00een general acest tip de incendiu este de lung\u0103 durat\u0103.\u201d a precizat col. C\u0103lin Handrea sus\u021bin\u00e2nd c\u0103 exist\u0103 pericolul  ca incendiul s\u0103 se extind\u0103 pe toat\u0103 groapa de gunoi.  <\/p>\n\n\n\n<p>Garda Na\u0163ional\u0103 de Mediu \u2013 Comisariatul Jude\u0163ean Mure\u015f s-a deplasat la fa\u021ba locului pentru a evalua situa\u0163ia din punct de vedere a afect\u0103rii calit\u0103\u0163ii aerului.<\/p>\n\n\n\n<p>Si prefectul jude\u021bului Mure\u0219, Mircea Du\u0219a a venit la  Sighi\u0219oara, pentru o evaluare exact\u0103 a situa\u021biei produse si a fost convocat Comitetul ptr situatii de urgen\u021b\u0103<\/p>\n\n\n\n<p>Se depun toate eforturile pentru stingerea incendiului de la Depozitil de de\u0219euri din Sighisoara, a  dat asigurari si primarul municipiului, Ovidiu-Dumitru M\u0103l\u0103ncr\u0103vean.<\/p>\n\n\n\n<p>V\u0103 reamintim c\u0103 incendiul  la Depozitul de de\u0219euri din municipiul Sighi\u0219oara  a izbucnit ast\u0103zi, 20 septembrie 2019, la ora 4.00 <br>\nIncendiul s-a manifestat pe circa 300 de mp \u0219i \u00een ad\u00e2ncime de circa 15-20 metri.<\/p>\n","protected":false},"excerpt":{"rendered":"<p>Este estimarea comandantului ISU \u201dHorea\u201d Mure\u0219, col. C\u0103lin Handrea. Acesta a fost prezent la Sighi\u0219oara&#8230;<\/p>\n","protected":false},"author":1,"featured_media":10494,"comment_status":"closed","ping_status":"open","sticky":false,"template":"","format":"standard","meta":{"footnotes":""},"categories":[14],"tags":[],"class_list":["post-10493","post","type-post","status-publish","format-standard","has-post-thumbnail","hentry","category-social"],"yoast_head":"<!-- This site is optimized with the Yoast SEO plugin v27.5 - https:\/\/yoast.com\/product\/yoast-seo-wordpress\/ -->\n<title>RadioSon: Incendiul de la groapa de gunoi a Sighi\u0219oarei poate dura zile \u00eentregi<\/title>\n<meta name=\"robots\" content=\"index, follow, max-snippet:-1, max-image-preview:large, max-video-preview:-1\" \/>\n<link rel=\"canonical\" href=\"https:\/\/sighisoaraonline.com\/content\/radioson-incendiul-de-la-groapa-de-gunoi-a-sighisoarei-poate-dura-zile-intregi\/\" \/>\n<meta property=\"og:locale\" content=\"en_US\" \/>\n<meta property=\"og:type\" content=\"article\" \/>\n<meta property=\"og:title\" content=\"RadioSon: Incendiul de la groapa de gunoi a Sighi\u0219oarei poate dura zile \u00eentregi\" \/>\n<meta property=\"og:description\" content=\"Este estimarea comandantului ISU \u201dHorea\u201d Mure\u0219, col. C\u0103lin Handrea. Acesta a fost prezent la Sighi\u0219oara...\" \/>\n<meta property=\"og:url\" content=\"https:\/\/sighisoaraonline.com\/content\/radioson-incendiul-de-la-groapa-de-gunoi-a-sighisoarei-poate-dura-zile-intregi\/\" \/>\n<meta property=\"og:site_name\" content=\"Sighisoara\" \/>\n<meta property=\"article:publisher\" content=\"https:\/\/www.facebook.com\/sighisoaraonline\/\" \/>\n<meta property=\"article:author\" content=\"https:\/\/www.facebook.com\/sighisoaraonline\/\" \/>\n<meta property=\"article:published_time\" content=\"2019-09-20T12:50:57+00:00\" \/>\n<meta property=\"article:modified_time\" content=\"2019-09-20T12:50:58+00:00\" \/>\n<meta property=\"og:image\" content=\"https:\/\/sighisoaraonline.com\/content\/wp-content\/uploads\/2019\/09\/20190920_155021_0000.png\" \/>\n\t<meta property=\"og:image:width\" content=\"1024\" \/>\n\t<meta property=\"og:image:height\" content=\"512\" \/>\n\t<meta property=\"og:image:type\" content=\"image\/png\" \/>\n<meta name=\"author\" content=\"Sighisoara Online\" \/>\n<meta name=\"twitter:card\" content=\"summary_large_image\" \/>\n<meta name=\"twitter:label1\" content=\"Written by\" \/>\n\t<meta name=\"twitter:data1\" content=\"Sighisoara Online\" \/>\n\t<meta name=\"twitter:label2\" content=\"Est. reading time\" \/>\n\t<meta name=\"twitter:data2\" content=\"1 minute\" \/>\n<script type=\"application\/ld+json\" class=\"yoast-schema-graph\">{\"@context\":\"https:\\\/\\\/schema.org\",\"@graph\":[{\"@type\":\"Article\",\"@id\":\"https:\\\/\\\/sighisoaraonline.com\\\/content\\\/radioson-incendiul-de-la-groapa-de-gunoi-a-sighisoarei-poate-dura-zile-intregi\\\/#article\",\"isPartOf\":{\"@id\":\"https:\\\/\\\/sighisoaraonline.com\\\/content\\\/radioson-incendiul-de-la-groapa-de-gunoi-a-sighisoarei-poate-dura-zile-intregi\\\/\"},\"author\":{\"name\":\"Sighisoara Online\",\"@id\":\"https:\\\/\\\/sighisoaraonline.com\\\/content\\\/#\\\/schema\\\/person\\\/140de7f8d077626585be2e01dfe4cca0\"},\"headline\":\"RadioSon: Incendiul de la groapa de gunoi a Sighi\u0219oarei poate dura zile \u00eentregi\",\"datePublished\":\"2019-09-20T12:50:57+00:00\",\"dateModified\":\"2019-09-20T12:50:58+00:00\",\"mainEntityOfPage\":{\"@id\":\"https:\\\/\\\/sighisoaraonline.com\\\/content\\\/radioson-incendiul-de-la-groapa-de-gunoi-a-sighisoarei-poate-dura-zile-intregi\\\/\"},\"wordCount\":245,\"publisher\":{\"@id\":\"https:\\\/\\\/sighisoaraonline.com\\\/content\\\/#\\\/schema\\\/person\\\/140de7f8d077626585be2e01dfe4cca0\"},\"image\":{\"@id\":\"https:\\\/\\\/sighisoaraonline.com\\\/content\\\/radioson-incendiul-de-la-groapa-de-gunoi-a-sighisoarei-poate-dura-zile-intregi\\\/#primaryimage\"},\"thumbnailUrl\":\"https:\\\/\\\/sighisoaraonline.com\\\/content\\\/wp-content\\\/uploads\\\/2019\\\/09\\\/20190920_155021_0000.png\",\"articleSection\":[\"Social\"],\"inLanguage\":\"en-US\"},{\"@type\":\"WebPage\",\"@id\":\"https:\\\/\\\/sighisoaraonline.com\\\/content\\\/radioson-incendiul-de-la-groapa-de-gunoi-a-sighisoarei-poate-dura-zile-intregi\\\/\",\"url\":\"https:\\\/\\\/sighisoaraonline.com\\\/content\\\/radioson-incendiul-de-la-groapa-de-gunoi-a-sighisoarei-poate-dura-zile-intregi\\\/\",\"name\":\"RadioSon: Incendiul de la groapa de gunoi a Sighi\u0219oarei poate dura zile \u00eentregi\",\"isPartOf\":{\"@id\":\"https:\\\/\\\/sighisoaraonline.com\\\/content\\\/#website\"},\"primaryImageOfPage\":{\"@id\":\"https:\\\/\\\/sighisoaraonline.com\\\/content\\\/radioson-incendiul-de-la-groapa-de-gunoi-a-sighisoarei-poate-dura-zile-intregi\\\/#primaryimage\"},\"image\":{\"@id\":\"https:\\\/\\\/sighisoaraonline.com\\\/content\\\/radioson-incendiul-de-la-groapa-de-gunoi-a-sighisoarei-poate-dura-zile-intregi\\\/#primaryimage\"},\"thumbnailUrl\":\"https:\\\/\\\/sighisoaraonline.com\\\/content\\\/wp-content\\\/uploads\\\/2019\\\/09\\\/20190920_155021_0000.png\",\"datePublished\":\"2019-09-20T12:50:57+00:00\",\"dateModified\":\"2019-09-20T12:50:58+00:00\",\"breadcrumb\":{\"@id\":\"https:\\\/\\\/sighisoaraonline.com\\\/content\\\/radioson-incendiul-de-la-groapa-de-gunoi-a-sighisoarei-poate-dura-zile-intregi\\\/#breadcrumb\"},\"inLanguage\":\"en-US\",\"potentialAction\":[{\"@type\":\"ReadAction\",\"target\":[\"https:\\\/\\\/sighisoaraonline.com\\\/content\\\/radioson-incendiul-de-la-groapa-de-gunoi-a-sighisoarei-poate-dura-zile-intregi\\\/\"]}]},{\"@type\":\"ImageObject\",\"inLanguage\":\"en-US\",\"@id\":\"https:\\\/\\\/sighisoaraonline.com\\\/content\\\/radioson-incendiul-de-la-groapa-de-gunoi-a-sighisoarei-poate-dura-zile-intregi\\\/#primaryimage\",\"url\":\"https:\\\/\\\/sighisoaraonline.com\\\/content\\\/wp-content\\\/uploads\\\/2019\\\/09\\\/20190920_155021_0000.png\",\"contentUrl\":\"https:\\\/\\\/sighisoaraonline.com\\\/content\\\/wp-content\\\/uploads\\\/2019\\\/09\\\/20190920_155021_0000.png\",\"width\":1024,\"height\":512},{\"@type\":\"BreadcrumbList\",\"@id\":\"https:\\\/\\\/sighisoaraonline.com\\\/content\\\/radioson-incendiul-de-la-groapa-de-gunoi-a-sighisoarei-poate-dura-zile-intregi\\\/#breadcrumb\",\"itemListElement\":[{\"@type\":\"ListItem\",\"position\":1,\"name\":\"Home\",\"item\":\"https:\\\/\\\/sighisoaraonline.com\\\/content\\\/\"},{\"@type\":\"ListItem\",\"position\":2,\"name\":\"RadioSon: Incendiul de la groapa de gunoi a Sighi\u0219oarei poate dura zile \u00eentregi\"}]},{\"@type\":\"WebSite\",\"@id\":\"https:\\\/\\\/sighisoaraonline.com\\\/content\\\/#website\",\"url\":\"https:\\\/\\\/sighisoaraonline.com\\\/content\\\/\",\"name\":\"Sighisoara\",\"description\":\"\",\"publisher\":{\"@id\":\"https:\\\/\\\/sighisoaraonline.com\\\/content\\\/#\\\/schema\\\/person\\\/140de7f8d077626585be2e01dfe4cca0\"},\"potentialAction\":[{\"@type\":\"SearchAction\",\"target\":{\"@type\":\"EntryPoint\",\"urlTemplate\":\"https:\\\/\\\/sighisoaraonline.com\\\/content\\\/?s={search_term_string}\"},\"query-input\":{\"@type\":\"PropertyValueSpecification\",\"valueRequired\":true,\"valueName\":\"search_term_string\"}}],\"inLanguage\":\"en-US\"},{\"@type\":[\"Person\",\"Organization\"],\"@id\":\"https:\\\/\\\/sighisoaraonline.com\\\/content\\\/#\\\/schema\\\/person\\\/140de7f8d077626585be2e01dfe4cca0\",\"name\":\"Sighisoara Online\",\"image\":{\"@type\":\"ImageObject\",\"inLanguage\":\"en-US\",\"@id\":\"https:\\\/\\\/sighisoaraonline.com\\\/content\\\/wp-content\\\/uploads\\\/2017\\\/03\\\/cropped-sigonlinen-1.png\",\"url\":\"https:\\\/\\\/sighisoaraonline.com\\\/content\\\/wp-content\\\/uploads\\\/2017\\\/03\\\/cropped-sigonlinen-1.png\",\"contentUrl\":\"https:\\\/\\\/sighisoaraonline.com\\\/content\\\/wp-content\\\/uploads\\\/2017\\\/03\\\/cropped-sigonlinen-1.png\",\"width\":257,\"height\":60,\"caption\":\"Sighisoara Online\"},\"logo\":{\"@id\":\"https:\\\/\\\/sighisoaraonline.com\\\/content\\\/wp-content\\\/uploads\\\/2017\\\/03\\\/cropped-sigonlinen-1.png\"},\"sameAs\":[\"https:\\\/\\\/www.facebook.com\\\/sighisoaraonline\\\/\",\"https:\\\/\\\/www.instagram.com\\\/sighisoaraonline\\\/\"],\"url\":\"https:\\\/\\\/sighisoaraonline.com\\\/content\\\/author\\\/paul\\\/\"}]}<\/script>\n<!-- \/ Yoast SEO plugin. -->","yoast_head_json":{"title":"RadioSon: Incendiul de la groapa de gunoi a Sighi\u0219oarei poate dura zile \u00eentregi","robots":{"index":"index","follow":"follow","max-snippet":"max-snippet:-1","max-image-preview":"max-image-preview:large","max-video-preview":"max-video-preview:-1"},"canonical":"https:\/\/sighisoaraonline.com\/content\/radioson-incendiul-de-la-groapa-de-gunoi-a-sighisoarei-poate-dura-zile-intregi\/","og_locale":"en_US","og_type":"article","og_title":"RadioSon: Incendiul de la groapa de gunoi a Sighi\u0219oarei poate dura zile \u00eentregi","og_description":"Este estimarea comandantului ISU \u201dHorea\u201d Mure\u0219, col. C\u0103lin Handrea. Acesta a fost prezent la Sighi\u0219oara...","og_url":"https:\/\/sighisoaraonline.com\/content\/radioson-incendiul-de-la-groapa-de-gunoi-a-sighisoarei-poate-dura-zile-intregi\/","og_site_name":"Sighisoara","article_publisher":"https:\/\/www.facebook.com\/sighisoaraonline\/","article_author":"https:\/\/www.facebook.com\/sighisoaraonline\/","article_published_time":"2019-09-20T12:50:57+00:00","article_modified_time":"2019-09-20T12:50:58+00:00","og_image":[{"width":1024,"height":512,"url":"https:\/\/sighisoaraonline.com\/content\/wp-content\/uploads\/2019\/09\/20190920_155021_0000.png","type":"image\/png"}],"author":"Sighisoara Online","twitter_card":"summary_large_image","twitter_misc":{"Written by":"Sighisoara Online","Est. reading time":"1 minute"},"schema":{"@context":"https:\/\/schema.org","@graph":[{"@type":"Article","@id":"https:\/\/sighisoaraonline.com\/content\/radioson-incendiul-de-la-groapa-de-gunoi-a-sighisoarei-poate-dura-zile-intregi\/#article","isPartOf":{"@id":"https:\/\/sighisoaraonline.com\/content\/radioson-incendiul-de-la-groapa-de-gunoi-a-sighisoarei-poate-dura-zile-intregi\/"},"author":{"name":"Sighisoara Online","@id":"https:\/\/sighisoaraonline.com\/content\/#\/schema\/person\/140de7f8d077626585be2e01dfe4cca0"},"headline":"RadioSon: Incendiul de la groapa de gunoi a Sighi\u0219oarei poate dura zile \u00eentregi","datePublished":"2019-09-20T12:50:57+00:00","dateModified":"2019-09-20T12:50:58+00:00","mainEntityOfPage":{"@id":"https:\/\/sighisoaraonline.com\/content\/radioson-incendiul-de-la-groapa-de-gunoi-a-sighisoarei-poate-dura-zile-intregi\/"},"wordCount":245,"publisher":{"@id":"https:\/\/sighisoaraonline.com\/content\/#\/schema\/person\/140de7f8d077626585be2e01dfe4cca0"},"image":{"@id":"https:\/\/sighisoaraonline.com\/content\/radioson-incendiul-de-la-groapa-de-gunoi-a-sighisoarei-poate-dura-zile-intregi\/#primaryimage"},"thumbnailUrl":"https:\/\/sighisoaraonline.com\/content\/wp-content\/uploads\/2019\/09\/20190920_155021_0000.png","articleSection":["Social"],"inLanguage":"en-US"},{"@type":"WebPage","@id":"https:\/\/sighisoaraonline.com\/content\/radioson-incendiul-de-la-groapa-de-gunoi-a-sighisoarei-poate-dura-zile-intregi\/","url":"https:\/\/sighisoaraonline.com\/content\/radioson-incendiul-de-la-groapa-de-gunoi-a-sighisoarei-poate-dura-zile-intregi\/","name":"RadioSon: Incendiul de la groapa de gunoi a Sighi\u0219oarei poate dura zile \u00eentregi","isPartOf":{"@id":"https:\/\/sighisoaraonline.com\/content\/#website"},"primaryImageOfPage":{"@id":"https:\/\/sighisoaraonline.com\/content\/radioson-incendiul-de-la-groapa-de-gunoi-a-sighisoarei-poate-dura-zile-intregi\/#primaryimage"},"image":{"@id":"https:\/\/sighisoaraonline.com\/content\/radioson-incendiul-de-la-groapa-de-gunoi-a-sighisoarei-poate-dura-zile-intregi\/#primaryimage"},"thumbnailUrl":"https:\/\/sighisoaraonline.com\/content\/wp-content\/uploads\/2019\/09\/20190920_155021_0000.png","datePublished":"2019-09-20T12:50:57+00:00","dateModified":"2019-09-20T12:50:58+00:00","breadcrumb":{"@id":"https:\/\/sighisoaraonline.com\/content\/radioson-incendiul-de-la-groapa-de-gunoi-a-sighisoarei-poate-dura-zile-intregi\/#breadcrumb"},"inLanguage":"en-US","potentialAction":[{"@type":"ReadAction","target":["https:\/\/sighisoaraonline.com\/content\/radioson-incendiul-de-la-groapa-de-gunoi-a-sighisoarei-poate-dura-zile-intregi\/"]}]},{"@type":"ImageObject","inLanguage":"en-US","@id":"https:\/\/sighisoaraonline.com\/content\/radioson-incendiul-de-la-groapa-de-gunoi-a-sighisoarei-poate-dura-zile-intregi\/#primaryimage","url":"https:\/\/sighisoaraonline.com\/content\/wp-content\/uploads\/2019\/09\/20190920_155021_0000.png","contentUrl":"https:\/\/sighisoaraonline.com\/content\/wp-content\/uploads\/2019\/09\/20190920_155021_0000.png","width":1024,"height":512},{"@type":"BreadcrumbList","@id":"https:\/\/sighisoaraonline.com\/content\/radioson-incendiul-de-la-groapa-de-gunoi-a-sighisoarei-poate-dura-zile-intregi\/#breadcrumb","itemListElement":[{"@type":"ListItem","position":1,"name":"Home","item":"https:\/\/sighisoaraonline.com\/content\/"},{"@type":"ListItem","position":2,"name":"RadioSon: Incendiul de la groapa de gunoi a Sighi\u0219oarei poate dura zile \u00eentregi"}]},{"@type":"WebSite","@id":"https:\/\/sighisoaraonline.com\/content\/#website","url":"https:\/\/sighisoaraonline.com\/content\/","name":"Sighisoara","description":"","publisher":{"@id":"https:\/\/sighisoaraonline.com\/content\/#\/schema\/person\/140de7f8d077626585be2e01dfe4cca0"},"potentialAction":[{"@type":"SearchAction","target":{"@type":"EntryPoint","urlTemplate":"https:\/\/sighisoaraonline.com\/content\/?s={search_term_string}"},"query-input":{"@type":"PropertyValueSpecification","valueRequired":true,"valueName":"search_term_string"}}],"inLanguage":"en-US"},{"@type":["Person","Organization"],"@id":"https:\/\/sighisoaraonline.com\/content\/#\/schema\/person\/140de7f8d077626585be2e01dfe4cca0","name":"Sighisoara Online","image":{"@type":"ImageObject","inLanguage":"en-US","@id":"https:\/\/sighisoaraonline.com\/content\/wp-content\/uploads\/2017\/03\/cropped-sigonlinen-1.png","url":"https:\/\/sighisoaraonline.com\/content\/wp-content\/uploads\/2017\/03\/cropped-sigonlinen-1.png","contentUrl":"https:\/\/sighisoaraonline.com\/content\/wp-content\/uploads\/2017\/03\/cropped-sigonlinen-1.png","width":257,"height":60,"caption":"Sighisoara Online"},"logo":{"@id":"https:\/\/sighisoaraonline.com\/content\/wp-content\/uploads\/2017\/03\/cropped-sigonlinen-1.png"},"sameAs":["https:\/\/www.facebook.com\/sighisoaraonline\/","https:\/\/www.instagram.com\/sighisoaraonline\/"],"url":"https:\/\/sighisoaraonline.com\/content\/author\/paul\/"}]}},"_links":{"self":[{"href":"https:\/\/sighisoaraonline.com\/content\/wp-json\/wp\/v2\/posts\/10493","targetHints":{"allow":["GET"]}}],"collection":[{"href":"https:\/\/sighisoaraonline.com\/content\/wp-json\/wp\/v2\/posts"}],"about":[{"href":"https:\/\/sighisoaraonline.com\/content\/wp-json\/wp\/v2\/types\/post"}],"author":[{"embeddable":true,"href":"https:\/\/sighisoaraonline.com\/content\/wp-json\/wp\/v2\/users\/1"}],"replies":[{"embeddable":true,"href":"https:\/\/sighisoaraonline.com\/content\/wp-json\/wp\/v2\/comments?post=10493"}],"version-history":[{"count":1,"href":"https:\/\/sighisoaraonline.com\/content\/wp-json\/wp\/v2\/posts\/10493\/revisions"}],"predecessor-version":[{"id":10495,"href":"https:\/\/sighisoaraonline.com\/content\/wp-json\/wp\/v2\/posts\/10493\/revisions\/10495"}],"wp:featuredmedia":[{"embeddable":true,"href":"https:\/\/sighisoaraonline.com\/content\/wp-json\/wp\/v2\/media\/10494"}],"wp:attachment":[{"href":"https:\/\/sighisoaraonline.com\/content\/wp-json\/wp\/v2\/media?parent=10493"}],"wp:term":[{"taxonomy":"category","embeddable":true,"href":"https:\/\/sighisoaraonline.com\/content\/wp-json\/wp\/v2\/categories?post=10493"},{"taxonomy":"post_tag","embeddable":true,"href":"https:\/\/sighisoaraonline.com\/content\/wp-json\/wp\/v2\/tags?post=10493"}],"curies":[{"name":"wp","href":"https:\/\/api.w.org\/{rel}","templated":true}]}}