{"id":11113,"date":"2020-02-12T16:20:49","date_gmt":"2020-02-12T16:20:49","guid":{"rendered":"https:\/\/sighisoaraonline.com\/content\/?p=11113"},"modified":"2020-02-12T16:20:51","modified_gmt":"2020-02-12T16:20:51","slug":"radioson-la-invitatia-asociatiei-ioana-figan-speranta-si-minune-dorian-popa-vine-la-sighisoara-pentru-a-sustine-un-concert-cu-scop-caritabil","status":"publish","type":"post","link":"https:\/\/sighisoaraonline.com\/content\/radioson-la-invitatia-asociatiei-ioana-figan-speranta-si-minune-dorian-popa-vine-la-sighisoara-pentru-a-sustine-un-concert-cu-scop-caritabil\/","title":{"rendered":"RadioSon: La invita\u021bia Asocia\u021biei Ioana Figan- speran\u021b\u0103 \u0219i minune, Dorian Popa vine la Sighi\u015foara pentru a sus\u021bine un concert cu scop caritabil"},"content":{"rendered":"\n<p>Concert cu scop caritabil la Sighisoara.<\/p>\n\n\n\n<p>La invita\u021bia Asocia\u021biei Ioana Figan- speran\u021b\u0103 \u0219i minune, Dorian Popa vine la Sighi\u015foara pentru a sus\u021bine un concert cu scop caritabil.  Vineri, 21 februarie 2020, de la ora 19:00, la Hotel Imperial,  actorul de televiziune, compozitorul, dansatorul \u0219i c\u00e2nt\u0103re\u021bul  Dorian Popa, va c\u00e2nta \u0219i va dansa al\u0103turi de sighi\u0219oreni \u0219i locuitorii din localit\u0103\u021bile limitrofe.<br>\n\u00cen deschiderea concertului vor dansa trupele Diamonds \u0219i K-boom de la Clubul Copiilor, pregatiti de profesor Cornel Campian.<br>\nPre\u0163ul unui bilet este 50 de lei  iar \u00eencas\u0103rile vor fi folosite pentru Proiectul de reabilitate a Maternit\u0103\u0163ii Sighi\u015foara.<br>\nReprezentan\u021bii Asocia\u021biei   Ioana Figan- speranta si minune \u00ee\u0219i dedic\u0103 de mai bine de un an timp \u0219i resurse pentru reabilitarea Maternit\u0103\u021bii Sighi\u0219oara. <br>\n\u00cen acest proiect s-a implicat comunitatea sighi\u015forean\u0103, firme sighi\u015forene, sighi\u0219oreni care prin prezen\u0163\u0103 \u015fi prin  contribu\u0163ia (fie material\u0103, fie prin munc\u0103) au dat dovad\u0103 de solidaritate, dar \u015fi locuitori din Saschiz,  V\u00e2n\u0103tori, Albe\u015fti \u015fi  Dane\u015f care au participat prin for\u0163\u0103 de munc\u0103 \u015fi dona\u0163ii.<br>\nDe data aceasta particip\u00e2nd la concertul Dorian Popa ne putem aduce contribu\u021bia pentru Proiectul de reabilitate a Maternit\u0103\u0163ii Sighi\u015foara.<\/p>\n","protected":false},"excerpt":{"rendered":"<p>Concert cu scop caritabil la Sighisoara. La invita\u021bia Asocia\u021biei Ioana Figan- speran\u021b\u0103 \u0219i minune, Dorian&#8230;<\/p>\n","protected":false},"author":1,"featured_media":11114,"comment_status":"closed","ping_status":"open","sticky":false,"template":"","format":"standard","meta":{"footnotes":""},"categories":[14],"tags":[],"class_list":["post-11113","post","type-post","status-publish","format-standard","has-post-thumbnail","hentry","category-social"],"yoast_head":"<!-- This site is optimized with the Yoast SEO plugin v27.4 - https:\/\/yoast.com\/product\/yoast-seo-wordpress\/ -->\n<title>RadioSon: La invita\u021bia Asocia\u021biei Ioana Figan- speran\u021b\u0103 \u0219i minune, Dorian Popa vine la Sighi\u015foara pentru a sus\u021bine un concert cu scop caritabil<\/title>\n<meta name=\"robots\" content=\"index, follow, max-snippet:-1, max-image-preview:large, max-video-preview:-1\" \/>\n<link rel=\"canonical\" href=\"https:\/\/sighisoaraonline.com\/content\/radioson-la-invitatia-asociatiei-ioana-figan-speranta-si-minune-dorian-popa-vine-la-sighisoara-pentru-a-sustine-un-concert-cu-scop-caritabil\/\" \/>\n<meta property=\"og:locale\" content=\"en_US\" \/>\n<meta property=\"og:type\" content=\"article\" \/>\n<meta property=\"og:title\" content=\"RadioSon: La invita\u021bia Asocia\u021biei Ioana Figan- speran\u021b\u0103 \u0219i minune, Dorian Popa vine la Sighi\u015foara pentru a sus\u021bine un concert cu scop caritabil\" \/>\n<meta property=\"og:description\" content=\"Concert cu scop caritabil la Sighisoara. La invita\u021bia Asocia\u021biei Ioana Figan- speran\u021b\u0103 \u0219i minune, Dorian...\" \/>\n<meta property=\"og:url\" content=\"https:\/\/sighisoaraonline.com\/content\/radioson-la-invitatia-asociatiei-ioana-figan-speranta-si-minune-dorian-popa-vine-la-sighisoara-pentru-a-sustine-un-concert-cu-scop-caritabil\/\" \/>\n<meta property=\"og:site_name\" content=\"Sighisoara\" \/>\n<meta property=\"article:publisher\" content=\"https:\/\/www.facebook.com\/sighisoaraonline\/\" \/>\n<meta property=\"article:author\" content=\"https:\/\/www.facebook.com\/sighisoaraonline\/\" \/>\n<meta property=\"article:published_time\" content=\"2020-02-12T16:20:49+00:00\" \/>\n<meta property=\"article:modified_time\" content=\"2020-02-12T16:20:51+00:00\" \/>\n<meta property=\"og:image\" content=\"https:\/\/sighisoaraonline.com\/content\/wp-content\/uploads\/2020\/02\/FB_IMG_1581524402083.jpg\" \/>\n\t<meta property=\"og:image:width\" content=\"960\" \/>\n\t<meta property=\"og:image:height\" content=\"678\" \/>\n\t<meta property=\"og:image:type\" content=\"image\/jpeg\" \/>\n<meta name=\"author\" content=\"Sighisoara Online\" \/>\n<meta name=\"twitter:card\" content=\"summary_large_image\" \/>\n<meta name=\"twitter:label1\" content=\"Written by\" \/>\n\t<meta name=\"twitter:data1\" content=\"Sighisoara Online\" \/>\n\t<meta name=\"twitter:label2\" content=\"Est. reading time\" \/>\n\t<meta name=\"twitter:data2\" content=\"1 minute\" \/>\n<script type=\"application\/ld+json\" class=\"yoast-schema-graph\">{\"@context\":\"https:\\\/\\\/schema.org\",\"@graph\":[{\"@type\":\"Article\",\"@id\":\"https:\\\/\\\/sighisoaraonline.com\\\/content\\\/radioson-la-invitatia-asociatiei-ioana-figan-speranta-si-minune-dorian-popa-vine-la-sighisoara-pentru-a-sustine-un-concert-cu-scop-caritabil\\\/#article\",\"isPartOf\":{\"@id\":\"https:\\\/\\\/sighisoaraonline.com\\\/content\\\/radioson-la-invitatia-asociatiei-ioana-figan-speranta-si-minune-dorian-popa-vine-la-sighisoara-pentru-a-sustine-un-concert-cu-scop-caritabil\\\/\"},\"author\":{\"name\":\"Sighisoara Online\",\"@id\":\"https:\\\/\\\/sighisoaraonline.com\\\/content\\\/#\\\/schema\\\/person\\\/140de7f8d077626585be2e01dfe4cca0\"},\"headline\":\"RadioSon: La invita\u021bia Asocia\u021biei Ioana Figan- speran\u021b\u0103 \u0219i minune, Dorian Popa vine la Sighi\u015foara pentru a sus\u021bine un concert cu scop caritabil\",\"datePublished\":\"2020-02-12T16:20:49+00:00\",\"dateModified\":\"2020-02-12T16:20:51+00:00\",\"mainEntityOfPage\":{\"@id\":\"https:\\\/\\\/sighisoaraonline.com\\\/content\\\/radioson-la-invitatia-asociatiei-ioana-figan-speranta-si-minune-dorian-popa-vine-la-sighisoara-pentru-a-sustine-un-concert-cu-scop-caritabil\\\/\"},\"wordCount\":235,\"publisher\":{\"@id\":\"https:\\\/\\\/sighisoaraonline.com\\\/content\\\/#\\\/schema\\\/person\\\/140de7f8d077626585be2e01dfe4cca0\"},\"image\":{\"@id\":\"https:\\\/\\\/sighisoaraonline.com\\\/content\\\/radioson-la-invitatia-asociatiei-ioana-figan-speranta-si-minune-dorian-popa-vine-la-sighisoara-pentru-a-sustine-un-concert-cu-scop-caritabil\\\/#primaryimage\"},\"thumbnailUrl\":\"https:\\\/\\\/sighisoaraonline.com\\\/content\\\/wp-content\\\/uploads\\\/2020\\\/02\\\/FB_IMG_1581524402083.jpg\",\"articleSection\":[\"Social\"],\"inLanguage\":\"en-US\"},{\"@type\":\"WebPage\",\"@id\":\"https:\\\/\\\/sighisoaraonline.com\\\/content\\\/radioson-la-invitatia-asociatiei-ioana-figan-speranta-si-minune-dorian-popa-vine-la-sighisoara-pentru-a-sustine-un-concert-cu-scop-caritabil\\\/\",\"url\":\"https:\\\/\\\/sighisoaraonline.com\\\/content\\\/radioson-la-invitatia-asociatiei-ioana-figan-speranta-si-minune-dorian-popa-vine-la-sighisoara-pentru-a-sustine-un-concert-cu-scop-caritabil\\\/\",\"name\":\"RadioSon: La invita\u021bia Asocia\u021biei Ioana Figan- speran\u021b\u0103 \u0219i minune, Dorian Popa vine la Sighi\u015foara pentru a sus\u021bine un concert cu scop caritabil\",\"isPartOf\":{\"@id\":\"https:\\\/\\\/sighisoaraonline.com\\\/content\\\/#website\"},\"primaryImageOfPage\":{\"@id\":\"https:\\\/\\\/sighisoaraonline.com\\\/content\\\/radioson-la-invitatia-asociatiei-ioana-figan-speranta-si-minune-dorian-popa-vine-la-sighisoara-pentru-a-sustine-un-concert-cu-scop-caritabil\\\/#primaryimage\"},\"image\":{\"@id\":\"https:\\\/\\\/sighisoaraonline.com\\\/content\\\/radioson-la-invitatia-asociatiei-ioana-figan-speranta-si-minune-dorian-popa-vine-la-sighisoara-pentru-a-sustine-un-concert-cu-scop-caritabil\\\/#primaryimage\"},\"thumbnailUrl\":\"https:\\\/\\\/sighisoaraonline.com\\\/content\\\/wp-content\\\/uploads\\\/2020\\\/02\\\/FB_IMG_1581524402083.jpg\",\"datePublished\":\"2020-02-12T16:20:49+00:00\",\"dateModified\":\"2020-02-12T16:20:51+00:00\",\"breadcrumb\":{\"@id\":\"https:\\\/\\\/sighisoaraonline.com\\\/content\\\/radioson-la-invitatia-asociatiei-ioana-figan-speranta-si-minune-dorian-popa-vine-la-sighisoara-pentru-a-sustine-un-concert-cu-scop-caritabil\\\/#breadcrumb\"},\"inLanguage\":\"en-US\",\"potentialAction\":[{\"@type\":\"ReadAction\",\"target\":[\"https:\\\/\\\/sighisoaraonline.com\\\/content\\\/radioson-la-invitatia-asociatiei-ioana-figan-speranta-si-minune-dorian-popa-vine-la-sighisoara-pentru-a-sustine-un-concert-cu-scop-caritabil\\\/\"]}]},{\"@type\":\"ImageObject\",\"inLanguage\":\"en-US\",\"@id\":\"https:\\\/\\\/sighisoaraonline.com\\\/content\\\/radioson-la-invitatia-asociatiei-ioana-figan-speranta-si-minune-dorian-popa-vine-la-sighisoara-pentru-a-sustine-un-concert-cu-scop-caritabil\\\/#primaryimage\",\"url\":\"https:\\\/\\\/sighisoaraonline.com\\\/content\\\/wp-content\\\/uploads\\\/2020\\\/02\\\/FB_IMG_1581524402083.jpg\",\"contentUrl\":\"https:\\\/\\\/sighisoaraonline.com\\\/content\\\/wp-content\\\/uploads\\\/2020\\\/02\\\/FB_IMG_1581524402083.jpg\",\"width\":960,\"height\":678},{\"@type\":\"BreadcrumbList\",\"@id\":\"https:\\\/\\\/sighisoaraonline.com\\\/content\\\/radioson-la-invitatia-asociatiei-ioana-figan-speranta-si-minune-dorian-popa-vine-la-sighisoara-pentru-a-sustine-un-concert-cu-scop-caritabil\\\/#breadcrumb\",\"itemListElement\":[{\"@type\":\"ListItem\",\"position\":1,\"name\":\"Home\",\"item\":\"https:\\\/\\\/sighisoaraonline.com\\\/content\\\/\"},{\"@type\":\"ListItem\",\"position\":2,\"name\":\"RadioSon: La invita\u021bia Asocia\u021biei Ioana Figan- speran\u021b\u0103 \u0219i minune, Dorian Popa vine la Sighi\u015foara pentru a sus\u021bine un concert cu scop caritabil\"}]},{\"@type\":\"WebSite\",\"@id\":\"https:\\\/\\\/sighisoaraonline.com\\\/content\\\/#website\",\"url\":\"https:\\\/\\\/sighisoaraonline.com\\\/content\\\/\",\"name\":\"Sighisoara\",\"description\":\"\",\"publisher\":{\"@id\":\"https:\\\/\\\/sighisoaraonline.com\\\/content\\\/#\\\/schema\\\/person\\\/140de7f8d077626585be2e01dfe4cca0\"},\"potentialAction\":[{\"@type\":\"SearchAction\",\"target\":{\"@type\":\"EntryPoint\",\"urlTemplate\":\"https:\\\/\\\/sighisoaraonline.com\\\/content\\\/?s={search_term_string}\"},\"query-input\":{\"@type\":\"PropertyValueSpecification\",\"valueRequired\":true,\"valueName\":\"search_term_string\"}}],\"inLanguage\":\"en-US\"},{\"@type\":[\"Person\",\"Organization\"],\"@id\":\"https:\\\/\\\/sighisoaraonline.com\\\/content\\\/#\\\/schema\\\/person\\\/140de7f8d077626585be2e01dfe4cca0\",\"name\":\"Sighisoara Online\",\"image\":{\"@type\":\"ImageObject\",\"inLanguage\":\"en-US\",\"@id\":\"https:\\\/\\\/sighisoaraonline.com\\\/content\\\/wp-content\\\/uploads\\\/2017\\\/03\\\/cropped-sigonlinen-1.png\",\"url\":\"https:\\\/\\\/sighisoaraonline.com\\\/content\\\/wp-content\\\/uploads\\\/2017\\\/03\\\/cropped-sigonlinen-1.png\",\"contentUrl\":\"https:\\\/\\\/sighisoaraonline.com\\\/content\\\/wp-content\\\/uploads\\\/2017\\\/03\\\/cropped-sigonlinen-1.png\",\"width\":257,\"height\":60,\"caption\":\"Sighisoara Online\"},\"logo\":{\"@id\":\"https:\\\/\\\/sighisoaraonline.com\\\/content\\\/wp-content\\\/uploads\\\/2017\\\/03\\\/cropped-sigonlinen-1.png\"},\"sameAs\":[\"https:\\\/\\\/www.facebook.com\\\/sighisoaraonline\\\/\",\"https:\\\/\\\/www.instagram.com\\\/sighisoaraonline\\\/\"],\"url\":\"https:\\\/\\\/sighisoaraonline.com\\\/content\\\/author\\\/paul\\\/\"}]}<\/script>\n<!-- \/ Yoast SEO plugin. -->","yoast_head_json":{"title":"RadioSon: La invita\u021bia Asocia\u021biei Ioana Figan- speran\u021b\u0103 \u0219i minune, Dorian Popa vine la Sighi\u015foara pentru a sus\u021bine un concert cu scop caritabil","robots":{"index":"index","follow":"follow","max-snippet":"max-snippet:-1","max-image-preview":"max-image-preview:large","max-video-preview":"max-video-preview:-1"},"canonical":"https:\/\/sighisoaraonline.com\/content\/radioson-la-invitatia-asociatiei-ioana-figan-speranta-si-minune-dorian-popa-vine-la-sighisoara-pentru-a-sustine-un-concert-cu-scop-caritabil\/","og_locale":"en_US","og_type":"article","og_title":"RadioSon: La invita\u021bia Asocia\u021biei Ioana Figan- speran\u021b\u0103 \u0219i minune, Dorian Popa vine la Sighi\u015foara pentru a sus\u021bine un concert cu scop caritabil","og_description":"Concert cu scop caritabil la Sighisoara. La invita\u021bia Asocia\u021biei Ioana Figan- speran\u021b\u0103 \u0219i minune, Dorian...","og_url":"https:\/\/sighisoaraonline.com\/content\/radioson-la-invitatia-asociatiei-ioana-figan-speranta-si-minune-dorian-popa-vine-la-sighisoara-pentru-a-sustine-un-concert-cu-scop-caritabil\/","og_site_name":"Sighisoara","article_publisher":"https:\/\/www.facebook.com\/sighisoaraonline\/","article_author":"https:\/\/www.facebook.com\/sighisoaraonline\/","article_published_time":"2020-02-12T16:20:49+00:00","article_modified_time":"2020-02-12T16:20:51+00:00","og_image":[{"width":960,"height":678,"url":"https:\/\/sighisoaraonline.com\/content\/wp-content\/uploads\/2020\/02\/FB_IMG_1581524402083.jpg","type":"image\/jpeg"}],"author":"Sighisoara Online","twitter_card":"summary_large_image","twitter_misc":{"Written by":"Sighisoara Online","Est. reading time":"1 minute"},"schema":{"@context":"https:\/\/schema.org","@graph":[{"@type":"Article","@id":"https:\/\/sighisoaraonline.com\/content\/radioson-la-invitatia-asociatiei-ioana-figan-speranta-si-minune-dorian-popa-vine-la-sighisoara-pentru-a-sustine-un-concert-cu-scop-caritabil\/#article","isPartOf":{"@id":"https:\/\/sighisoaraonline.com\/content\/radioson-la-invitatia-asociatiei-ioana-figan-speranta-si-minune-dorian-popa-vine-la-sighisoara-pentru-a-sustine-un-concert-cu-scop-caritabil\/"},"author":{"name":"Sighisoara Online","@id":"https:\/\/sighisoaraonline.com\/content\/#\/schema\/person\/140de7f8d077626585be2e01dfe4cca0"},"headline":"RadioSon: La invita\u021bia Asocia\u021biei Ioana Figan- speran\u021b\u0103 \u0219i minune, Dorian Popa vine la Sighi\u015foara pentru a sus\u021bine un concert cu scop caritabil","datePublished":"2020-02-12T16:20:49+00:00","dateModified":"2020-02-12T16:20:51+00:00","mainEntityOfPage":{"@id":"https:\/\/sighisoaraonline.com\/content\/radioson-la-invitatia-asociatiei-ioana-figan-speranta-si-minune-dorian-popa-vine-la-sighisoara-pentru-a-sustine-un-concert-cu-scop-caritabil\/"},"wordCount":235,"publisher":{"@id":"https:\/\/sighisoaraonline.com\/content\/#\/schema\/person\/140de7f8d077626585be2e01dfe4cca0"},"image":{"@id":"https:\/\/sighisoaraonline.com\/content\/radioson-la-invitatia-asociatiei-ioana-figan-speranta-si-minune-dorian-popa-vine-la-sighisoara-pentru-a-sustine-un-concert-cu-scop-caritabil\/#primaryimage"},"thumbnailUrl":"https:\/\/sighisoaraonline.com\/content\/wp-content\/uploads\/2020\/02\/FB_IMG_1581524402083.jpg","articleSection":["Social"],"inLanguage":"en-US"},{"@type":"WebPage","@id":"https:\/\/sighisoaraonline.com\/content\/radioson-la-invitatia-asociatiei-ioana-figan-speranta-si-minune-dorian-popa-vine-la-sighisoara-pentru-a-sustine-un-concert-cu-scop-caritabil\/","url":"https:\/\/sighisoaraonline.com\/content\/radioson-la-invitatia-asociatiei-ioana-figan-speranta-si-minune-dorian-popa-vine-la-sighisoara-pentru-a-sustine-un-concert-cu-scop-caritabil\/","name":"RadioSon: La invita\u021bia Asocia\u021biei Ioana Figan- speran\u021b\u0103 \u0219i minune, Dorian Popa vine la Sighi\u015foara pentru a sus\u021bine un concert cu scop caritabil","isPartOf":{"@id":"https:\/\/sighisoaraonline.com\/content\/#website"},"primaryImageOfPage":{"@id":"https:\/\/sighisoaraonline.com\/content\/radioson-la-invitatia-asociatiei-ioana-figan-speranta-si-minune-dorian-popa-vine-la-sighisoara-pentru-a-sustine-un-concert-cu-scop-caritabil\/#primaryimage"},"image":{"@id":"https:\/\/sighisoaraonline.com\/content\/radioson-la-invitatia-asociatiei-ioana-figan-speranta-si-minune-dorian-popa-vine-la-sighisoara-pentru-a-sustine-un-concert-cu-scop-caritabil\/#primaryimage"},"thumbnailUrl":"https:\/\/sighisoaraonline.com\/content\/wp-content\/uploads\/2020\/02\/FB_IMG_1581524402083.jpg","datePublished":"2020-02-12T16:20:49+00:00","dateModified":"2020-02-12T16:20:51+00:00","breadcrumb":{"@id":"https:\/\/sighisoaraonline.com\/content\/radioson-la-invitatia-asociatiei-ioana-figan-speranta-si-minune-dorian-popa-vine-la-sighisoara-pentru-a-sustine-un-concert-cu-scop-caritabil\/#breadcrumb"},"inLanguage":"en-US","potentialAction":[{"@type":"ReadAction","target":["https:\/\/sighisoaraonline.com\/content\/radioson-la-invitatia-asociatiei-ioana-figan-speranta-si-minune-dorian-popa-vine-la-sighisoara-pentru-a-sustine-un-concert-cu-scop-caritabil\/"]}]},{"@type":"ImageObject","inLanguage":"en-US","@id":"https:\/\/sighisoaraonline.com\/content\/radioson-la-invitatia-asociatiei-ioana-figan-speranta-si-minune-dorian-popa-vine-la-sighisoara-pentru-a-sustine-un-concert-cu-scop-caritabil\/#primaryimage","url":"https:\/\/sighisoaraonline.com\/content\/wp-content\/uploads\/2020\/02\/FB_IMG_1581524402083.jpg","contentUrl":"https:\/\/sighisoaraonline.com\/content\/wp-content\/uploads\/2020\/02\/FB_IMG_1581524402083.jpg","width":960,"height":678},{"@type":"BreadcrumbList","@id":"https:\/\/sighisoaraonline.com\/content\/radioson-la-invitatia-asociatiei-ioana-figan-speranta-si-minune-dorian-popa-vine-la-sighisoara-pentru-a-sustine-un-concert-cu-scop-caritabil\/#breadcrumb","itemListElement":[{"@type":"ListItem","position":1,"name":"Home","item":"https:\/\/sighisoaraonline.com\/content\/"},{"@type":"ListItem","position":2,"name":"RadioSon: La invita\u021bia Asocia\u021biei Ioana Figan- speran\u021b\u0103 \u0219i minune, Dorian Popa vine la Sighi\u015foara pentru a sus\u021bine un concert cu scop caritabil"}]},{"@type":"WebSite","@id":"https:\/\/sighisoaraonline.com\/content\/#website","url":"https:\/\/sighisoaraonline.com\/content\/","name":"Sighisoara","description":"","publisher":{"@id":"https:\/\/sighisoaraonline.com\/content\/#\/schema\/person\/140de7f8d077626585be2e01dfe4cca0"},"potentialAction":[{"@type":"SearchAction","target":{"@type":"EntryPoint","urlTemplate":"https:\/\/sighisoaraonline.com\/content\/?s={search_term_string}"},"query-input":{"@type":"PropertyValueSpecification","valueRequired":true,"valueName":"search_term_string"}}],"inLanguage":"en-US"},{"@type":["Person","Organization"],"@id":"https:\/\/sighisoaraonline.com\/content\/#\/schema\/person\/140de7f8d077626585be2e01dfe4cca0","name":"Sighisoara Online","image":{"@type":"ImageObject","inLanguage":"en-US","@id":"https:\/\/sighisoaraonline.com\/content\/wp-content\/uploads\/2017\/03\/cropped-sigonlinen-1.png","url":"https:\/\/sighisoaraonline.com\/content\/wp-content\/uploads\/2017\/03\/cropped-sigonlinen-1.png","contentUrl":"https:\/\/sighisoaraonline.com\/content\/wp-content\/uploads\/2017\/03\/cropped-sigonlinen-1.png","width":257,"height":60,"caption":"Sighisoara Online"},"logo":{"@id":"https:\/\/sighisoaraonline.com\/content\/wp-content\/uploads\/2017\/03\/cropped-sigonlinen-1.png"},"sameAs":["https:\/\/www.facebook.com\/sighisoaraonline\/","https:\/\/www.instagram.com\/sighisoaraonline\/"],"url":"https:\/\/sighisoaraonline.com\/content\/author\/paul\/"}]}},"_links":{"self":[{"href":"https:\/\/sighisoaraonline.com\/content\/wp-json\/wp\/v2\/posts\/11113","targetHints":{"allow":["GET"]}}],"collection":[{"href":"https:\/\/sighisoaraonline.com\/content\/wp-json\/wp\/v2\/posts"}],"about":[{"href":"https:\/\/sighisoaraonline.com\/content\/wp-json\/wp\/v2\/types\/post"}],"author":[{"embeddable":true,"href":"https:\/\/sighisoaraonline.com\/content\/wp-json\/wp\/v2\/users\/1"}],"replies":[{"embeddable":true,"href":"https:\/\/sighisoaraonline.com\/content\/wp-json\/wp\/v2\/comments?post=11113"}],"version-history":[{"count":1,"href":"https:\/\/sighisoaraonline.com\/content\/wp-json\/wp\/v2\/posts\/11113\/revisions"}],"predecessor-version":[{"id":11115,"href":"https:\/\/sighisoaraonline.com\/content\/wp-json\/wp\/v2\/posts\/11113\/revisions\/11115"}],"wp:featuredmedia":[{"embeddable":true,"href":"https:\/\/sighisoaraonline.com\/content\/wp-json\/wp\/v2\/media\/11114"}],"wp:attachment":[{"href":"https:\/\/sighisoaraonline.com\/content\/wp-json\/wp\/v2\/media?parent=11113"}],"wp:term":[{"taxonomy":"category","embeddable":true,"href":"https:\/\/sighisoaraonline.com\/content\/wp-json\/wp\/v2\/categories?post=11113"},{"taxonomy":"post_tag","embeddable":true,"href":"https:\/\/sighisoaraonline.com\/content\/wp-json\/wp\/v2\/tags?post=11113"}],"curies":[{"name":"wp","href":"https:\/\/api.w.org\/{rel}","templated":true}]}}