{"id":11200,"date":"2020-05-09T17:48:58","date_gmt":"2020-05-09T17:48:58","guid":{"rendered":"https:\/\/sighisoaraonline.com\/content\/?p=11200"},"modified":"2020-05-09T17:49:58","modified_gmt":"2020-05-09T17:49:58","slug":"radioson-salvatori-sighisoreni-intorsi-din-misiune-din-suceava","status":"publish","type":"post","link":"https:\/\/sighisoaraonline.com\/content\/radioson-salvatori-sighisoreni-intorsi-din-misiune-din-suceava\/","title":{"rendered":"RadioSon: Salvatori sighi\u015foreni \u00eentor\u015fi din misiune din Suceava"},"content":{"rendered":"\n<p>Doi pompieri sighi\u015foreni de la Inspectoratul pentru Situa\u021bii de Urgen\u021b\u0103 \u201cHorea\u201d, au fost  trimi\u0219i \u00een misiune la Suceava, pentru a participa la interven\u0163iile de prim ajutor calificat SMURD, al\u0103turi de salvatorii suceveni.<\/p>\n\n\n\n<p>M\u0103sura a fost luat\u0103 ca urmare a deficitului de personal de la Serviciul Jude\u0163ean de Ambulant\u0103 Suceava, determinat de r\u0103sp\u00e2ndirea noului coronavirus. <\/p>\n\n\n\n<p>Cei doi salvatori sighi\u015foreni, care au participat la aceast\u0103 misiune al\u0103turi de al\u0163i \u015fapte colegi de la Inspectoratul Jude\u0163ean pentru Situa\u0163ii de Urgen\u0163\u0103 Horea Mure\u015f, sunt plt. maj. Orban Levente \u015fi plt adj \u015eandru Claudiu.  Acum ace\u015ftia se afl\u0103 \u00een perioada de izolare de 14 zile \u015fi abia dup\u0103 aceast\u0103 perioad\u0103 se vor revedea cu rudele \u015fi prietenii.<\/p>\n","protected":false},"excerpt":{"rendered":"<p>Doi pompieri sighi\u015foreni de la Inspectoratul pentru Situa\u021bii de Urgen\u021b\u0103 \u201cHorea\u201d, au fost trimi\u0219i \u00een&#8230;<\/p>\n","protected":false},"author":1,"featured_media":11202,"comment_status":"closed","ping_status":"open","sticky":false,"template":"","format":"standard","meta":{"footnotes":""},"categories":[14],"tags":[],"class_list":["post-11200","post","type-post","status-publish","format-standard","has-post-thumbnail","hentry","category-social"],"yoast_head":"<!-- This site is optimized with the Yoast SEO plugin v27.4 - https:\/\/yoast.com\/product\/yoast-seo-wordpress\/ -->\n<title>RadioSon: Salvatori sighi\u015foreni \u00eentor\u015fi din misiune din Suceava<\/title>\n<meta name=\"robots\" content=\"index, follow, max-snippet:-1, max-image-preview:large, max-video-preview:-1\" \/>\n<link rel=\"canonical\" href=\"https:\/\/sighisoaraonline.com\/content\/radioson-salvatori-sighisoreni-intorsi-din-misiune-din-suceava\/\" \/>\n<meta property=\"og:locale\" content=\"en_US\" \/>\n<meta property=\"og:type\" content=\"article\" \/>\n<meta property=\"og:title\" content=\"RadioSon: Salvatori sighi\u015foreni \u00eentor\u015fi din misiune din Suceava\" \/>\n<meta property=\"og:description\" content=\"Doi pompieri sighi\u015foreni de la Inspectoratul pentru Situa\u021bii de Urgen\u021b\u0103 \u201cHorea\u201d, au fost trimi\u0219i \u00een...\" \/>\n<meta property=\"og:url\" content=\"https:\/\/sighisoaraonline.com\/content\/radioson-salvatori-sighisoreni-intorsi-din-misiune-din-suceava\/\" \/>\n<meta property=\"og:site_name\" content=\"Sighisoara\" \/>\n<meta property=\"article:publisher\" content=\"https:\/\/www.facebook.com\/sighisoaraonline\/\" \/>\n<meta property=\"article:author\" content=\"https:\/\/www.facebook.com\/sighisoaraonline\/\" \/>\n<meta property=\"article:published_time\" content=\"2020-05-09T17:48:58+00:00\" \/>\n<meta property=\"article:modified_time\" content=\"2020-05-09T17:49:58+00:00\" \/>\n<meta property=\"og:image\" content=\"https:\/\/sighisoaraonline.com\/content\/wp-content\/uploads\/2020\/05\/20200509_204744_0000.png\" \/>\n\t<meta property=\"og:image:width\" content=\"1024\" \/>\n\t<meta property=\"og:image:height\" content=\"512\" \/>\n\t<meta property=\"og:image:type\" content=\"image\/png\" \/>\n<meta name=\"author\" content=\"Sighisoara Online\" \/>\n<meta name=\"twitter:card\" content=\"summary_large_image\" \/>\n<meta name=\"twitter:label1\" content=\"Written by\" \/>\n\t<meta name=\"twitter:data1\" content=\"Sighisoara Online\" \/>\n\t<meta name=\"twitter:label2\" content=\"Est. reading time\" \/>\n\t<meta name=\"twitter:data2\" content=\"1 minute\" \/>\n<script type=\"application\/ld+json\" class=\"yoast-schema-graph\">{\"@context\":\"https:\\\/\\\/schema.org\",\"@graph\":[{\"@type\":\"Article\",\"@id\":\"https:\\\/\\\/sighisoaraonline.com\\\/content\\\/radioson-salvatori-sighisoreni-intorsi-din-misiune-din-suceava\\\/#article\",\"isPartOf\":{\"@id\":\"https:\\\/\\\/sighisoaraonline.com\\\/content\\\/radioson-salvatori-sighisoreni-intorsi-din-misiune-din-suceava\\\/\"},\"author\":{\"name\":\"Sighisoara Online\",\"@id\":\"https:\\\/\\\/sighisoaraonline.com\\\/content\\\/#\\\/schema\\\/person\\\/140de7f8d077626585be2e01dfe4cca0\"},\"headline\":\"RadioSon: Salvatori sighi\u015foreni \u00eentor\u015fi din misiune din Suceava\",\"datePublished\":\"2020-05-09T17:48:58+00:00\",\"dateModified\":\"2020-05-09T17:49:58+00:00\",\"mainEntityOfPage\":{\"@id\":\"https:\\\/\\\/sighisoaraonline.com\\\/content\\\/radioson-salvatori-sighisoreni-intorsi-din-misiune-din-suceava\\\/\"},\"wordCount\":136,\"publisher\":{\"@id\":\"https:\\\/\\\/sighisoaraonline.com\\\/content\\\/#\\\/schema\\\/person\\\/140de7f8d077626585be2e01dfe4cca0\"},\"image\":{\"@id\":\"https:\\\/\\\/sighisoaraonline.com\\\/content\\\/radioson-salvatori-sighisoreni-intorsi-din-misiune-din-suceava\\\/#primaryimage\"},\"thumbnailUrl\":\"https:\\\/\\\/sighisoaraonline.com\\\/content\\\/wp-content\\\/uploads\\\/2020\\\/05\\\/20200509_204744_0000.png\",\"articleSection\":[\"Social\"],\"inLanguage\":\"en-US\"},{\"@type\":\"WebPage\",\"@id\":\"https:\\\/\\\/sighisoaraonline.com\\\/content\\\/radioson-salvatori-sighisoreni-intorsi-din-misiune-din-suceava\\\/\",\"url\":\"https:\\\/\\\/sighisoaraonline.com\\\/content\\\/radioson-salvatori-sighisoreni-intorsi-din-misiune-din-suceava\\\/\",\"name\":\"RadioSon: Salvatori sighi\u015foreni \u00eentor\u015fi din misiune din Suceava\",\"isPartOf\":{\"@id\":\"https:\\\/\\\/sighisoaraonline.com\\\/content\\\/#website\"},\"primaryImageOfPage\":{\"@id\":\"https:\\\/\\\/sighisoaraonline.com\\\/content\\\/radioson-salvatori-sighisoreni-intorsi-din-misiune-din-suceava\\\/#primaryimage\"},\"image\":{\"@id\":\"https:\\\/\\\/sighisoaraonline.com\\\/content\\\/radioson-salvatori-sighisoreni-intorsi-din-misiune-din-suceava\\\/#primaryimage\"},\"thumbnailUrl\":\"https:\\\/\\\/sighisoaraonline.com\\\/content\\\/wp-content\\\/uploads\\\/2020\\\/05\\\/20200509_204744_0000.png\",\"datePublished\":\"2020-05-09T17:48:58+00:00\",\"dateModified\":\"2020-05-09T17:49:58+00:00\",\"breadcrumb\":{\"@id\":\"https:\\\/\\\/sighisoaraonline.com\\\/content\\\/radioson-salvatori-sighisoreni-intorsi-din-misiune-din-suceava\\\/#breadcrumb\"},\"inLanguage\":\"en-US\",\"potentialAction\":[{\"@type\":\"ReadAction\",\"target\":[\"https:\\\/\\\/sighisoaraonline.com\\\/content\\\/radioson-salvatori-sighisoreni-intorsi-din-misiune-din-suceava\\\/\"]}]},{\"@type\":\"ImageObject\",\"inLanguage\":\"en-US\",\"@id\":\"https:\\\/\\\/sighisoaraonline.com\\\/content\\\/radioson-salvatori-sighisoreni-intorsi-din-misiune-din-suceava\\\/#primaryimage\",\"url\":\"https:\\\/\\\/sighisoaraonline.com\\\/content\\\/wp-content\\\/uploads\\\/2020\\\/05\\\/20200509_204744_0000.png\",\"contentUrl\":\"https:\\\/\\\/sighisoaraonline.com\\\/content\\\/wp-content\\\/uploads\\\/2020\\\/05\\\/20200509_204744_0000.png\",\"width\":1024,\"height\":512},{\"@type\":\"BreadcrumbList\",\"@id\":\"https:\\\/\\\/sighisoaraonline.com\\\/content\\\/radioson-salvatori-sighisoreni-intorsi-din-misiune-din-suceava\\\/#breadcrumb\",\"itemListElement\":[{\"@type\":\"ListItem\",\"position\":1,\"name\":\"Home\",\"item\":\"https:\\\/\\\/sighisoaraonline.com\\\/content\\\/\"},{\"@type\":\"ListItem\",\"position\":2,\"name\":\"RadioSon: Salvatori sighi\u015foreni \u00eentor\u015fi din misiune din Suceava\"}]},{\"@type\":\"WebSite\",\"@id\":\"https:\\\/\\\/sighisoaraonline.com\\\/content\\\/#website\",\"url\":\"https:\\\/\\\/sighisoaraonline.com\\\/content\\\/\",\"name\":\"Sighisoara\",\"description\":\"\",\"publisher\":{\"@id\":\"https:\\\/\\\/sighisoaraonline.com\\\/content\\\/#\\\/schema\\\/person\\\/140de7f8d077626585be2e01dfe4cca0\"},\"potentialAction\":[{\"@type\":\"SearchAction\",\"target\":{\"@type\":\"EntryPoint\",\"urlTemplate\":\"https:\\\/\\\/sighisoaraonline.com\\\/content\\\/?s={search_term_string}\"},\"query-input\":{\"@type\":\"PropertyValueSpecification\",\"valueRequired\":true,\"valueName\":\"search_term_string\"}}],\"inLanguage\":\"en-US\"},{\"@type\":[\"Person\",\"Organization\"],\"@id\":\"https:\\\/\\\/sighisoaraonline.com\\\/content\\\/#\\\/schema\\\/person\\\/140de7f8d077626585be2e01dfe4cca0\",\"name\":\"Sighisoara Online\",\"image\":{\"@type\":\"ImageObject\",\"inLanguage\":\"en-US\",\"@id\":\"https:\\\/\\\/sighisoaraonline.com\\\/content\\\/wp-content\\\/uploads\\\/2017\\\/03\\\/cropped-sigonlinen-1.png\",\"url\":\"https:\\\/\\\/sighisoaraonline.com\\\/content\\\/wp-content\\\/uploads\\\/2017\\\/03\\\/cropped-sigonlinen-1.png\",\"contentUrl\":\"https:\\\/\\\/sighisoaraonline.com\\\/content\\\/wp-content\\\/uploads\\\/2017\\\/03\\\/cropped-sigonlinen-1.png\",\"width\":257,\"height\":60,\"caption\":\"Sighisoara Online\"},\"logo\":{\"@id\":\"https:\\\/\\\/sighisoaraonline.com\\\/content\\\/wp-content\\\/uploads\\\/2017\\\/03\\\/cropped-sigonlinen-1.png\"},\"sameAs\":[\"https:\\\/\\\/www.facebook.com\\\/sighisoaraonline\\\/\",\"https:\\\/\\\/www.instagram.com\\\/sighisoaraonline\\\/\"],\"url\":\"https:\\\/\\\/sighisoaraonline.com\\\/content\\\/author\\\/paul\\\/\"}]}<\/script>\n<!-- \/ Yoast SEO plugin. -->","yoast_head_json":{"title":"RadioSon: Salvatori sighi\u015foreni \u00eentor\u015fi din misiune din Suceava","robots":{"index":"index","follow":"follow","max-snippet":"max-snippet:-1","max-image-preview":"max-image-preview:large","max-video-preview":"max-video-preview:-1"},"canonical":"https:\/\/sighisoaraonline.com\/content\/radioson-salvatori-sighisoreni-intorsi-din-misiune-din-suceava\/","og_locale":"en_US","og_type":"article","og_title":"RadioSon: Salvatori sighi\u015foreni \u00eentor\u015fi din misiune din Suceava","og_description":"Doi pompieri sighi\u015foreni de la Inspectoratul pentru Situa\u021bii de Urgen\u021b\u0103 \u201cHorea\u201d, au fost trimi\u0219i \u00een...","og_url":"https:\/\/sighisoaraonline.com\/content\/radioson-salvatori-sighisoreni-intorsi-din-misiune-din-suceava\/","og_site_name":"Sighisoara","article_publisher":"https:\/\/www.facebook.com\/sighisoaraonline\/","article_author":"https:\/\/www.facebook.com\/sighisoaraonline\/","article_published_time":"2020-05-09T17:48:58+00:00","article_modified_time":"2020-05-09T17:49:58+00:00","og_image":[{"width":1024,"height":512,"url":"https:\/\/sighisoaraonline.com\/content\/wp-content\/uploads\/2020\/05\/20200509_204744_0000.png","type":"image\/png"}],"author":"Sighisoara Online","twitter_card":"summary_large_image","twitter_misc":{"Written by":"Sighisoara Online","Est. reading time":"1 minute"},"schema":{"@context":"https:\/\/schema.org","@graph":[{"@type":"Article","@id":"https:\/\/sighisoaraonline.com\/content\/radioson-salvatori-sighisoreni-intorsi-din-misiune-din-suceava\/#article","isPartOf":{"@id":"https:\/\/sighisoaraonline.com\/content\/radioson-salvatori-sighisoreni-intorsi-din-misiune-din-suceava\/"},"author":{"name":"Sighisoara Online","@id":"https:\/\/sighisoaraonline.com\/content\/#\/schema\/person\/140de7f8d077626585be2e01dfe4cca0"},"headline":"RadioSon: Salvatori sighi\u015foreni \u00eentor\u015fi din misiune din Suceava","datePublished":"2020-05-09T17:48:58+00:00","dateModified":"2020-05-09T17:49:58+00:00","mainEntityOfPage":{"@id":"https:\/\/sighisoaraonline.com\/content\/radioson-salvatori-sighisoreni-intorsi-din-misiune-din-suceava\/"},"wordCount":136,"publisher":{"@id":"https:\/\/sighisoaraonline.com\/content\/#\/schema\/person\/140de7f8d077626585be2e01dfe4cca0"},"image":{"@id":"https:\/\/sighisoaraonline.com\/content\/radioson-salvatori-sighisoreni-intorsi-din-misiune-din-suceava\/#primaryimage"},"thumbnailUrl":"https:\/\/sighisoaraonline.com\/content\/wp-content\/uploads\/2020\/05\/20200509_204744_0000.png","articleSection":["Social"],"inLanguage":"en-US"},{"@type":"WebPage","@id":"https:\/\/sighisoaraonline.com\/content\/radioson-salvatori-sighisoreni-intorsi-din-misiune-din-suceava\/","url":"https:\/\/sighisoaraonline.com\/content\/radioson-salvatori-sighisoreni-intorsi-din-misiune-din-suceava\/","name":"RadioSon: Salvatori sighi\u015foreni \u00eentor\u015fi din misiune din Suceava","isPartOf":{"@id":"https:\/\/sighisoaraonline.com\/content\/#website"},"primaryImageOfPage":{"@id":"https:\/\/sighisoaraonline.com\/content\/radioson-salvatori-sighisoreni-intorsi-din-misiune-din-suceava\/#primaryimage"},"image":{"@id":"https:\/\/sighisoaraonline.com\/content\/radioson-salvatori-sighisoreni-intorsi-din-misiune-din-suceava\/#primaryimage"},"thumbnailUrl":"https:\/\/sighisoaraonline.com\/content\/wp-content\/uploads\/2020\/05\/20200509_204744_0000.png","datePublished":"2020-05-09T17:48:58+00:00","dateModified":"2020-05-09T17:49:58+00:00","breadcrumb":{"@id":"https:\/\/sighisoaraonline.com\/content\/radioson-salvatori-sighisoreni-intorsi-din-misiune-din-suceava\/#breadcrumb"},"inLanguage":"en-US","potentialAction":[{"@type":"ReadAction","target":["https:\/\/sighisoaraonline.com\/content\/radioson-salvatori-sighisoreni-intorsi-din-misiune-din-suceava\/"]}]},{"@type":"ImageObject","inLanguage":"en-US","@id":"https:\/\/sighisoaraonline.com\/content\/radioson-salvatori-sighisoreni-intorsi-din-misiune-din-suceava\/#primaryimage","url":"https:\/\/sighisoaraonline.com\/content\/wp-content\/uploads\/2020\/05\/20200509_204744_0000.png","contentUrl":"https:\/\/sighisoaraonline.com\/content\/wp-content\/uploads\/2020\/05\/20200509_204744_0000.png","width":1024,"height":512},{"@type":"BreadcrumbList","@id":"https:\/\/sighisoaraonline.com\/content\/radioson-salvatori-sighisoreni-intorsi-din-misiune-din-suceava\/#breadcrumb","itemListElement":[{"@type":"ListItem","position":1,"name":"Home","item":"https:\/\/sighisoaraonline.com\/content\/"},{"@type":"ListItem","position":2,"name":"RadioSon: Salvatori sighi\u015foreni \u00eentor\u015fi din misiune din Suceava"}]},{"@type":"WebSite","@id":"https:\/\/sighisoaraonline.com\/content\/#website","url":"https:\/\/sighisoaraonline.com\/content\/","name":"Sighisoara","description":"","publisher":{"@id":"https:\/\/sighisoaraonline.com\/content\/#\/schema\/person\/140de7f8d077626585be2e01dfe4cca0"},"potentialAction":[{"@type":"SearchAction","target":{"@type":"EntryPoint","urlTemplate":"https:\/\/sighisoaraonline.com\/content\/?s={search_term_string}"},"query-input":{"@type":"PropertyValueSpecification","valueRequired":true,"valueName":"search_term_string"}}],"inLanguage":"en-US"},{"@type":["Person","Organization"],"@id":"https:\/\/sighisoaraonline.com\/content\/#\/schema\/person\/140de7f8d077626585be2e01dfe4cca0","name":"Sighisoara Online","image":{"@type":"ImageObject","inLanguage":"en-US","@id":"https:\/\/sighisoaraonline.com\/content\/wp-content\/uploads\/2017\/03\/cropped-sigonlinen-1.png","url":"https:\/\/sighisoaraonline.com\/content\/wp-content\/uploads\/2017\/03\/cropped-sigonlinen-1.png","contentUrl":"https:\/\/sighisoaraonline.com\/content\/wp-content\/uploads\/2017\/03\/cropped-sigonlinen-1.png","width":257,"height":60,"caption":"Sighisoara Online"},"logo":{"@id":"https:\/\/sighisoaraonline.com\/content\/wp-content\/uploads\/2017\/03\/cropped-sigonlinen-1.png"},"sameAs":["https:\/\/www.facebook.com\/sighisoaraonline\/","https:\/\/www.instagram.com\/sighisoaraonline\/"],"url":"https:\/\/sighisoaraonline.com\/content\/author\/paul\/"}]}},"_links":{"self":[{"href":"https:\/\/sighisoaraonline.com\/content\/wp-json\/wp\/v2\/posts\/11200","targetHints":{"allow":["GET"]}}],"collection":[{"href":"https:\/\/sighisoaraonline.com\/content\/wp-json\/wp\/v2\/posts"}],"about":[{"href":"https:\/\/sighisoaraonline.com\/content\/wp-json\/wp\/v2\/types\/post"}],"author":[{"embeddable":true,"href":"https:\/\/sighisoaraonline.com\/content\/wp-json\/wp\/v2\/users\/1"}],"replies":[{"embeddable":true,"href":"https:\/\/sighisoaraonline.com\/content\/wp-json\/wp\/v2\/comments?post=11200"}],"version-history":[{"count":2,"href":"https:\/\/sighisoaraonline.com\/content\/wp-json\/wp\/v2\/posts\/11200\/revisions"}],"predecessor-version":[{"id":11203,"href":"https:\/\/sighisoaraonline.com\/content\/wp-json\/wp\/v2\/posts\/11200\/revisions\/11203"}],"wp:featuredmedia":[{"embeddable":true,"href":"https:\/\/sighisoaraonline.com\/content\/wp-json\/wp\/v2\/media\/11202"}],"wp:attachment":[{"href":"https:\/\/sighisoaraonline.com\/content\/wp-json\/wp\/v2\/media?parent=11200"}],"wp:term":[{"taxonomy":"category","embeddable":true,"href":"https:\/\/sighisoaraonline.com\/content\/wp-json\/wp\/v2\/categories?post=11200"},{"taxonomy":"post_tag","embeddable":true,"href":"https:\/\/sighisoaraonline.com\/content\/wp-json\/wp\/v2\/tags?post=11200"}],"curies":[{"name":"wp","href":"https:\/\/api.w.org\/{rel}","templated":true}]}}