{"id":11642,"date":"2020-12-08T17:21:30","date_gmt":"2020-12-08T17:21:30","guid":{"rendered":"https:\/\/sighisoaraonline.com\/content\/?p=11642"},"modified":"2020-12-08T17:21:32","modified_gmt":"2020-12-08T17:21:32","slug":"radioson-pregatiri-pentru-sarbatorile-de-iarna-la-sighisoara","status":"publish","type":"post","link":"https:\/\/sighisoaraonline.com\/content\/radioson-pregatiri-pentru-sarbatorile-de-iarna-la-sighisoara\/","title":{"rendered":"RadioSon: Preg\u0103tiri pentru s\u0103rb\u0103torile de iarn\u0103 la Sighi\u0219oara"},"content":{"rendered":"\n<p>Pe mai multe str\u0103zi din Sighi\u0219oara, \u0219i \u00een centrul ora\u0219ului, precum \u0219i \u00een Cetate, a \u00eenceput instalarea iluminatului de s\u0103rb\u0103tori.<br>Primarul municipiului, Iulian S\u00eerbu, a declarat c\u0103 anul acesta un mare accent se va pune pe Cetatea Sighi\u0219oara unde va fi amplasat \u0219i bradul ce va fi impodobit pentru s\u0103rb\u0103tori. Din p\u0103cate \u00eens\u0103, din cauza pandemiei nu vom avea T\u00e2rg de Cr\u0103ciun \u0219i nici alte spectacole de s\u0103rb\u0103tori.<\/p>\n\n\n\n<p>,,Am \u00eempodobit \u0219i anul acesta centrul Sighi\u0219oarei, drumul E60, am \u00eempodobit \u0219i \u00een Hetiur, iar \u00een m\u0103sura \u00een care ne vor permite materialele achizi\u021bionate, stocul existent, voi \u00eencerca \u00een acest an s\u0103 \u00eempodobesc c\u00e2t mai mult din Sighi\u0219oara, urm\u00e2nd ca anul viitor s\u0103 putem achizi\u021biona materiale noi pentru a le \u00eenlocui pe cele vechi \u0219i uzate, astfel \u00eenc\u00e2t \u00eencet, \u00eencet s\u0103 uniformiz\u0103m \u00eentreg ora\u0219ul.<\/p>\n\n\n\n<p>\u00cen anul acesta Cetatea noastr\u0103 va fi \u00eempodobit\u0103 \u00een straie de s\u0103rb\u0103toare, ne vom concentra foarte mult pe \u00eempodobirea Cet\u0103\u021bii. Bradul de Cr\u0103ciun va fi \u00eempodobit \u00een Pia\u021ba Cet\u0103\u021bii, nu \u00een loca\u021bia tradi\u021bional\u0103 din Parcarea Mitic\u0103, consider c\u0103 loca\u021bia de sus, din Cetate, este mult mai potrivit\u0103 pentru Cr\u0103ciun.<br>Din p\u0103cate pandemia \u0219i legisla\u021bia \u00een vigoare nu ne permit s\u0103 organiz\u0103m T\u00e2rg de Cr\u0103ciun, dar cel pu\u021bin sighi\u0219orenii \u0219i turi\u0219tii prezen\u021bi \u00een Cetate vor avea ocazia s\u0103 se plimbe prin locurile care vor fi \u00eempodobite \u0219i amenajate, \u00een aer liber, \u00eentr-o atmosfer\u0103 de basm, sper eu. \u201c S\u00eerbu Iulian, primar Sighi\u0219oara<\/p>\n","protected":false},"excerpt":{"rendered":"<p>Pe mai multe str\u0103zi din Sighi\u0219oara, \u0219i \u00een centrul ora\u0219ului, precum \u0219i \u00een Cetate, a&#8230;<\/p>\n","protected":false},"author":1,"featured_media":11643,"comment_status":"closed","ping_status":"open","sticky":false,"template":"","format":"standard","meta":{"footnotes":""},"categories":[14],"tags":[],"class_list":["post-11642","post","type-post","status-publish","format-standard","has-post-thumbnail","hentry","category-social"],"yoast_head":"<!-- This site is optimized with the Yoast SEO plugin v27.4 - https:\/\/yoast.com\/product\/yoast-seo-wordpress\/ -->\n<title>RadioSon: Preg\u0103tiri pentru s\u0103rb\u0103torile de iarn\u0103 la Sighi\u0219oara<\/title>\n<meta name=\"robots\" content=\"index, follow, max-snippet:-1, max-image-preview:large, max-video-preview:-1\" \/>\n<link rel=\"canonical\" href=\"https:\/\/sighisoaraonline.com\/content\/radioson-pregatiri-pentru-sarbatorile-de-iarna-la-sighisoara\/\" \/>\n<meta property=\"og:locale\" content=\"en_US\" \/>\n<meta property=\"og:type\" content=\"article\" \/>\n<meta property=\"og:title\" content=\"RadioSon: Preg\u0103tiri pentru s\u0103rb\u0103torile de iarn\u0103 la Sighi\u0219oara\" \/>\n<meta property=\"og:description\" content=\"Pe mai multe str\u0103zi din Sighi\u0219oara, \u0219i \u00een centrul ora\u0219ului, precum \u0219i \u00een Cetate, a...\" \/>\n<meta property=\"og:url\" content=\"https:\/\/sighisoaraonline.com\/content\/radioson-pregatiri-pentru-sarbatorile-de-iarna-la-sighisoara\/\" \/>\n<meta property=\"og:site_name\" content=\"Sighisoara\" \/>\n<meta property=\"article:publisher\" content=\"https:\/\/www.facebook.com\/sighisoaraonline\/\" \/>\n<meta property=\"article:author\" content=\"https:\/\/www.facebook.com\/sighisoaraonline\/\" \/>\n<meta property=\"article:published_time\" content=\"2020-12-08T17:21:30+00:00\" \/>\n<meta property=\"article:modified_time\" content=\"2020-12-08T17:21:32+00:00\" \/>\n<meta property=\"og:image\" content=\"https:\/\/sighisoaraonline.com\/content\/wp-content\/uploads\/2020\/12\/IMG_20201207_183613_copy_1600x1200.jpg\" \/>\n\t<meta property=\"og:image:width\" content=\"1600\" \/>\n\t<meta property=\"og:image:height\" content=\"1200\" \/>\n\t<meta property=\"og:image:type\" content=\"image\/jpeg\" \/>\n<meta name=\"author\" content=\"Sighisoara Online\" \/>\n<meta name=\"twitter:card\" content=\"summary_large_image\" \/>\n<meta name=\"twitter:label1\" content=\"Written by\" \/>\n\t<meta name=\"twitter:data1\" content=\"Sighisoara Online\" \/>\n\t<meta name=\"twitter:label2\" content=\"Est. reading time\" \/>\n\t<meta name=\"twitter:data2\" content=\"1 minute\" \/>\n<script type=\"application\/ld+json\" class=\"yoast-schema-graph\">{\"@context\":\"https:\\\/\\\/schema.org\",\"@graph\":[{\"@type\":\"Article\",\"@id\":\"https:\\\/\\\/sighisoaraonline.com\\\/content\\\/radioson-pregatiri-pentru-sarbatorile-de-iarna-la-sighisoara\\\/#article\",\"isPartOf\":{\"@id\":\"https:\\\/\\\/sighisoaraonline.com\\\/content\\\/radioson-pregatiri-pentru-sarbatorile-de-iarna-la-sighisoara\\\/\"},\"author\":{\"name\":\"Sighisoara Online\",\"@id\":\"https:\\\/\\\/sighisoaraonline.com\\\/content\\\/#\\\/schema\\\/person\\\/140de7f8d077626585be2e01dfe4cca0\"},\"headline\":\"RadioSon: Preg\u0103tiri pentru s\u0103rb\u0103torile de iarn\u0103 la Sighi\u0219oara\",\"datePublished\":\"2020-12-08T17:21:30+00:00\",\"dateModified\":\"2020-12-08T17:21:32+00:00\",\"mainEntityOfPage\":{\"@id\":\"https:\\\/\\\/sighisoaraonline.com\\\/content\\\/radioson-pregatiri-pentru-sarbatorile-de-iarna-la-sighisoara\\\/\"},\"wordCount\":289,\"publisher\":{\"@id\":\"https:\\\/\\\/sighisoaraonline.com\\\/content\\\/#\\\/schema\\\/person\\\/140de7f8d077626585be2e01dfe4cca0\"},\"image\":{\"@id\":\"https:\\\/\\\/sighisoaraonline.com\\\/content\\\/radioson-pregatiri-pentru-sarbatorile-de-iarna-la-sighisoara\\\/#primaryimage\"},\"thumbnailUrl\":\"https:\\\/\\\/sighisoaraonline.com\\\/content\\\/wp-content\\\/uploads\\\/2020\\\/12\\\/IMG_20201207_183613_copy_1600x1200.jpg\",\"articleSection\":[\"Social\"],\"inLanguage\":\"en-US\"},{\"@type\":\"WebPage\",\"@id\":\"https:\\\/\\\/sighisoaraonline.com\\\/content\\\/radioson-pregatiri-pentru-sarbatorile-de-iarna-la-sighisoara\\\/\",\"url\":\"https:\\\/\\\/sighisoaraonline.com\\\/content\\\/radioson-pregatiri-pentru-sarbatorile-de-iarna-la-sighisoara\\\/\",\"name\":\"RadioSon: Preg\u0103tiri pentru s\u0103rb\u0103torile de iarn\u0103 la Sighi\u0219oara\",\"isPartOf\":{\"@id\":\"https:\\\/\\\/sighisoaraonline.com\\\/content\\\/#website\"},\"primaryImageOfPage\":{\"@id\":\"https:\\\/\\\/sighisoaraonline.com\\\/content\\\/radioson-pregatiri-pentru-sarbatorile-de-iarna-la-sighisoara\\\/#primaryimage\"},\"image\":{\"@id\":\"https:\\\/\\\/sighisoaraonline.com\\\/content\\\/radioson-pregatiri-pentru-sarbatorile-de-iarna-la-sighisoara\\\/#primaryimage\"},\"thumbnailUrl\":\"https:\\\/\\\/sighisoaraonline.com\\\/content\\\/wp-content\\\/uploads\\\/2020\\\/12\\\/IMG_20201207_183613_copy_1600x1200.jpg\",\"datePublished\":\"2020-12-08T17:21:30+00:00\",\"dateModified\":\"2020-12-08T17:21:32+00:00\",\"breadcrumb\":{\"@id\":\"https:\\\/\\\/sighisoaraonline.com\\\/content\\\/radioson-pregatiri-pentru-sarbatorile-de-iarna-la-sighisoara\\\/#breadcrumb\"},\"inLanguage\":\"en-US\",\"potentialAction\":[{\"@type\":\"ReadAction\",\"target\":[\"https:\\\/\\\/sighisoaraonline.com\\\/content\\\/radioson-pregatiri-pentru-sarbatorile-de-iarna-la-sighisoara\\\/\"]}]},{\"@type\":\"ImageObject\",\"inLanguage\":\"en-US\",\"@id\":\"https:\\\/\\\/sighisoaraonline.com\\\/content\\\/radioson-pregatiri-pentru-sarbatorile-de-iarna-la-sighisoara\\\/#primaryimage\",\"url\":\"https:\\\/\\\/sighisoaraonline.com\\\/content\\\/wp-content\\\/uploads\\\/2020\\\/12\\\/IMG_20201207_183613_copy_1600x1200.jpg\",\"contentUrl\":\"https:\\\/\\\/sighisoaraonline.com\\\/content\\\/wp-content\\\/uploads\\\/2020\\\/12\\\/IMG_20201207_183613_copy_1600x1200.jpg\",\"width\":1600,\"height\":1200},{\"@type\":\"BreadcrumbList\",\"@id\":\"https:\\\/\\\/sighisoaraonline.com\\\/content\\\/radioson-pregatiri-pentru-sarbatorile-de-iarna-la-sighisoara\\\/#breadcrumb\",\"itemListElement\":[{\"@type\":\"ListItem\",\"position\":1,\"name\":\"Home\",\"item\":\"https:\\\/\\\/sighisoaraonline.com\\\/content\\\/\"},{\"@type\":\"ListItem\",\"position\":2,\"name\":\"RadioSon: Preg\u0103tiri pentru s\u0103rb\u0103torile de iarn\u0103 la Sighi\u0219oara\"}]},{\"@type\":\"WebSite\",\"@id\":\"https:\\\/\\\/sighisoaraonline.com\\\/content\\\/#website\",\"url\":\"https:\\\/\\\/sighisoaraonline.com\\\/content\\\/\",\"name\":\"Sighisoara\",\"description\":\"\",\"publisher\":{\"@id\":\"https:\\\/\\\/sighisoaraonline.com\\\/content\\\/#\\\/schema\\\/person\\\/140de7f8d077626585be2e01dfe4cca0\"},\"potentialAction\":[{\"@type\":\"SearchAction\",\"target\":{\"@type\":\"EntryPoint\",\"urlTemplate\":\"https:\\\/\\\/sighisoaraonline.com\\\/content\\\/?s={search_term_string}\"},\"query-input\":{\"@type\":\"PropertyValueSpecification\",\"valueRequired\":true,\"valueName\":\"search_term_string\"}}],\"inLanguage\":\"en-US\"},{\"@type\":[\"Person\",\"Organization\"],\"@id\":\"https:\\\/\\\/sighisoaraonline.com\\\/content\\\/#\\\/schema\\\/person\\\/140de7f8d077626585be2e01dfe4cca0\",\"name\":\"Sighisoara Online\",\"image\":{\"@type\":\"ImageObject\",\"inLanguage\":\"en-US\",\"@id\":\"https:\\\/\\\/sighisoaraonline.com\\\/content\\\/wp-content\\\/uploads\\\/2017\\\/03\\\/cropped-sigonlinen-1.png\",\"url\":\"https:\\\/\\\/sighisoaraonline.com\\\/content\\\/wp-content\\\/uploads\\\/2017\\\/03\\\/cropped-sigonlinen-1.png\",\"contentUrl\":\"https:\\\/\\\/sighisoaraonline.com\\\/content\\\/wp-content\\\/uploads\\\/2017\\\/03\\\/cropped-sigonlinen-1.png\",\"width\":257,\"height\":60,\"caption\":\"Sighisoara Online\"},\"logo\":{\"@id\":\"https:\\\/\\\/sighisoaraonline.com\\\/content\\\/wp-content\\\/uploads\\\/2017\\\/03\\\/cropped-sigonlinen-1.png\"},\"sameAs\":[\"https:\\\/\\\/www.facebook.com\\\/sighisoaraonline\\\/\",\"https:\\\/\\\/www.instagram.com\\\/sighisoaraonline\\\/\"],\"url\":\"https:\\\/\\\/sighisoaraonline.com\\\/content\\\/author\\\/paul\\\/\"}]}<\/script>\n<!-- \/ Yoast SEO plugin. -->","yoast_head_json":{"title":"RadioSon: Preg\u0103tiri pentru s\u0103rb\u0103torile de iarn\u0103 la Sighi\u0219oara","robots":{"index":"index","follow":"follow","max-snippet":"max-snippet:-1","max-image-preview":"max-image-preview:large","max-video-preview":"max-video-preview:-1"},"canonical":"https:\/\/sighisoaraonline.com\/content\/radioson-pregatiri-pentru-sarbatorile-de-iarna-la-sighisoara\/","og_locale":"en_US","og_type":"article","og_title":"RadioSon: Preg\u0103tiri pentru s\u0103rb\u0103torile de iarn\u0103 la Sighi\u0219oara","og_description":"Pe mai multe str\u0103zi din Sighi\u0219oara, \u0219i \u00een centrul ora\u0219ului, precum \u0219i \u00een Cetate, a...","og_url":"https:\/\/sighisoaraonline.com\/content\/radioson-pregatiri-pentru-sarbatorile-de-iarna-la-sighisoara\/","og_site_name":"Sighisoara","article_publisher":"https:\/\/www.facebook.com\/sighisoaraonline\/","article_author":"https:\/\/www.facebook.com\/sighisoaraonline\/","article_published_time":"2020-12-08T17:21:30+00:00","article_modified_time":"2020-12-08T17:21:32+00:00","og_image":[{"width":1600,"height":1200,"url":"https:\/\/sighisoaraonline.com\/content\/wp-content\/uploads\/2020\/12\/IMG_20201207_183613_copy_1600x1200.jpg","type":"image\/jpeg"}],"author":"Sighisoara Online","twitter_card":"summary_large_image","twitter_misc":{"Written by":"Sighisoara Online","Est. reading time":"1 minute"},"schema":{"@context":"https:\/\/schema.org","@graph":[{"@type":"Article","@id":"https:\/\/sighisoaraonline.com\/content\/radioson-pregatiri-pentru-sarbatorile-de-iarna-la-sighisoara\/#article","isPartOf":{"@id":"https:\/\/sighisoaraonline.com\/content\/radioson-pregatiri-pentru-sarbatorile-de-iarna-la-sighisoara\/"},"author":{"name":"Sighisoara Online","@id":"https:\/\/sighisoaraonline.com\/content\/#\/schema\/person\/140de7f8d077626585be2e01dfe4cca0"},"headline":"RadioSon: Preg\u0103tiri pentru s\u0103rb\u0103torile de iarn\u0103 la Sighi\u0219oara","datePublished":"2020-12-08T17:21:30+00:00","dateModified":"2020-12-08T17:21:32+00:00","mainEntityOfPage":{"@id":"https:\/\/sighisoaraonline.com\/content\/radioson-pregatiri-pentru-sarbatorile-de-iarna-la-sighisoara\/"},"wordCount":289,"publisher":{"@id":"https:\/\/sighisoaraonline.com\/content\/#\/schema\/person\/140de7f8d077626585be2e01dfe4cca0"},"image":{"@id":"https:\/\/sighisoaraonline.com\/content\/radioson-pregatiri-pentru-sarbatorile-de-iarna-la-sighisoara\/#primaryimage"},"thumbnailUrl":"https:\/\/sighisoaraonline.com\/content\/wp-content\/uploads\/2020\/12\/IMG_20201207_183613_copy_1600x1200.jpg","articleSection":["Social"],"inLanguage":"en-US"},{"@type":"WebPage","@id":"https:\/\/sighisoaraonline.com\/content\/radioson-pregatiri-pentru-sarbatorile-de-iarna-la-sighisoara\/","url":"https:\/\/sighisoaraonline.com\/content\/radioson-pregatiri-pentru-sarbatorile-de-iarna-la-sighisoara\/","name":"RadioSon: Preg\u0103tiri pentru s\u0103rb\u0103torile de iarn\u0103 la Sighi\u0219oara","isPartOf":{"@id":"https:\/\/sighisoaraonline.com\/content\/#website"},"primaryImageOfPage":{"@id":"https:\/\/sighisoaraonline.com\/content\/radioson-pregatiri-pentru-sarbatorile-de-iarna-la-sighisoara\/#primaryimage"},"image":{"@id":"https:\/\/sighisoaraonline.com\/content\/radioson-pregatiri-pentru-sarbatorile-de-iarna-la-sighisoara\/#primaryimage"},"thumbnailUrl":"https:\/\/sighisoaraonline.com\/content\/wp-content\/uploads\/2020\/12\/IMG_20201207_183613_copy_1600x1200.jpg","datePublished":"2020-12-08T17:21:30+00:00","dateModified":"2020-12-08T17:21:32+00:00","breadcrumb":{"@id":"https:\/\/sighisoaraonline.com\/content\/radioson-pregatiri-pentru-sarbatorile-de-iarna-la-sighisoara\/#breadcrumb"},"inLanguage":"en-US","potentialAction":[{"@type":"ReadAction","target":["https:\/\/sighisoaraonline.com\/content\/radioson-pregatiri-pentru-sarbatorile-de-iarna-la-sighisoara\/"]}]},{"@type":"ImageObject","inLanguage":"en-US","@id":"https:\/\/sighisoaraonline.com\/content\/radioson-pregatiri-pentru-sarbatorile-de-iarna-la-sighisoara\/#primaryimage","url":"https:\/\/sighisoaraonline.com\/content\/wp-content\/uploads\/2020\/12\/IMG_20201207_183613_copy_1600x1200.jpg","contentUrl":"https:\/\/sighisoaraonline.com\/content\/wp-content\/uploads\/2020\/12\/IMG_20201207_183613_copy_1600x1200.jpg","width":1600,"height":1200},{"@type":"BreadcrumbList","@id":"https:\/\/sighisoaraonline.com\/content\/radioson-pregatiri-pentru-sarbatorile-de-iarna-la-sighisoara\/#breadcrumb","itemListElement":[{"@type":"ListItem","position":1,"name":"Home","item":"https:\/\/sighisoaraonline.com\/content\/"},{"@type":"ListItem","position":2,"name":"RadioSon: Preg\u0103tiri pentru s\u0103rb\u0103torile de iarn\u0103 la Sighi\u0219oara"}]},{"@type":"WebSite","@id":"https:\/\/sighisoaraonline.com\/content\/#website","url":"https:\/\/sighisoaraonline.com\/content\/","name":"Sighisoara","description":"","publisher":{"@id":"https:\/\/sighisoaraonline.com\/content\/#\/schema\/person\/140de7f8d077626585be2e01dfe4cca0"},"potentialAction":[{"@type":"SearchAction","target":{"@type":"EntryPoint","urlTemplate":"https:\/\/sighisoaraonline.com\/content\/?s={search_term_string}"},"query-input":{"@type":"PropertyValueSpecification","valueRequired":true,"valueName":"search_term_string"}}],"inLanguage":"en-US"},{"@type":["Person","Organization"],"@id":"https:\/\/sighisoaraonline.com\/content\/#\/schema\/person\/140de7f8d077626585be2e01dfe4cca0","name":"Sighisoara Online","image":{"@type":"ImageObject","inLanguage":"en-US","@id":"https:\/\/sighisoaraonline.com\/content\/wp-content\/uploads\/2017\/03\/cropped-sigonlinen-1.png","url":"https:\/\/sighisoaraonline.com\/content\/wp-content\/uploads\/2017\/03\/cropped-sigonlinen-1.png","contentUrl":"https:\/\/sighisoaraonline.com\/content\/wp-content\/uploads\/2017\/03\/cropped-sigonlinen-1.png","width":257,"height":60,"caption":"Sighisoara Online"},"logo":{"@id":"https:\/\/sighisoaraonline.com\/content\/wp-content\/uploads\/2017\/03\/cropped-sigonlinen-1.png"},"sameAs":["https:\/\/www.facebook.com\/sighisoaraonline\/","https:\/\/www.instagram.com\/sighisoaraonline\/"],"url":"https:\/\/sighisoaraonline.com\/content\/author\/paul\/"}]}},"_links":{"self":[{"href":"https:\/\/sighisoaraonline.com\/content\/wp-json\/wp\/v2\/posts\/11642","targetHints":{"allow":["GET"]}}],"collection":[{"href":"https:\/\/sighisoaraonline.com\/content\/wp-json\/wp\/v2\/posts"}],"about":[{"href":"https:\/\/sighisoaraonline.com\/content\/wp-json\/wp\/v2\/types\/post"}],"author":[{"embeddable":true,"href":"https:\/\/sighisoaraonline.com\/content\/wp-json\/wp\/v2\/users\/1"}],"replies":[{"embeddable":true,"href":"https:\/\/sighisoaraonline.com\/content\/wp-json\/wp\/v2\/comments?post=11642"}],"version-history":[{"count":1,"href":"https:\/\/sighisoaraonline.com\/content\/wp-json\/wp\/v2\/posts\/11642\/revisions"}],"predecessor-version":[{"id":11644,"href":"https:\/\/sighisoaraonline.com\/content\/wp-json\/wp\/v2\/posts\/11642\/revisions\/11644"}],"wp:featuredmedia":[{"embeddable":true,"href":"https:\/\/sighisoaraonline.com\/content\/wp-json\/wp\/v2\/media\/11643"}],"wp:attachment":[{"href":"https:\/\/sighisoaraonline.com\/content\/wp-json\/wp\/v2\/media?parent=11642"}],"wp:term":[{"taxonomy":"category","embeddable":true,"href":"https:\/\/sighisoaraonline.com\/content\/wp-json\/wp\/v2\/categories?post=11642"},{"taxonomy":"post_tag","embeddable":true,"href":"https:\/\/sighisoaraonline.com\/content\/wp-json\/wp\/v2\/tags?post=11642"}],"curies":[{"name":"wp","href":"https:\/\/api.w.org\/{rel}","templated":true}]}}