{"id":3181,"date":"2017-07-22T19:44:41","date_gmt":"2017-07-22T19:44:41","guid":{"rendered":"http:\/\/sighisoaraonline.com\/content\/?p=3181"},"modified":"2017-07-22T19:45:25","modified_gmt":"2017-07-22T19:45:25","slug":"digi24-contractul-social-de-la-viscri-adoptat-si-in-europa","status":"publish","type":"post","link":"https:\/\/sighisoaraonline.com\/content\/digi24-contractul-social-de-la-viscri-adoptat-si-in-europa\/","title":{"rendered":"Digi24: &#8220;Contractul social&#8221; de la Viscri, adoptat si in Europa"},"content":{"rendered":"<p><strong>Viscri, satul f\u0103cut celebru de prin\u0163ul Charles, a devenit un model de urmat \u00een Europa. Locuitorii au semnat un &#8220;contract social&#8221; \u015fi acela\u015fi lucru trebuie s\u0103 \u00eel fac\u0103 oricine vrea s\u0103 se stabileasc\u0103 \u00een localitate.<\/strong><\/p>\n<p>Prin acest \u201econtract social&#8221; fiecare localnic se angajeaz\u0103 s\u0103 p\u0103streze identitatea satului, s\u0103 \u00eel protejeze.\u00a0Se sf\u0103tuiesc asupra modific\u0103rilor pe care le aduc propriilor locuin\u021be, drumurilor, cum s\u0103 \u00ee\u0219i dezvolte micile afaceri me\u0219te\u0219ug\u0103re\u0219ti, care este viteza ma\u0219inilor \u00een sat, stabilesc regulile privind depozitarea gunoiului sau cur\u0103\u021barea uli\u021belor. sursa: <a href=\"http:\/\/www.digi24.ro\" target=\"_blank\" rel=\"noopener\">www.digi24.ro<\/a><\/p>\n<p><iframe loading=\"lazy\" src=\"http:\/\/www.digi24.ro\/embed\/stiri\/actualitate\/social\/contractul-social-de-la-viscri-adoptat-si-in-europa-764167?video=0&amp;width=570&amp;height=320\" width=\"570\" height=\"320\" frameborder=\"0\" marginwidth=\"0\" marginheight=\"0\" scrolling=\"No\" align=\"top\" allowfullscreen=\"allowfullscreen\"><\/iframe><\/p>\n","protected":false},"excerpt":{"rendered":"<p>Viscri, satul f\u0103cut celebru de prin\u0163ul Charles, a devenit un model de urmat \u00een Europa&#8230;.<\/p>\n","protected":false},"author":1,"featured_media":3183,"comment_status":"closed","ping_status":"open","sticky":false,"template":"","format":"standard","meta":{"footnotes":""},"categories":[14],"tags":[],"class_list":["post-3181","post","type-post","status-publish","format-standard","has-post-thumbnail","hentry","category-social"],"yoast_head":"<!-- This site is optimized with the Yoast SEO plugin v27.4 - https:\/\/yoast.com\/product\/yoast-seo-wordpress\/ -->\n<title>Digi24: &quot;Contractul social&quot; de la Viscri, adoptat si in Europa<\/title>\n<meta name=\"robots\" content=\"index, follow, max-snippet:-1, max-image-preview:large, max-video-preview:-1\" \/>\n<link rel=\"canonical\" href=\"https:\/\/sighisoaraonline.com\/content\/digi24-contractul-social-de-la-viscri-adoptat-si-in-europa\/\" \/>\n<meta property=\"og:locale\" content=\"en_US\" \/>\n<meta property=\"og:type\" content=\"article\" \/>\n<meta property=\"og:title\" content=\"Digi24: &quot;Contractul social&quot; de la Viscri, adoptat si in Europa\" \/>\n<meta property=\"og:description\" content=\"Viscri, satul f\u0103cut celebru de prin\u0163ul Charles, a devenit un model de urmat \u00een Europa....\" \/>\n<meta property=\"og:url\" content=\"https:\/\/sighisoaraonline.com\/content\/digi24-contractul-social-de-la-viscri-adoptat-si-in-europa\/\" \/>\n<meta property=\"og:site_name\" content=\"Sighisoara\" \/>\n<meta property=\"article:publisher\" content=\"https:\/\/www.facebook.com\/sighisoaraonline\/\" \/>\n<meta property=\"article:author\" content=\"https:\/\/www.facebook.com\/sighisoaraonline\/\" \/>\n<meta property=\"article:published_time\" content=\"2017-07-22T19:44:41+00:00\" \/>\n<meta property=\"article:modified_time\" content=\"2017-07-22T19:45:25+00:00\" \/>\n<meta property=\"og:image\" content=\"https:\/\/sighisoaraonline.com\/content\/wp-content\/uploads\/2017\/07\/contract-viscri-1.png\" \/>\n\t<meta property=\"og:image:width\" content=\"1920\" \/>\n\t<meta property=\"og:image:height\" content=\"1200\" \/>\n\t<meta property=\"og:image:type\" content=\"image\/png\" \/>\n<meta name=\"author\" content=\"Sighisoara Online\" \/>\n<meta name=\"twitter:card\" content=\"summary_large_image\" \/>\n<meta name=\"twitter:label1\" content=\"Written by\" \/>\n\t<meta name=\"twitter:data1\" content=\"Sighisoara Online\" \/>\n\t<meta name=\"twitter:label2\" content=\"Est. reading time\" \/>\n\t<meta name=\"twitter:data2\" content=\"1 minute\" \/>\n<script type=\"application\/ld+json\" class=\"yoast-schema-graph\">{\"@context\":\"https:\\\/\\\/schema.org\",\"@graph\":[{\"@type\":\"Article\",\"@id\":\"https:\\\/\\\/sighisoaraonline.com\\\/content\\\/digi24-contractul-social-de-la-viscri-adoptat-si-in-europa\\\/#article\",\"isPartOf\":{\"@id\":\"https:\\\/\\\/sighisoaraonline.com\\\/content\\\/digi24-contractul-social-de-la-viscri-adoptat-si-in-europa\\\/\"},\"author\":{\"name\":\"Sighisoara Online\",\"@id\":\"https:\\\/\\\/sighisoaraonline.com\\\/content\\\/#\\\/schema\\\/person\\\/140de7f8d077626585be2e01dfe4cca0\"},\"headline\":\"Digi24: &#8220;Contractul social&#8221; de la Viscri, adoptat si in Europa\",\"datePublished\":\"2017-07-22T19:44:41+00:00\",\"dateModified\":\"2017-07-22T19:45:25+00:00\",\"mainEntityOfPage\":{\"@id\":\"https:\\\/\\\/sighisoaraonline.com\\\/content\\\/digi24-contractul-social-de-la-viscri-adoptat-si-in-europa\\\/\"},\"wordCount\":110,\"publisher\":{\"@id\":\"https:\\\/\\\/sighisoaraonline.com\\\/content\\\/#\\\/schema\\\/person\\\/140de7f8d077626585be2e01dfe4cca0\"},\"image\":{\"@id\":\"https:\\\/\\\/sighisoaraonline.com\\\/content\\\/digi24-contractul-social-de-la-viscri-adoptat-si-in-europa\\\/#primaryimage\"},\"thumbnailUrl\":\"https:\\\/\\\/sighisoaraonline.com\\\/content\\\/wp-content\\\/uploads\\\/2017\\\/07\\\/contract-viscri-1.png\",\"articleSection\":[\"Social\"],\"inLanguage\":\"en-US\"},{\"@type\":\"WebPage\",\"@id\":\"https:\\\/\\\/sighisoaraonline.com\\\/content\\\/digi24-contractul-social-de-la-viscri-adoptat-si-in-europa\\\/\",\"url\":\"https:\\\/\\\/sighisoaraonline.com\\\/content\\\/digi24-contractul-social-de-la-viscri-adoptat-si-in-europa\\\/\",\"name\":\"Digi24: \\\"Contractul social\\\" de la Viscri, adoptat si in Europa\",\"isPartOf\":{\"@id\":\"https:\\\/\\\/sighisoaraonline.com\\\/content\\\/#website\"},\"primaryImageOfPage\":{\"@id\":\"https:\\\/\\\/sighisoaraonline.com\\\/content\\\/digi24-contractul-social-de-la-viscri-adoptat-si-in-europa\\\/#primaryimage\"},\"image\":{\"@id\":\"https:\\\/\\\/sighisoaraonline.com\\\/content\\\/digi24-contractul-social-de-la-viscri-adoptat-si-in-europa\\\/#primaryimage\"},\"thumbnailUrl\":\"https:\\\/\\\/sighisoaraonline.com\\\/content\\\/wp-content\\\/uploads\\\/2017\\\/07\\\/contract-viscri-1.png\",\"datePublished\":\"2017-07-22T19:44:41+00:00\",\"dateModified\":\"2017-07-22T19:45:25+00:00\",\"breadcrumb\":{\"@id\":\"https:\\\/\\\/sighisoaraonline.com\\\/content\\\/digi24-contractul-social-de-la-viscri-adoptat-si-in-europa\\\/#breadcrumb\"},\"inLanguage\":\"en-US\",\"potentialAction\":[{\"@type\":\"ReadAction\",\"target\":[\"https:\\\/\\\/sighisoaraonline.com\\\/content\\\/digi24-contractul-social-de-la-viscri-adoptat-si-in-europa\\\/\"]}]},{\"@type\":\"ImageObject\",\"inLanguage\":\"en-US\",\"@id\":\"https:\\\/\\\/sighisoaraonline.com\\\/content\\\/digi24-contractul-social-de-la-viscri-adoptat-si-in-europa\\\/#primaryimage\",\"url\":\"https:\\\/\\\/sighisoaraonline.com\\\/content\\\/wp-content\\\/uploads\\\/2017\\\/07\\\/contract-viscri-1.png\",\"contentUrl\":\"https:\\\/\\\/sighisoaraonline.com\\\/content\\\/wp-content\\\/uploads\\\/2017\\\/07\\\/contract-viscri-1.png\",\"width\":1920,\"height\":1200},{\"@type\":\"BreadcrumbList\",\"@id\":\"https:\\\/\\\/sighisoaraonline.com\\\/content\\\/digi24-contractul-social-de-la-viscri-adoptat-si-in-europa\\\/#breadcrumb\",\"itemListElement\":[{\"@type\":\"ListItem\",\"position\":1,\"name\":\"Home\",\"item\":\"https:\\\/\\\/sighisoaraonline.com\\\/content\\\/\"},{\"@type\":\"ListItem\",\"position\":2,\"name\":\"Digi24: &#8220;Contractul social&#8221; de la Viscri, adoptat si in Europa\"}]},{\"@type\":\"WebSite\",\"@id\":\"https:\\\/\\\/sighisoaraonline.com\\\/content\\\/#website\",\"url\":\"https:\\\/\\\/sighisoaraonline.com\\\/content\\\/\",\"name\":\"Sighisoara\",\"description\":\"\",\"publisher\":{\"@id\":\"https:\\\/\\\/sighisoaraonline.com\\\/content\\\/#\\\/schema\\\/person\\\/140de7f8d077626585be2e01dfe4cca0\"},\"potentialAction\":[{\"@type\":\"SearchAction\",\"target\":{\"@type\":\"EntryPoint\",\"urlTemplate\":\"https:\\\/\\\/sighisoaraonline.com\\\/content\\\/?s={search_term_string}\"},\"query-input\":{\"@type\":\"PropertyValueSpecification\",\"valueRequired\":true,\"valueName\":\"search_term_string\"}}],\"inLanguage\":\"en-US\"},{\"@type\":[\"Person\",\"Organization\"],\"@id\":\"https:\\\/\\\/sighisoaraonline.com\\\/content\\\/#\\\/schema\\\/person\\\/140de7f8d077626585be2e01dfe4cca0\",\"name\":\"Sighisoara Online\",\"image\":{\"@type\":\"ImageObject\",\"inLanguage\":\"en-US\",\"@id\":\"https:\\\/\\\/sighisoaraonline.com\\\/content\\\/wp-content\\\/uploads\\\/2017\\\/03\\\/cropped-sigonlinen-1.png\",\"url\":\"https:\\\/\\\/sighisoaraonline.com\\\/content\\\/wp-content\\\/uploads\\\/2017\\\/03\\\/cropped-sigonlinen-1.png\",\"contentUrl\":\"https:\\\/\\\/sighisoaraonline.com\\\/content\\\/wp-content\\\/uploads\\\/2017\\\/03\\\/cropped-sigonlinen-1.png\",\"width\":257,\"height\":60,\"caption\":\"Sighisoara Online\"},\"logo\":{\"@id\":\"https:\\\/\\\/sighisoaraonline.com\\\/content\\\/wp-content\\\/uploads\\\/2017\\\/03\\\/cropped-sigonlinen-1.png\"},\"sameAs\":[\"https:\\\/\\\/www.facebook.com\\\/sighisoaraonline\\\/\",\"https:\\\/\\\/www.instagram.com\\\/sighisoaraonline\\\/\"],\"url\":\"https:\\\/\\\/sighisoaraonline.com\\\/content\\\/author\\\/paul\\\/\"}]}<\/script>\n<!-- \/ Yoast SEO plugin. -->","yoast_head_json":{"title":"Digi24: \"Contractul social\" de la Viscri, adoptat si in Europa","robots":{"index":"index","follow":"follow","max-snippet":"max-snippet:-1","max-image-preview":"max-image-preview:large","max-video-preview":"max-video-preview:-1"},"canonical":"https:\/\/sighisoaraonline.com\/content\/digi24-contractul-social-de-la-viscri-adoptat-si-in-europa\/","og_locale":"en_US","og_type":"article","og_title":"Digi24: \"Contractul social\" de la Viscri, adoptat si in Europa","og_description":"Viscri, satul f\u0103cut celebru de prin\u0163ul Charles, a devenit un model de urmat \u00een Europa....","og_url":"https:\/\/sighisoaraonline.com\/content\/digi24-contractul-social-de-la-viscri-adoptat-si-in-europa\/","og_site_name":"Sighisoara","article_publisher":"https:\/\/www.facebook.com\/sighisoaraonline\/","article_author":"https:\/\/www.facebook.com\/sighisoaraonline\/","article_published_time":"2017-07-22T19:44:41+00:00","article_modified_time":"2017-07-22T19:45:25+00:00","og_image":[{"width":1920,"height":1200,"url":"https:\/\/sighisoaraonline.com\/content\/wp-content\/uploads\/2017\/07\/contract-viscri-1.png","type":"image\/png"}],"author":"Sighisoara Online","twitter_card":"summary_large_image","twitter_misc":{"Written by":"Sighisoara Online","Est. reading time":"1 minute"},"schema":{"@context":"https:\/\/schema.org","@graph":[{"@type":"Article","@id":"https:\/\/sighisoaraonline.com\/content\/digi24-contractul-social-de-la-viscri-adoptat-si-in-europa\/#article","isPartOf":{"@id":"https:\/\/sighisoaraonline.com\/content\/digi24-contractul-social-de-la-viscri-adoptat-si-in-europa\/"},"author":{"name":"Sighisoara Online","@id":"https:\/\/sighisoaraonline.com\/content\/#\/schema\/person\/140de7f8d077626585be2e01dfe4cca0"},"headline":"Digi24: &#8220;Contractul social&#8221; de la Viscri, adoptat si in Europa","datePublished":"2017-07-22T19:44:41+00:00","dateModified":"2017-07-22T19:45:25+00:00","mainEntityOfPage":{"@id":"https:\/\/sighisoaraonline.com\/content\/digi24-contractul-social-de-la-viscri-adoptat-si-in-europa\/"},"wordCount":110,"publisher":{"@id":"https:\/\/sighisoaraonline.com\/content\/#\/schema\/person\/140de7f8d077626585be2e01dfe4cca0"},"image":{"@id":"https:\/\/sighisoaraonline.com\/content\/digi24-contractul-social-de-la-viscri-adoptat-si-in-europa\/#primaryimage"},"thumbnailUrl":"https:\/\/sighisoaraonline.com\/content\/wp-content\/uploads\/2017\/07\/contract-viscri-1.png","articleSection":["Social"],"inLanguage":"en-US"},{"@type":"WebPage","@id":"https:\/\/sighisoaraonline.com\/content\/digi24-contractul-social-de-la-viscri-adoptat-si-in-europa\/","url":"https:\/\/sighisoaraonline.com\/content\/digi24-contractul-social-de-la-viscri-adoptat-si-in-europa\/","name":"Digi24: \"Contractul social\" de la Viscri, adoptat si in Europa","isPartOf":{"@id":"https:\/\/sighisoaraonline.com\/content\/#website"},"primaryImageOfPage":{"@id":"https:\/\/sighisoaraonline.com\/content\/digi24-contractul-social-de-la-viscri-adoptat-si-in-europa\/#primaryimage"},"image":{"@id":"https:\/\/sighisoaraonline.com\/content\/digi24-contractul-social-de-la-viscri-adoptat-si-in-europa\/#primaryimage"},"thumbnailUrl":"https:\/\/sighisoaraonline.com\/content\/wp-content\/uploads\/2017\/07\/contract-viscri-1.png","datePublished":"2017-07-22T19:44:41+00:00","dateModified":"2017-07-22T19:45:25+00:00","breadcrumb":{"@id":"https:\/\/sighisoaraonline.com\/content\/digi24-contractul-social-de-la-viscri-adoptat-si-in-europa\/#breadcrumb"},"inLanguage":"en-US","potentialAction":[{"@type":"ReadAction","target":["https:\/\/sighisoaraonline.com\/content\/digi24-contractul-social-de-la-viscri-adoptat-si-in-europa\/"]}]},{"@type":"ImageObject","inLanguage":"en-US","@id":"https:\/\/sighisoaraonline.com\/content\/digi24-contractul-social-de-la-viscri-adoptat-si-in-europa\/#primaryimage","url":"https:\/\/sighisoaraonline.com\/content\/wp-content\/uploads\/2017\/07\/contract-viscri-1.png","contentUrl":"https:\/\/sighisoaraonline.com\/content\/wp-content\/uploads\/2017\/07\/contract-viscri-1.png","width":1920,"height":1200},{"@type":"BreadcrumbList","@id":"https:\/\/sighisoaraonline.com\/content\/digi24-contractul-social-de-la-viscri-adoptat-si-in-europa\/#breadcrumb","itemListElement":[{"@type":"ListItem","position":1,"name":"Home","item":"https:\/\/sighisoaraonline.com\/content\/"},{"@type":"ListItem","position":2,"name":"Digi24: &#8220;Contractul social&#8221; de la Viscri, adoptat si in Europa"}]},{"@type":"WebSite","@id":"https:\/\/sighisoaraonline.com\/content\/#website","url":"https:\/\/sighisoaraonline.com\/content\/","name":"Sighisoara","description":"","publisher":{"@id":"https:\/\/sighisoaraonline.com\/content\/#\/schema\/person\/140de7f8d077626585be2e01dfe4cca0"},"potentialAction":[{"@type":"SearchAction","target":{"@type":"EntryPoint","urlTemplate":"https:\/\/sighisoaraonline.com\/content\/?s={search_term_string}"},"query-input":{"@type":"PropertyValueSpecification","valueRequired":true,"valueName":"search_term_string"}}],"inLanguage":"en-US"},{"@type":["Person","Organization"],"@id":"https:\/\/sighisoaraonline.com\/content\/#\/schema\/person\/140de7f8d077626585be2e01dfe4cca0","name":"Sighisoara Online","image":{"@type":"ImageObject","inLanguage":"en-US","@id":"https:\/\/sighisoaraonline.com\/content\/wp-content\/uploads\/2017\/03\/cropped-sigonlinen-1.png","url":"https:\/\/sighisoaraonline.com\/content\/wp-content\/uploads\/2017\/03\/cropped-sigonlinen-1.png","contentUrl":"https:\/\/sighisoaraonline.com\/content\/wp-content\/uploads\/2017\/03\/cropped-sigonlinen-1.png","width":257,"height":60,"caption":"Sighisoara Online"},"logo":{"@id":"https:\/\/sighisoaraonline.com\/content\/wp-content\/uploads\/2017\/03\/cropped-sigonlinen-1.png"},"sameAs":["https:\/\/www.facebook.com\/sighisoaraonline\/","https:\/\/www.instagram.com\/sighisoaraonline\/"],"url":"https:\/\/sighisoaraonline.com\/content\/author\/paul\/"}]}},"_links":{"self":[{"href":"https:\/\/sighisoaraonline.com\/content\/wp-json\/wp\/v2\/posts\/3181","targetHints":{"allow":["GET"]}}],"collection":[{"href":"https:\/\/sighisoaraonline.com\/content\/wp-json\/wp\/v2\/posts"}],"about":[{"href":"https:\/\/sighisoaraonline.com\/content\/wp-json\/wp\/v2\/types\/post"}],"author":[{"embeddable":true,"href":"https:\/\/sighisoaraonline.com\/content\/wp-json\/wp\/v2\/users\/1"}],"replies":[{"embeddable":true,"href":"https:\/\/sighisoaraonline.com\/content\/wp-json\/wp\/v2\/comments?post=3181"}],"version-history":[{"count":2,"href":"https:\/\/sighisoaraonline.com\/content\/wp-json\/wp\/v2\/posts\/3181\/revisions"}],"predecessor-version":[{"id":3185,"href":"https:\/\/sighisoaraonline.com\/content\/wp-json\/wp\/v2\/posts\/3181\/revisions\/3185"}],"wp:featuredmedia":[{"embeddable":true,"href":"https:\/\/sighisoaraonline.com\/content\/wp-json\/wp\/v2\/media\/3183"}],"wp:attachment":[{"href":"https:\/\/sighisoaraonline.com\/content\/wp-json\/wp\/v2\/media?parent=3181"}],"wp:term":[{"taxonomy":"category","embeddable":true,"href":"https:\/\/sighisoaraonline.com\/content\/wp-json\/wp\/v2\/categories?post=3181"},{"taxonomy":"post_tag","embeddable":true,"href":"https:\/\/sighisoaraonline.com\/content\/wp-json\/wp\/v2\/tags?post=3181"}],"curies":[{"name":"wp","href":"https:\/\/api.w.org\/{rel}","templated":true}]}}