{"id":3937,"date":"2017-08-23T15:16:51","date_gmt":"2017-08-23T15:16:51","guid":{"rendered":"https:\/\/sighisoaraonline.com\/content\/?p=3937"},"modified":"2017-08-23T15:16:51","modified_gmt":"2017-08-23T15:16:51","slug":"radioson-a-fost-stabilita-perioada-de-desfasurare-a-festivalului-baloanelor-de-la-campul-cetatii-langa-sovata","status":"publish","type":"post","link":"https:\/\/sighisoaraonline.com\/content\/radioson-a-fost-stabilita-perioada-de-desfasurare-a-festivalului-baloanelor-de-la-campul-cetatii-langa-sovata\/","title":{"rendered":"RadioSon: A fost stabilita perioada de desfasurare a Festivalului Baloanelor de la Campul Cetatii langa Sovata"},"content":{"rendered":"<p>A XII-a edi\u0163ie a evenimentul sportiv recunoscut deja interna\u0163inal, Parada Baloanelor cu Aer Cald, va fi organizat \u015fi \u00een acest an.Evenimentul va \u00eencepe vineri 22 septembrie \u015fi se va \u00eencheia duminic\u0103 24 septembrie 2017. \u015ei \u00een acest an sunt a\u015fteptate mai multe echipaje din \u0163ar\u0103 \u015fi din str\u0103in\u0103tate.<\/p>\n<p>Parada Baloanelor cu Aer Cald este singurul festival interna\u0163ional de acest gen din Rom\u00e2nia si presupune \u015fedin\u0163e de zbor liber cu baloane, zbor cu deltaplane \u015fi parapante cu motor, zbor liber cu baloane \u015fi lift \u015fi dou\u0103 concerte \u00een aer liber.<\/p>\n","protected":false},"excerpt":{"rendered":"<p>A XII-a edi\u0163ie a evenimentul sportiv recunoscut deja interna\u0163inal, Parada Baloanelor cu Aer Cald, va&#8230;<\/p>\n","protected":false},"author":1,"featured_media":3938,"comment_status":"closed","ping_status":"open","sticky":false,"template":"","format":"standard","meta":{"footnotes":""},"categories":[14,21],"tags":[],"class_list":["post-3937","post","type-post","status-publish","format-standard","has-post-thumbnail","hentry","category-social","category-sport"],"yoast_head":"<!-- This site is optimized with the Yoast SEO plugin v27.4 - https:\/\/yoast.com\/product\/yoast-seo-wordpress\/ -->\n<title>RadioSon: A fost stabilita perioada de desfasurare a Festivalului Baloanelor de la Campul Cetatii langa Sovata<\/title>\n<meta name=\"robots\" content=\"index, follow, max-snippet:-1, max-image-preview:large, max-video-preview:-1\" \/>\n<link rel=\"canonical\" href=\"https:\/\/sighisoaraonline.com\/content\/radioson-a-fost-stabilita-perioada-de-desfasurare-a-festivalului-baloanelor-de-la-campul-cetatii-langa-sovata\/\" \/>\n<meta property=\"og:locale\" content=\"en_US\" \/>\n<meta property=\"og:type\" content=\"article\" \/>\n<meta property=\"og:title\" content=\"RadioSon: A fost stabilita perioada de desfasurare a Festivalului Baloanelor de la Campul Cetatii langa Sovata\" \/>\n<meta property=\"og:description\" content=\"A XII-a edi\u0163ie a evenimentul sportiv recunoscut deja interna\u0163inal, Parada Baloanelor cu Aer Cald, va...\" \/>\n<meta property=\"og:url\" content=\"https:\/\/sighisoaraonline.com\/content\/radioson-a-fost-stabilita-perioada-de-desfasurare-a-festivalului-baloanelor-de-la-campul-cetatii-langa-sovata\/\" \/>\n<meta property=\"og:site_name\" content=\"Sighisoara\" \/>\n<meta property=\"article:publisher\" content=\"https:\/\/www.facebook.com\/sighisoaraonline\/\" \/>\n<meta property=\"article:author\" content=\"https:\/\/www.facebook.com\/sighisoaraonline\/\" \/>\n<meta property=\"article:published_time\" content=\"2017-08-23T15:16:51+00:00\" \/>\n<meta property=\"og:image\" content=\"https:\/\/sighisoaraonline.com\/content\/wp-content\/uploads\/2017\/08\/FB_IMG_1503501386927.jpg\" \/>\n\t<meta property=\"og:image:width\" content=\"1137\" \/>\n\t<meta property=\"og:image:height\" content=\"640\" \/>\n\t<meta property=\"og:image:type\" content=\"image\/jpeg\" \/>\n<meta name=\"author\" content=\"Sighisoara Online\" \/>\n<meta name=\"twitter:card\" content=\"summary_large_image\" \/>\n<meta name=\"twitter:label1\" content=\"Written by\" \/>\n\t<meta name=\"twitter:data1\" content=\"Sighisoara Online\" \/>\n<script type=\"application\/ld+json\" class=\"yoast-schema-graph\">{\"@context\":\"https:\\\/\\\/schema.org\",\"@graph\":[{\"@type\":\"Article\",\"@id\":\"https:\\\/\\\/sighisoaraonline.com\\\/content\\\/radioson-a-fost-stabilita-perioada-de-desfasurare-a-festivalului-baloanelor-de-la-campul-cetatii-langa-sovata\\\/#article\",\"isPartOf\":{\"@id\":\"https:\\\/\\\/sighisoaraonline.com\\\/content\\\/radioson-a-fost-stabilita-perioada-de-desfasurare-a-festivalului-baloanelor-de-la-campul-cetatii-langa-sovata\\\/\"},\"author\":{\"name\":\"Sighisoara Online\",\"@id\":\"https:\\\/\\\/sighisoaraonline.com\\\/content\\\/#\\\/schema\\\/person\\\/140de7f8d077626585be2e01dfe4cca0\"},\"headline\":\"RadioSon: A fost stabilita perioada de desfasurare a Festivalului Baloanelor de la Campul Cetatii langa Sovata\",\"datePublished\":\"2017-08-23T15:16:51+00:00\",\"mainEntityOfPage\":{\"@id\":\"https:\\\/\\\/sighisoaraonline.com\\\/content\\\/radioson-a-fost-stabilita-perioada-de-desfasurare-a-festivalului-baloanelor-de-la-campul-cetatii-langa-sovata\\\/\"},\"wordCount\":111,\"publisher\":{\"@id\":\"https:\\\/\\\/sighisoaraonline.com\\\/content\\\/#\\\/schema\\\/person\\\/140de7f8d077626585be2e01dfe4cca0\"},\"image\":{\"@id\":\"https:\\\/\\\/sighisoaraonline.com\\\/content\\\/radioson-a-fost-stabilita-perioada-de-desfasurare-a-festivalului-baloanelor-de-la-campul-cetatii-langa-sovata\\\/#primaryimage\"},\"thumbnailUrl\":\"https:\\\/\\\/sighisoaraonline.com\\\/content\\\/wp-content\\\/uploads\\\/2017\\\/08\\\/FB_IMG_1503501386927.jpg\",\"articleSection\":[\"Social\",\"Sport\"],\"inLanguage\":\"en-US\"},{\"@type\":\"WebPage\",\"@id\":\"https:\\\/\\\/sighisoaraonline.com\\\/content\\\/radioson-a-fost-stabilita-perioada-de-desfasurare-a-festivalului-baloanelor-de-la-campul-cetatii-langa-sovata\\\/\",\"url\":\"https:\\\/\\\/sighisoaraonline.com\\\/content\\\/radioson-a-fost-stabilita-perioada-de-desfasurare-a-festivalului-baloanelor-de-la-campul-cetatii-langa-sovata\\\/\",\"name\":\"RadioSon: A fost stabilita perioada de desfasurare a Festivalului Baloanelor de la Campul Cetatii langa Sovata\",\"isPartOf\":{\"@id\":\"https:\\\/\\\/sighisoaraonline.com\\\/content\\\/#website\"},\"primaryImageOfPage\":{\"@id\":\"https:\\\/\\\/sighisoaraonline.com\\\/content\\\/radioson-a-fost-stabilita-perioada-de-desfasurare-a-festivalului-baloanelor-de-la-campul-cetatii-langa-sovata\\\/#primaryimage\"},\"image\":{\"@id\":\"https:\\\/\\\/sighisoaraonline.com\\\/content\\\/radioson-a-fost-stabilita-perioada-de-desfasurare-a-festivalului-baloanelor-de-la-campul-cetatii-langa-sovata\\\/#primaryimage\"},\"thumbnailUrl\":\"https:\\\/\\\/sighisoaraonline.com\\\/content\\\/wp-content\\\/uploads\\\/2017\\\/08\\\/FB_IMG_1503501386927.jpg\",\"datePublished\":\"2017-08-23T15:16:51+00:00\",\"breadcrumb\":{\"@id\":\"https:\\\/\\\/sighisoaraonline.com\\\/content\\\/radioson-a-fost-stabilita-perioada-de-desfasurare-a-festivalului-baloanelor-de-la-campul-cetatii-langa-sovata\\\/#breadcrumb\"},\"inLanguage\":\"en-US\",\"potentialAction\":[{\"@type\":\"ReadAction\",\"target\":[\"https:\\\/\\\/sighisoaraonline.com\\\/content\\\/radioson-a-fost-stabilita-perioada-de-desfasurare-a-festivalului-baloanelor-de-la-campul-cetatii-langa-sovata\\\/\"]}]},{\"@type\":\"ImageObject\",\"inLanguage\":\"en-US\",\"@id\":\"https:\\\/\\\/sighisoaraonline.com\\\/content\\\/radioson-a-fost-stabilita-perioada-de-desfasurare-a-festivalului-baloanelor-de-la-campul-cetatii-langa-sovata\\\/#primaryimage\",\"url\":\"https:\\\/\\\/sighisoaraonline.com\\\/content\\\/wp-content\\\/uploads\\\/2017\\\/08\\\/FB_IMG_1503501386927.jpg\",\"contentUrl\":\"https:\\\/\\\/sighisoaraonline.com\\\/content\\\/wp-content\\\/uploads\\\/2017\\\/08\\\/FB_IMG_1503501386927.jpg\",\"width\":1137,\"height\":640},{\"@type\":\"BreadcrumbList\",\"@id\":\"https:\\\/\\\/sighisoaraonline.com\\\/content\\\/radioson-a-fost-stabilita-perioada-de-desfasurare-a-festivalului-baloanelor-de-la-campul-cetatii-langa-sovata\\\/#breadcrumb\",\"itemListElement\":[{\"@type\":\"ListItem\",\"position\":1,\"name\":\"Home\",\"item\":\"https:\\\/\\\/sighisoaraonline.com\\\/content\\\/\"},{\"@type\":\"ListItem\",\"position\":2,\"name\":\"RadioSon: A fost stabilita perioada de desfasurare a Festivalului Baloanelor de la Campul Cetatii langa Sovata\"}]},{\"@type\":\"WebSite\",\"@id\":\"https:\\\/\\\/sighisoaraonline.com\\\/content\\\/#website\",\"url\":\"https:\\\/\\\/sighisoaraonline.com\\\/content\\\/\",\"name\":\"Sighisoara\",\"description\":\"\",\"publisher\":{\"@id\":\"https:\\\/\\\/sighisoaraonline.com\\\/content\\\/#\\\/schema\\\/person\\\/140de7f8d077626585be2e01dfe4cca0\"},\"potentialAction\":[{\"@type\":\"SearchAction\",\"target\":{\"@type\":\"EntryPoint\",\"urlTemplate\":\"https:\\\/\\\/sighisoaraonline.com\\\/content\\\/?s={search_term_string}\"},\"query-input\":{\"@type\":\"PropertyValueSpecification\",\"valueRequired\":true,\"valueName\":\"search_term_string\"}}],\"inLanguage\":\"en-US\"},{\"@type\":[\"Person\",\"Organization\"],\"@id\":\"https:\\\/\\\/sighisoaraonline.com\\\/content\\\/#\\\/schema\\\/person\\\/140de7f8d077626585be2e01dfe4cca0\",\"name\":\"Sighisoara Online\",\"image\":{\"@type\":\"ImageObject\",\"inLanguage\":\"en-US\",\"@id\":\"https:\\\/\\\/sighisoaraonline.com\\\/content\\\/wp-content\\\/uploads\\\/2017\\\/03\\\/cropped-sigonlinen-1.png\",\"url\":\"https:\\\/\\\/sighisoaraonline.com\\\/content\\\/wp-content\\\/uploads\\\/2017\\\/03\\\/cropped-sigonlinen-1.png\",\"contentUrl\":\"https:\\\/\\\/sighisoaraonline.com\\\/content\\\/wp-content\\\/uploads\\\/2017\\\/03\\\/cropped-sigonlinen-1.png\",\"width\":257,\"height\":60,\"caption\":\"Sighisoara Online\"},\"logo\":{\"@id\":\"https:\\\/\\\/sighisoaraonline.com\\\/content\\\/wp-content\\\/uploads\\\/2017\\\/03\\\/cropped-sigonlinen-1.png\"},\"sameAs\":[\"https:\\\/\\\/www.facebook.com\\\/sighisoaraonline\\\/\",\"https:\\\/\\\/www.instagram.com\\\/sighisoaraonline\\\/\"],\"url\":\"https:\\\/\\\/sighisoaraonline.com\\\/content\\\/author\\\/paul\\\/\"}]}<\/script>\n<!-- \/ Yoast SEO plugin. -->","yoast_head_json":{"title":"RadioSon: A fost stabilita perioada de desfasurare a Festivalului Baloanelor de la Campul Cetatii langa Sovata","robots":{"index":"index","follow":"follow","max-snippet":"max-snippet:-1","max-image-preview":"max-image-preview:large","max-video-preview":"max-video-preview:-1"},"canonical":"https:\/\/sighisoaraonline.com\/content\/radioson-a-fost-stabilita-perioada-de-desfasurare-a-festivalului-baloanelor-de-la-campul-cetatii-langa-sovata\/","og_locale":"en_US","og_type":"article","og_title":"RadioSon: A fost stabilita perioada de desfasurare a Festivalului Baloanelor de la Campul Cetatii langa Sovata","og_description":"A XII-a edi\u0163ie a evenimentul sportiv recunoscut deja interna\u0163inal, Parada Baloanelor cu Aer Cald, va...","og_url":"https:\/\/sighisoaraonline.com\/content\/radioson-a-fost-stabilita-perioada-de-desfasurare-a-festivalului-baloanelor-de-la-campul-cetatii-langa-sovata\/","og_site_name":"Sighisoara","article_publisher":"https:\/\/www.facebook.com\/sighisoaraonline\/","article_author":"https:\/\/www.facebook.com\/sighisoaraonline\/","article_published_time":"2017-08-23T15:16:51+00:00","og_image":[{"width":1137,"height":640,"url":"https:\/\/sighisoaraonline.com\/content\/wp-content\/uploads\/2017\/08\/FB_IMG_1503501386927.jpg","type":"image\/jpeg"}],"author":"Sighisoara Online","twitter_card":"summary_large_image","twitter_misc":{"Written by":"Sighisoara Online"},"schema":{"@context":"https:\/\/schema.org","@graph":[{"@type":"Article","@id":"https:\/\/sighisoaraonline.com\/content\/radioson-a-fost-stabilita-perioada-de-desfasurare-a-festivalului-baloanelor-de-la-campul-cetatii-langa-sovata\/#article","isPartOf":{"@id":"https:\/\/sighisoaraonline.com\/content\/radioson-a-fost-stabilita-perioada-de-desfasurare-a-festivalului-baloanelor-de-la-campul-cetatii-langa-sovata\/"},"author":{"name":"Sighisoara Online","@id":"https:\/\/sighisoaraonline.com\/content\/#\/schema\/person\/140de7f8d077626585be2e01dfe4cca0"},"headline":"RadioSon: A fost stabilita perioada de desfasurare a Festivalului Baloanelor de la Campul Cetatii langa Sovata","datePublished":"2017-08-23T15:16:51+00:00","mainEntityOfPage":{"@id":"https:\/\/sighisoaraonline.com\/content\/radioson-a-fost-stabilita-perioada-de-desfasurare-a-festivalului-baloanelor-de-la-campul-cetatii-langa-sovata\/"},"wordCount":111,"publisher":{"@id":"https:\/\/sighisoaraonline.com\/content\/#\/schema\/person\/140de7f8d077626585be2e01dfe4cca0"},"image":{"@id":"https:\/\/sighisoaraonline.com\/content\/radioson-a-fost-stabilita-perioada-de-desfasurare-a-festivalului-baloanelor-de-la-campul-cetatii-langa-sovata\/#primaryimage"},"thumbnailUrl":"https:\/\/sighisoaraonline.com\/content\/wp-content\/uploads\/2017\/08\/FB_IMG_1503501386927.jpg","articleSection":["Social","Sport"],"inLanguage":"en-US"},{"@type":"WebPage","@id":"https:\/\/sighisoaraonline.com\/content\/radioson-a-fost-stabilita-perioada-de-desfasurare-a-festivalului-baloanelor-de-la-campul-cetatii-langa-sovata\/","url":"https:\/\/sighisoaraonline.com\/content\/radioson-a-fost-stabilita-perioada-de-desfasurare-a-festivalului-baloanelor-de-la-campul-cetatii-langa-sovata\/","name":"RadioSon: A fost stabilita perioada de desfasurare a Festivalului Baloanelor de la Campul Cetatii langa Sovata","isPartOf":{"@id":"https:\/\/sighisoaraonline.com\/content\/#website"},"primaryImageOfPage":{"@id":"https:\/\/sighisoaraonline.com\/content\/radioson-a-fost-stabilita-perioada-de-desfasurare-a-festivalului-baloanelor-de-la-campul-cetatii-langa-sovata\/#primaryimage"},"image":{"@id":"https:\/\/sighisoaraonline.com\/content\/radioson-a-fost-stabilita-perioada-de-desfasurare-a-festivalului-baloanelor-de-la-campul-cetatii-langa-sovata\/#primaryimage"},"thumbnailUrl":"https:\/\/sighisoaraonline.com\/content\/wp-content\/uploads\/2017\/08\/FB_IMG_1503501386927.jpg","datePublished":"2017-08-23T15:16:51+00:00","breadcrumb":{"@id":"https:\/\/sighisoaraonline.com\/content\/radioson-a-fost-stabilita-perioada-de-desfasurare-a-festivalului-baloanelor-de-la-campul-cetatii-langa-sovata\/#breadcrumb"},"inLanguage":"en-US","potentialAction":[{"@type":"ReadAction","target":["https:\/\/sighisoaraonline.com\/content\/radioson-a-fost-stabilita-perioada-de-desfasurare-a-festivalului-baloanelor-de-la-campul-cetatii-langa-sovata\/"]}]},{"@type":"ImageObject","inLanguage":"en-US","@id":"https:\/\/sighisoaraonline.com\/content\/radioson-a-fost-stabilita-perioada-de-desfasurare-a-festivalului-baloanelor-de-la-campul-cetatii-langa-sovata\/#primaryimage","url":"https:\/\/sighisoaraonline.com\/content\/wp-content\/uploads\/2017\/08\/FB_IMG_1503501386927.jpg","contentUrl":"https:\/\/sighisoaraonline.com\/content\/wp-content\/uploads\/2017\/08\/FB_IMG_1503501386927.jpg","width":1137,"height":640},{"@type":"BreadcrumbList","@id":"https:\/\/sighisoaraonline.com\/content\/radioson-a-fost-stabilita-perioada-de-desfasurare-a-festivalului-baloanelor-de-la-campul-cetatii-langa-sovata\/#breadcrumb","itemListElement":[{"@type":"ListItem","position":1,"name":"Home","item":"https:\/\/sighisoaraonline.com\/content\/"},{"@type":"ListItem","position":2,"name":"RadioSon: A fost stabilita perioada de desfasurare a Festivalului Baloanelor de la Campul Cetatii langa Sovata"}]},{"@type":"WebSite","@id":"https:\/\/sighisoaraonline.com\/content\/#website","url":"https:\/\/sighisoaraonline.com\/content\/","name":"Sighisoara","description":"","publisher":{"@id":"https:\/\/sighisoaraonline.com\/content\/#\/schema\/person\/140de7f8d077626585be2e01dfe4cca0"},"potentialAction":[{"@type":"SearchAction","target":{"@type":"EntryPoint","urlTemplate":"https:\/\/sighisoaraonline.com\/content\/?s={search_term_string}"},"query-input":{"@type":"PropertyValueSpecification","valueRequired":true,"valueName":"search_term_string"}}],"inLanguage":"en-US"},{"@type":["Person","Organization"],"@id":"https:\/\/sighisoaraonline.com\/content\/#\/schema\/person\/140de7f8d077626585be2e01dfe4cca0","name":"Sighisoara Online","image":{"@type":"ImageObject","inLanguage":"en-US","@id":"https:\/\/sighisoaraonline.com\/content\/wp-content\/uploads\/2017\/03\/cropped-sigonlinen-1.png","url":"https:\/\/sighisoaraonline.com\/content\/wp-content\/uploads\/2017\/03\/cropped-sigonlinen-1.png","contentUrl":"https:\/\/sighisoaraonline.com\/content\/wp-content\/uploads\/2017\/03\/cropped-sigonlinen-1.png","width":257,"height":60,"caption":"Sighisoara Online"},"logo":{"@id":"https:\/\/sighisoaraonline.com\/content\/wp-content\/uploads\/2017\/03\/cropped-sigonlinen-1.png"},"sameAs":["https:\/\/www.facebook.com\/sighisoaraonline\/","https:\/\/www.instagram.com\/sighisoaraonline\/"],"url":"https:\/\/sighisoaraonline.com\/content\/author\/paul\/"}]}},"_links":{"self":[{"href":"https:\/\/sighisoaraonline.com\/content\/wp-json\/wp\/v2\/posts\/3937","targetHints":{"allow":["GET"]}}],"collection":[{"href":"https:\/\/sighisoaraonline.com\/content\/wp-json\/wp\/v2\/posts"}],"about":[{"href":"https:\/\/sighisoaraonline.com\/content\/wp-json\/wp\/v2\/types\/post"}],"author":[{"embeddable":true,"href":"https:\/\/sighisoaraonline.com\/content\/wp-json\/wp\/v2\/users\/1"}],"replies":[{"embeddable":true,"href":"https:\/\/sighisoaraonline.com\/content\/wp-json\/wp\/v2\/comments?post=3937"}],"version-history":[{"count":1,"href":"https:\/\/sighisoaraonline.com\/content\/wp-json\/wp\/v2\/posts\/3937\/revisions"}],"predecessor-version":[{"id":3939,"href":"https:\/\/sighisoaraonline.com\/content\/wp-json\/wp\/v2\/posts\/3937\/revisions\/3939"}],"wp:featuredmedia":[{"embeddable":true,"href":"https:\/\/sighisoaraonline.com\/content\/wp-json\/wp\/v2\/media\/3938"}],"wp:attachment":[{"href":"https:\/\/sighisoaraonline.com\/content\/wp-json\/wp\/v2\/media?parent=3937"}],"wp:term":[{"taxonomy":"category","embeddable":true,"href":"https:\/\/sighisoaraonline.com\/content\/wp-json\/wp\/v2\/categories?post=3937"},{"taxonomy":"post_tag","embeddable":true,"href":"https:\/\/sighisoaraonline.com\/content\/wp-json\/wp\/v2\/tags?post=3937"}],"curies":[{"name":"wp","href":"https:\/\/api.w.org\/{rel}","templated":true}]}}