{"id":5569,"date":"2017-12-02T18:15:06","date_gmt":"2017-12-02T18:15:06","guid":{"rendered":"https:\/\/sighisoaraonline.com\/content\/?p=5569"},"modified":"2017-12-02T18:15:15","modified_gmt":"2017-12-02T18:15:15","slug":"radioson-ieri-a-avut-loc-cenaclul-lumina-lina-spectacol-cultural-artistic-de-ziua-nationala-la-sighisoara","status":"publish","type":"post","link":"https:\/\/sighisoaraonline.com\/content\/radioson-ieri-a-avut-loc-cenaclul-lumina-lina-spectacol-cultural-artistic-de-ziua-nationala-la-sighisoara\/","title":{"rendered":"RadioSon: Ieri a avut loc Cenaclul &#8220;Lumin\u0103 Lina&#8221; &#8211; Spectacol cultural-artistic de Ziua Nationala, la Sighisoara"},"content":{"rendered":"<p>Spectacol deosebit sustinut de Cenaclul LUMIN\u0102 LIN\u0102 \u015fi p\u0103rintele Doru Gheaja ast\u0103zi cu \u00eencepere de la ora 17.00 la Sala Mihai Eminescu.<\/p>\n<p>Spectacolul a fost organizat de c\u0103tre Municipiul Sighi\u0219oara \u0219i a \u00eencheiat manifest\u0103rile dedicate zilei de 1 decembrie, Ziua Na\u021bional\u0103 a Rom\u00e2niei. Sala a fost arhiplin\u0103 la spectacolul sus\u021binut de Cenaclul LUMIN\u0102 LIN\u0102 din Sibiu, spectacol \u00een care prin c\u00e2nt \u0219i vers s-a vorbit de obarsiile, credinta si demnintatea nationala a romanilor.<\/p>\n","protected":false},"excerpt":{"rendered":"<p>Spectacol deosebit sustinut de Cenaclul LUMIN\u0102 LIN\u0102 \u015fi p\u0103rintele Doru Gheaja ast\u0103zi cu \u00eencepere de&#8230;<\/p>\n","protected":false},"author":1,"featured_media":5570,"comment_status":"closed","ping_status":"open","sticky":false,"template":"","format":"standard","meta":{"footnotes":""},"categories":[9,14],"tags":[],"class_list":["post-5569","post","type-post","status-publish","format-standard","has-post-thumbnail","hentry","category-cultura","category-social"],"yoast_head":"<!-- This site is optimized with the Yoast SEO plugin v27.4 - https:\/\/yoast.com\/product\/yoast-seo-wordpress\/ -->\n<title>RadioSon: Ieri a avut loc Cenaclul &quot;Lumin\u0103 Lina&quot; - Spectacol cultural-artistic de Ziua Nationala, la Sighisoara<\/title>\n<meta name=\"robots\" content=\"index, follow, max-snippet:-1, max-image-preview:large, max-video-preview:-1\" \/>\n<link rel=\"canonical\" href=\"https:\/\/sighisoaraonline.com\/content\/radioson-ieri-a-avut-loc-cenaclul-lumina-lina-spectacol-cultural-artistic-de-ziua-nationala-la-sighisoara\/\" \/>\n<meta property=\"og:locale\" content=\"en_US\" \/>\n<meta property=\"og:type\" content=\"article\" \/>\n<meta property=\"og:title\" content=\"RadioSon: Ieri a avut loc Cenaclul &quot;Lumin\u0103 Lina&quot; - Spectacol cultural-artistic de Ziua Nationala, la Sighisoara\" \/>\n<meta property=\"og:description\" content=\"Spectacol deosebit sustinut de Cenaclul LUMIN\u0102 LIN\u0102 \u015fi p\u0103rintele Doru Gheaja ast\u0103zi cu \u00eencepere de...\" \/>\n<meta property=\"og:url\" content=\"https:\/\/sighisoaraonline.com\/content\/radioson-ieri-a-avut-loc-cenaclul-lumina-lina-spectacol-cultural-artistic-de-ziua-nationala-la-sighisoara\/\" \/>\n<meta property=\"og:site_name\" content=\"Sighisoara\" \/>\n<meta property=\"article:publisher\" content=\"https:\/\/www.facebook.com\/sighisoaraonline\/\" \/>\n<meta property=\"article:author\" content=\"https:\/\/www.facebook.com\/sighisoaraonline\/\" \/>\n<meta property=\"article:published_time\" content=\"2017-12-02T18:15:06+00:00\" \/>\n<meta property=\"article:modified_time\" content=\"2017-12-02T18:15:15+00:00\" \/>\n<meta property=\"og:image\" content=\"https:\/\/sighisoaraonline.com\/content\/wp-content\/uploads\/2017\/12\/24174564_1605261432874278_626541001667242281_n.jpg\" \/>\n\t<meta property=\"og:image:width\" content=\"960\" \/>\n\t<meta property=\"og:image:height\" content=\"720\" \/>\n\t<meta property=\"og:image:type\" content=\"image\/jpeg\" \/>\n<meta name=\"author\" content=\"Sighisoara Online\" \/>\n<meta name=\"twitter:card\" content=\"summary_large_image\" \/>\n<meta name=\"twitter:label1\" content=\"Written by\" \/>\n\t<meta name=\"twitter:data1\" content=\"Sighisoara Online\" \/>\n<script type=\"application\/ld+json\" class=\"yoast-schema-graph\">{\"@context\":\"https:\\\/\\\/schema.org\",\"@graph\":[{\"@type\":\"Article\",\"@id\":\"https:\\\/\\\/sighisoaraonline.com\\\/content\\\/radioson-ieri-a-avut-loc-cenaclul-lumina-lina-spectacol-cultural-artistic-de-ziua-nationala-la-sighisoara\\\/#article\",\"isPartOf\":{\"@id\":\"https:\\\/\\\/sighisoaraonline.com\\\/content\\\/radioson-ieri-a-avut-loc-cenaclul-lumina-lina-spectacol-cultural-artistic-de-ziua-nationala-la-sighisoara\\\/\"},\"author\":{\"name\":\"Sighisoara Online\",\"@id\":\"https:\\\/\\\/sighisoaraonline.com\\\/content\\\/#\\\/schema\\\/person\\\/140de7f8d077626585be2e01dfe4cca0\"},\"headline\":\"RadioSon: Ieri a avut loc Cenaclul &#8220;Lumin\u0103 Lina&#8221; &#8211; Spectacol cultural-artistic de Ziua Nationala, la Sighisoara\",\"datePublished\":\"2017-12-02T18:15:06+00:00\",\"dateModified\":\"2017-12-02T18:15:15+00:00\",\"mainEntityOfPage\":{\"@id\":\"https:\\\/\\\/sighisoaraonline.com\\\/content\\\/radioson-ieri-a-avut-loc-cenaclul-lumina-lina-spectacol-cultural-artistic-de-ziua-nationala-la-sighisoara\\\/\"},\"wordCount\":96,\"publisher\":{\"@id\":\"https:\\\/\\\/sighisoaraonline.com\\\/content\\\/#\\\/schema\\\/person\\\/140de7f8d077626585be2e01dfe4cca0\"},\"image\":{\"@id\":\"https:\\\/\\\/sighisoaraonline.com\\\/content\\\/radioson-ieri-a-avut-loc-cenaclul-lumina-lina-spectacol-cultural-artistic-de-ziua-nationala-la-sighisoara\\\/#primaryimage\"},\"thumbnailUrl\":\"https:\\\/\\\/sighisoaraonline.com\\\/content\\\/wp-content\\\/uploads\\\/2017\\\/12\\\/24174564_1605261432874278_626541001667242281_n.jpg\",\"articleSection\":[\"Cultura\",\"Social\"],\"inLanguage\":\"en-US\"},{\"@type\":\"WebPage\",\"@id\":\"https:\\\/\\\/sighisoaraonline.com\\\/content\\\/radioson-ieri-a-avut-loc-cenaclul-lumina-lina-spectacol-cultural-artistic-de-ziua-nationala-la-sighisoara\\\/\",\"url\":\"https:\\\/\\\/sighisoaraonline.com\\\/content\\\/radioson-ieri-a-avut-loc-cenaclul-lumina-lina-spectacol-cultural-artistic-de-ziua-nationala-la-sighisoara\\\/\",\"name\":\"RadioSon: Ieri a avut loc Cenaclul \\\"Lumin\u0103 Lina\\\" - Spectacol cultural-artistic de Ziua Nationala, la Sighisoara\",\"isPartOf\":{\"@id\":\"https:\\\/\\\/sighisoaraonline.com\\\/content\\\/#website\"},\"primaryImageOfPage\":{\"@id\":\"https:\\\/\\\/sighisoaraonline.com\\\/content\\\/radioson-ieri-a-avut-loc-cenaclul-lumina-lina-spectacol-cultural-artistic-de-ziua-nationala-la-sighisoara\\\/#primaryimage\"},\"image\":{\"@id\":\"https:\\\/\\\/sighisoaraonline.com\\\/content\\\/radioson-ieri-a-avut-loc-cenaclul-lumina-lina-spectacol-cultural-artistic-de-ziua-nationala-la-sighisoara\\\/#primaryimage\"},\"thumbnailUrl\":\"https:\\\/\\\/sighisoaraonline.com\\\/content\\\/wp-content\\\/uploads\\\/2017\\\/12\\\/24174564_1605261432874278_626541001667242281_n.jpg\",\"datePublished\":\"2017-12-02T18:15:06+00:00\",\"dateModified\":\"2017-12-02T18:15:15+00:00\",\"breadcrumb\":{\"@id\":\"https:\\\/\\\/sighisoaraonline.com\\\/content\\\/radioson-ieri-a-avut-loc-cenaclul-lumina-lina-spectacol-cultural-artistic-de-ziua-nationala-la-sighisoara\\\/#breadcrumb\"},\"inLanguage\":\"en-US\",\"potentialAction\":[{\"@type\":\"ReadAction\",\"target\":[\"https:\\\/\\\/sighisoaraonline.com\\\/content\\\/radioson-ieri-a-avut-loc-cenaclul-lumina-lina-spectacol-cultural-artistic-de-ziua-nationala-la-sighisoara\\\/\"]}]},{\"@type\":\"ImageObject\",\"inLanguage\":\"en-US\",\"@id\":\"https:\\\/\\\/sighisoaraonline.com\\\/content\\\/radioson-ieri-a-avut-loc-cenaclul-lumina-lina-spectacol-cultural-artistic-de-ziua-nationala-la-sighisoara\\\/#primaryimage\",\"url\":\"https:\\\/\\\/sighisoaraonline.com\\\/content\\\/wp-content\\\/uploads\\\/2017\\\/12\\\/24174564_1605261432874278_626541001667242281_n.jpg\",\"contentUrl\":\"https:\\\/\\\/sighisoaraonline.com\\\/content\\\/wp-content\\\/uploads\\\/2017\\\/12\\\/24174564_1605261432874278_626541001667242281_n.jpg\",\"width\":960,\"height\":720},{\"@type\":\"BreadcrumbList\",\"@id\":\"https:\\\/\\\/sighisoaraonline.com\\\/content\\\/radioson-ieri-a-avut-loc-cenaclul-lumina-lina-spectacol-cultural-artistic-de-ziua-nationala-la-sighisoara\\\/#breadcrumb\",\"itemListElement\":[{\"@type\":\"ListItem\",\"position\":1,\"name\":\"Home\",\"item\":\"https:\\\/\\\/sighisoaraonline.com\\\/content\\\/\"},{\"@type\":\"ListItem\",\"position\":2,\"name\":\"RadioSon: Ieri a avut loc Cenaclul &#8220;Lumin\u0103 Lina&#8221; &#8211; Spectacol cultural-artistic de Ziua Nationala, la Sighisoara\"}]},{\"@type\":\"WebSite\",\"@id\":\"https:\\\/\\\/sighisoaraonline.com\\\/content\\\/#website\",\"url\":\"https:\\\/\\\/sighisoaraonline.com\\\/content\\\/\",\"name\":\"Sighisoara\",\"description\":\"\",\"publisher\":{\"@id\":\"https:\\\/\\\/sighisoaraonline.com\\\/content\\\/#\\\/schema\\\/person\\\/140de7f8d077626585be2e01dfe4cca0\"},\"potentialAction\":[{\"@type\":\"SearchAction\",\"target\":{\"@type\":\"EntryPoint\",\"urlTemplate\":\"https:\\\/\\\/sighisoaraonline.com\\\/content\\\/?s={search_term_string}\"},\"query-input\":{\"@type\":\"PropertyValueSpecification\",\"valueRequired\":true,\"valueName\":\"search_term_string\"}}],\"inLanguage\":\"en-US\"},{\"@type\":[\"Person\",\"Organization\"],\"@id\":\"https:\\\/\\\/sighisoaraonline.com\\\/content\\\/#\\\/schema\\\/person\\\/140de7f8d077626585be2e01dfe4cca0\",\"name\":\"Sighisoara Online\",\"image\":{\"@type\":\"ImageObject\",\"inLanguage\":\"en-US\",\"@id\":\"https:\\\/\\\/sighisoaraonline.com\\\/content\\\/wp-content\\\/uploads\\\/2017\\\/03\\\/cropped-sigonlinen-1.png\",\"url\":\"https:\\\/\\\/sighisoaraonline.com\\\/content\\\/wp-content\\\/uploads\\\/2017\\\/03\\\/cropped-sigonlinen-1.png\",\"contentUrl\":\"https:\\\/\\\/sighisoaraonline.com\\\/content\\\/wp-content\\\/uploads\\\/2017\\\/03\\\/cropped-sigonlinen-1.png\",\"width\":257,\"height\":60,\"caption\":\"Sighisoara Online\"},\"logo\":{\"@id\":\"https:\\\/\\\/sighisoaraonline.com\\\/content\\\/wp-content\\\/uploads\\\/2017\\\/03\\\/cropped-sigonlinen-1.png\"},\"sameAs\":[\"https:\\\/\\\/www.facebook.com\\\/sighisoaraonline\\\/\",\"https:\\\/\\\/www.instagram.com\\\/sighisoaraonline\\\/\"],\"url\":\"https:\\\/\\\/sighisoaraonline.com\\\/content\\\/author\\\/paul\\\/\"}]}<\/script>\n<!-- \/ Yoast SEO plugin. -->","yoast_head_json":{"title":"RadioSon: Ieri a avut loc Cenaclul \"Lumin\u0103 Lina\" - Spectacol cultural-artistic de Ziua Nationala, la Sighisoara","robots":{"index":"index","follow":"follow","max-snippet":"max-snippet:-1","max-image-preview":"max-image-preview:large","max-video-preview":"max-video-preview:-1"},"canonical":"https:\/\/sighisoaraonline.com\/content\/radioson-ieri-a-avut-loc-cenaclul-lumina-lina-spectacol-cultural-artistic-de-ziua-nationala-la-sighisoara\/","og_locale":"en_US","og_type":"article","og_title":"RadioSon: Ieri a avut loc Cenaclul \"Lumin\u0103 Lina\" - Spectacol cultural-artistic de Ziua Nationala, la Sighisoara","og_description":"Spectacol deosebit sustinut de Cenaclul LUMIN\u0102 LIN\u0102 \u015fi p\u0103rintele Doru Gheaja ast\u0103zi cu \u00eencepere de...","og_url":"https:\/\/sighisoaraonline.com\/content\/radioson-ieri-a-avut-loc-cenaclul-lumina-lina-spectacol-cultural-artistic-de-ziua-nationala-la-sighisoara\/","og_site_name":"Sighisoara","article_publisher":"https:\/\/www.facebook.com\/sighisoaraonline\/","article_author":"https:\/\/www.facebook.com\/sighisoaraonline\/","article_published_time":"2017-12-02T18:15:06+00:00","article_modified_time":"2017-12-02T18:15:15+00:00","og_image":[{"width":960,"height":720,"url":"https:\/\/sighisoaraonline.com\/content\/wp-content\/uploads\/2017\/12\/24174564_1605261432874278_626541001667242281_n.jpg","type":"image\/jpeg"}],"author":"Sighisoara Online","twitter_card":"summary_large_image","twitter_misc":{"Written by":"Sighisoara Online"},"schema":{"@context":"https:\/\/schema.org","@graph":[{"@type":"Article","@id":"https:\/\/sighisoaraonline.com\/content\/radioson-ieri-a-avut-loc-cenaclul-lumina-lina-spectacol-cultural-artistic-de-ziua-nationala-la-sighisoara\/#article","isPartOf":{"@id":"https:\/\/sighisoaraonline.com\/content\/radioson-ieri-a-avut-loc-cenaclul-lumina-lina-spectacol-cultural-artistic-de-ziua-nationala-la-sighisoara\/"},"author":{"name":"Sighisoara Online","@id":"https:\/\/sighisoaraonline.com\/content\/#\/schema\/person\/140de7f8d077626585be2e01dfe4cca0"},"headline":"RadioSon: Ieri a avut loc Cenaclul &#8220;Lumin\u0103 Lina&#8221; &#8211; Spectacol cultural-artistic de Ziua Nationala, la Sighisoara","datePublished":"2017-12-02T18:15:06+00:00","dateModified":"2017-12-02T18:15:15+00:00","mainEntityOfPage":{"@id":"https:\/\/sighisoaraonline.com\/content\/radioson-ieri-a-avut-loc-cenaclul-lumina-lina-spectacol-cultural-artistic-de-ziua-nationala-la-sighisoara\/"},"wordCount":96,"publisher":{"@id":"https:\/\/sighisoaraonline.com\/content\/#\/schema\/person\/140de7f8d077626585be2e01dfe4cca0"},"image":{"@id":"https:\/\/sighisoaraonline.com\/content\/radioson-ieri-a-avut-loc-cenaclul-lumina-lina-spectacol-cultural-artistic-de-ziua-nationala-la-sighisoara\/#primaryimage"},"thumbnailUrl":"https:\/\/sighisoaraonline.com\/content\/wp-content\/uploads\/2017\/12\/24174564_1605261432874278_626541001667242281_n.jpg","articleSection":["Cultura","Social"],"inLanguage":"en-US"},{"@type":"WebPage","@id":"https:\/\/sighisoaraonline.com\/content\/radioson-ieri-a-avut-loc-cenaclul-lumina-lina-spectacol-cultural-artistic-de-ziua-nationala-la-sighisoara\/","url":"https:\/\/sighisoaraonline.com\/content\/radioson-ieri-a-avut-loc-cenaclul-lumina-lina-spectacol-cultural-artistic-de-ziua-nationala-la-sighisoara\/","name":"RadioSon: Ieri a avut loc Cenaclul \"Lumin\u0103 Lina\" - Spectacol cultural-artistic de Ziua Nationala, la Sighisoara","isPartOf":{"@id":"https:\/\/sighisoaraonline.com\/content\/#website"},"primaryImageOfPage":{"@id":"https:\/\/sighisoaraonline.com\/content\/radioson-ieri-a-avut-loc-cenaclul-lumina-lina-spectacol-cultural-artistic-de-ziua-nationala-la-sighisoara\/#primaryimage"},"image":{"@id":"https:\/\/sighisoaraonline.com\/content\/radioson-ieri-a-avut-loc-cenaclul-lumina-lina-spectacol-cultural-artistic-de-ziua-nationala-la-sighisoara\/#primaryimage"},"thumbnailUrl":"https:\/\/sighisoaraonline.com\/content\/wp-content\/uploads\/2017\/12\/24174564_1605261432874278_626541001667242281_n.jpg","datePublished":"2017-12-02T18:15:06+00:00","dateModified":"2017-12-02T18:15:15+00:00","breadcrumb":{"@id":"https:\/\/sighisoaraonline.com\/content\/radioson-ieri-a-avut-loc-cenaclul-lumina-lina-spectacol-cultural-artistic-de-ziua-nationala-la-sighisoara\/#breadcrumb"},"inLanguage":"en-US","potentialAction":[{"@type":"ReadAction","target":["https:\/\/sighisoaraonline.com\/content\/radioson-ieri-a-avut-loc-cenaclul-lumina-lina-spectacol-cultural-artistic-de-ziua-nationala-la-sighisoara\/"]}]},{"@type":"ImageObject","inLanguage":"en-US","@id":"https:\/\/sighisoaraonline.com\/content\/radioson-ieri-a-avut-loc-cenaclul-lumina-lina-spectacol-cultural-artistic-de-ziua-nationala-la-sighisoara\/#primaryimage","url":"https:\/\/sighisoaraonline.com\/content\/wp-content\/uploads\/2017\/12\/24174564_1605261432874278_626541001667242281_n.jpg","contentUrl":"https:\/\/sighisoaraonline.com\/content\/wp-content\/uploads\/2017\/12\/24174564_1605261432874278_626541001667242281_n.jpg","width":960,"height":720},{"@type":"BreadcrumbList","@id":"https:\/\/sighisoaraonline.com\/content\/radioson-ieri-a-avut-loc-cenaclul-lumina-lina-spectacol-cultural-artistic-de-ziua-nationala-la-sighisoara\/#breadcrumb","itemListElement":[{"@type":"ListItem","position":1,"name":"Home","item":"https:\/\/sighisoaraonline.com\/content\/"},{"@type":"ListItem","position":2,"name":"RadioSon: Ieri a avut loc Cenaclul &#8220;Lumin\u0103 Lina&#8221; &#8211; Spectacol cultural-artistic de Ziua Nationala, la Sighisoara"}]},{"@type":"WebSite","@id":"https:\/\/sighisoaraonline.com\/content\/#website","url":"https:\/\/sighisoaraonline.com\/content\/","name":"Sighisoara","description":"","publisher":{"@id":"https:\/\/sighisoaraonline.com\/content\/#\/schema\/person\/140de7f8d077626585be2e01dfe4cca0"},"potentialAction":[{"@type":"SearchAction","target":{"@type":"EntryPoint","urlTemplate":"https:\/\/sighisoaraonline.com\/content\/?s={search_term_string}"},"query-input":{"@type":"PropertyValueSpecification","valueRequired":true,"valueName":"search_term_string"}}],"inLanguage":"en-US"},{"@type":["Person","Organization"],"@id":"https:\/\/sighisoaraonline.com\/content\/#\/schema\/person\/140de7f8d077626585be2e01dfe4cca0","name":"Sighisoara Online","image":{"@type":"ImageObject","inLanguage":"en-US","@id":"https:\/\/sighisoaraonline.com\/content\/wp-content\/uploads\/2017\/03\/cropped-sigonlinen-1.png","url":"https:\/\/sighisoaraonline.com\/content\/wp-content\/uploads\/2017\/03\/cropped-sigonlinen-1.png","contentUrl":"https:\/\/sighisoaraonline.com\/content\/wp-content\/uploads\/2017\/03\/cropped-sigonlinen-1.png","width":257,"height":60,"caption":"Sighisoara Online"},"logo":{"@id":"https:\/\/sighisoaraonline.com\/content\/wp-content\/uploads\/2017\/03\/cropped-sigonlinen-1.png"},"sameAs":["https:\/\/www.facebook.com\/sighisoaraonline\/","https:\/\/www.instagram.com\/sighisoaraonline\/"],"url":"https:\/\/sighisoaraonline.com\/content\/author\/paul\/"}]}},"_links":{"self":[{"href":"https:\/\/sighisoaraonline.com\/content\/wp-json\/wp\/v2\/posts\/5569","targetHints":{"allow":["GET"]}}],"collection":[{"href":"https:\/\/sighisoaraonline.com\/content\/wp-json\/wp\/v2\/posts"}],"about":[{"href":"https:\/\/sighisoaraonline.com\/content\/wp-json\/wp\/v2\/types\/post"}],"author":[{"embeddable":true,"href":"https:\/\/sighisoaraonline.com\/content\/wp-json\/wp\/v2\/users\/1"}],"replies":[{"embeddable":true,"href":"https:\/\/sighisoaraonline.com\/content\/wp-json\/wp\/v2\/comments?post=5569"}],"version-history":[{"count":2,"href":"https:\/\/sighisoaraonline.com\/content\/wp-json\/wp\/v2\/posts\/5569\/revisions"}],"predecessor-version":[{"id":5572,"href":"https:\/\/sighisoaraonline.com\/content\/wp-json\/wp\/v2\/posts\/5569\/revisions\/5572"}],"wp:featuredmedia":[{"embeddable":true,"href":"https:\/\/sighisoaraonline.com\/content\/wp-json\/wp\/v2\/media\/5570"}],"wp:attachment":[{"href":"https:\/\/sighisoaraonline.com\/content\/wp-json\/wp\/v2\/media?parent=5569"}],"wp:term":[{"taxonomy":"category","embeddable":true,"href":"https:\/\/sighisoaraonline.com\/content\/wp-json\/wp\/v2\/categories?post=5569"},{"taxonomy":"post_tag","embeddable":true,"href":"https:\/\/sighisoaraonline.com\/content\/wp-json\/wp\/v2\/tags?post=5569"}],"curies":[{"name":"wp","href":"https:\/\/api.w.org\/{rel}","templated":true}]}}