{"id":5617,"date":"2017-12-05T14:26:00","date_gmt":"2017-12-05T14:26:00","guid":{"rendered":"https:\/\/sighisoaraonline.com\/content\/?p=5617"},"modified":"2017-12-05T14:26:00","modified_gmt":"2017-12-05T14:26:00","slug":"program-manifestari-cultural-artistice-specifice-sarbatorilor-de-iarna-2017","status":"publish","type":"post","link":"https:\/\/sighisoaraonline.com\/content\/program-manifestari-cultural-artistice-specifice-sarbatorilor-de-iarna-2017\/","title":{"rendered":"Program manifestari cultural-artistice specifice Sarbatorilor de Iarna 2017"},"content":{"rendered":"<p>Pentru a veni \u00een \u00eent\u00e2mpinarea praznicului \u00eemp\u0103r\u0103tesc al Na\u0219terii Domnului nostru Iisus Hristos, Municipiul Sighi\u0219oara invit\u0103 sighi\u0219orenii la manifest\u0103rile cultural-artistice pe care le organizeaz\u0103 \u00een luna decembrie 2017, dup\u0103 urm\u0103torul program:<\/p>\n<p><strong>6 decembrie 2017<\/strong>, ora 18.00 \u2013 Sala mare de festivit\u0103\u021bi a Municipiului Sighi\u0219oara<br \/>\nConcert de colinde \u2013 Grupurile  corale ARMONIA \u0219i THEOTOKOS    <\/p>\n<p><strong>18-23 decembrie 2017<\/strong>, Pia\u021ba Octavian Goga  &#8211; T\u00e2rg de Cr\u0103ciun<br \/>\nAtelierul lui Mo\u0219 Cr\u0103ciun, spectacole tematice pentru copii, colinde, poezii \u0219i concerte sunt doar unele dintre surprizele preg\u0103tite pentru a ne bucura \u00eempreun\u0103 de marea S\u0103rb\u0103toare a Cr\u0103ciunului. Pe scena T\u00e2rgului de Cr\u0103ciun vor evolua grupuri de elevi sighi\u0219oreni, grupuri vocale locale, trupe de teatru, trupe de dans modern, ansambluri de dansuri, interpre\u021bi de muzic\u0103 folcloric\u0103, folk, dance, pop-rock, soul \u0219i blues.<br \/>\n\u00cen data de 18 decembrie 2017, sighi\u0219orenii sunt a\u0219tepta\u021bi de elevi la t\u00e2rgul de produse specifice S\u0103rb\u0103torilor de Iarn\u0103 realizate de elevii sighi\u0219oreni.<br \/>\nMiros de cozonac, pr\u0103jituri \u0219i turt\u0103 dulce, delicii culinare, b\u0103uturi calde, cadouri, podoabe pentru brad \u0219i alte obiecte specifice vor completa atmosfera.<\/p>\n<p><strong>27-30 decembrie 2017<\/strong> \u2013 Sala Sander \u2013 Sighi\u0219oara3DFilm<br \/>\n\u00cen aceast\u0103 perioad\u0103 vor avea loc c\u00e2te trei proiec\u021bii de filme 3D care ruleaz\u0103 \u00een marile cinematografe, una pentru copii \u0219i dou\u0103 pentru adul\u021bi.<br \/>\nSighi\u0219orenii care vor alege s\u0103 petreac\u0103 Revelionul \u00een aer liber, se vor putea bucura de tradi\u021bionalul foc de artificii care va marca trecerea dintre ani.<\/p>\n","protected":false},"excerpt":{"rendered":"<p>Pentru a veni \u00een \u00eent\u00e2mpinarea praznicului \u00eemp\u0103r\u0103tesc al Na\u0219terii Domnului nostru Iisus Hristos, Municipiul Sighi\u0219oara&#8230;<\/p>\n","protected":false},"author":1,"featured_media":5618,"comment_status":"closed","ping_status":"open","sticky":false,"template":"","format":"standard","meta":{"footnotes":""},"categories":[10,9,14],"tags":[],"class_list":["post-5617","post","type-post","status-publish","format-standard","has-post-thumbnail","hentry","category-administratie","category-cultura","category-social"],"yoast_head":"<!-- This site is optimized with the Yoast SEO plugin v27.4 - https:\/\/yoast.com\/product\/yoast-seo-wordpress\/ -->\n<title>Program manifestari cultural-artistice specifice Sarbatorilor de Iarna 2017<\/title>\n<meta name=\"robots\" content=\"index, follow, max-snippet:-1, max-image-preview:large, max-video-preview:-1\" \/>\n<link rel=\"canonical\" href=\"https:\/\/sighisoaraonline.com\/content\/program-manifestari-cultural-artistice-specifice-sarbatorilor-de-iarna-2017\/\" \/>\n<meta property=\"og:locale\" content=\"en_US\" \/>\n<meta property=\"og:type\" content=\"article\" \/>\n<meta property=\"og:title\" content=\"Program manifestari cultural-artistice specifice Sarbatorilor de Iarna 2017\" \/>\n<meta property=\"og:description\" content=\"Pentru a veni \u00een \u00eent\u00e2mpinarea praznicului \u00eemp\u0103r\u0103tesc al Na\u0219terii Domnului nostru Iisus Hristos, Municipiul Sighi\u0219oara...\" \/>\n<meta property=\"og:url\" content=\"https:\/\/sighisoaraonline.com\/content\/program-manifestari-cultural-artistice-specifice-sarbatorilor-de-iarna-2017\/\" \/>\n<meta property=\"og:site_name\" content=\"Sighisoara\" \/>\n<meta property=\"article:publisher\" content=\"https:\/\/www.facebook.com\/sighisoaraonline\/\" \/>\n<meta property=\"article:author\" content=\"https:\/\/www.facebook.com\/sighisoaraonline\/\" \/>\n<meta property=\"article:published_time\" content=\"2017-12-05T14:26:00+00:00\" \/>\n<meta property=\"og:image\" content=\"https:\/\/sighisoaraonline.com\/content\/wp-content\/uploads\/2017\/12\/sarbatori-de-iarna-sighisoara-2017.jpg\" \/>\n\t<meta property=\"og:image:width\" content=\"768\" \/>\n\t<meta property=\"og:image:height\" content=\"544\" \/>\n\t<meta property=\"og:image:type\" content=\"image\/jpeg\" \/>\n<meta name=\"author\" content=\"Sighisoara Online\" \/>\n<meta name=\"twitter:card\" content=\"summary_large_image\" \/>\n<meta name=\"twitter:label1\" content=\"Written by\" \/>\n\t<meta name=\"twitter:data1\" content=\"Sighisoara Online\" \/>\n\t<meta name=\"twitter:label2\" content=\"Est. reading time\" \/>\n\t<meta name=\"twitter:data2\" content=\"1 minute\" \/>\n<script type=\"application\/ld+json\" class=\"yoast-schema-graph\">{\"@context\":\"https:\\\/\\\/schema.org\",\"@graph\":[{\"@type\":\"Article\",\"@id\":\"https:\\\/\\\/sighisoaraonline.com\\\/content\\\/program-manifestari-cultural-artistice-specifice-sarbatorilor-de-iarna-2017\\\/#article\",\"isPartOf\":{\"@id\":\"https:\\\/\\\/sighisoaraonline.com\\\/content\\\/program-manifestari-cultural-artistice-specifice-sarbatorilor-de-iarna-2017\\\/\"},\"author\":{\"name\":\"Sighisoara Online\",\"@id\":\"https:\\\/\\\/sighisoaraonline.com\\\/content\\\/#\\\/schema\\\/person\\\/140de7f8d077626585be2e01dfe4cca0\"},\"headline\":\"Program manifestari cultural-artistice specifice Sarbatorilor de Iarna 2017\",\"datePublished\":\"2017-12-05T14:26:00+00:00\",\"mainEntityOfPage\":{\"@id\":\"https:\\\/\\\/sighisoaraonline.com\\\/content\\\/program-manifestari-cultural-artistice-specifice-sarbatorilor-de-iarna-2017\\\/\"},\"wordCount\":260,\"publisher\":{\"@id\":\"https:\\\/\\\/sighisoaraonline.com\\\/content\\\/#\\\/schema\\\/person\\\/140de7f8d077626585be2e01dfe4cca0\"},\"image\":{\"@id\":\"https:\\\/\\\/sighisoaraonline.com\\\/content\\\/program-manifestari-cultural-artistice-specifice-sarbatorilor-de-iarna-2017\\\/#primaryimage\"},\"thumbnailUrl\":\"https:\\\/\\\/sighisoaraonline.com\\\/content\\\/wp-content\\\/uploads\\\/2017\\\/12\\\/sarbatori-de-iarna-sighisoara-2017.jpg\",\"articleSection\":[\"Administratie\",\"Cultura\",\"Social\"],\"inLanguage\":\"en-US\"},{\"@type\":\"WebPage\",\"@id\":\"https:\\\/\\\/sighisoaraonline.com\\\/content\\\/program-manifestari-cultural-artistice-specifice-sarbatorilor-de-iarna-2017\\\/\",\"url\":\"https:\\\/\\\/sighisoaraonline.com\\\/content\\\/program-manifestari-cultural-artistice-specifice-sarbatorilor-de-iarna-2017\\\/\",\"name\":\"Program manifestari cultural-artistice specifice Sarbatorilor de Iarna 2017\",\"isPartOf\":{\"@id\":\"https:\\\/\\\/sighisoaraonline.com\\\/content\\\/#website\"},\"primaryImageOfPage\":{\"@id\":\"https:\\\/\\\/sighisoaraonline.com\\\/content\\\/program-manifestari-cultural-artistice-specifice-sarbatorilor-de-iarna-2017\\\/#primaryimage\"},\"image\":{\"@id\":\"https:\\\/\\\/sighisoaraonline.com\\\/content\\\/program-manifestari-cultural-artistice-specifice-sarbatorilor-de-iarna-2017\\\/#primaryimage\"},\"thumbnailUrl\":\"https:\\\/\\\/sighisoaraonline.com\\\/content\\\/wp-content\\\/uploads\\\/2017\\\/12\\\/sarbatori-de-iarna-sighisoara-2017.jpg\",\"datePublished\":\"2017-12-05T14:26:00+00:00\",\"breadcrumb\":{\"@id\":\"https:\\\/\\\/sighisoaraonline.com\\\/content\\\/program-manifestari-cultural-artistice-specifice-sarbatorilor-de-iarna-2017\\\/#breadcrumb\"},\"inLanguage\":\"en-US\",\"potentialAction\":[{\"@type\":\"ReadAction\",\"target\":[\"https:\\\/\\\/sighisoaraonline.com\\\/content\\\/program-manifestari-cultural-artistice-specifice-sarbatorilor-de-iarna-2017\\\/\"]}]},{\"@type\":\"ImageObject\",\"inLanguage\":\"en-US\",\"@id\":\"https:\\\/\\\/sighisoaraonline.com\\\/content\\\/program-manifestari-cultural-artistice-specifice-sarbatorilor-de-iarna-2017\\\/#primaryimage\",\"url\":\"https:\\\/\\\/sighisoaraonline.com\\\/content\\\/wp-content\\\/uploads\\\/2017\\\/12\\\/sarbatori-de-iarna-sighisoara-2017.jpg\",\"contentUrl\":\"https:\\\/\\\/sighisoaraonline.com\\\/content\\\/wp-content\\\/uploads\\\/2017\\\/12\\\/sarbatori-de-iarna-sighisoara-2017.jpg\",\"width\":768,\"height\":544},{\"@type\":\"BreadcrumbList\",\"@id\":\"https:\\\/\\\/sighisoaraonline.com\\\/content\\\/program-manifestari-cultural-artistice-specifice-sarbatorilor-de-iarna-2017\\\/#breadcrumb\",\"itemListElement\":[{\"@type\":\"ListItem\",\"position\":1,\"name\":\"Home\",\"item\":\"https:\\\/\\\/sighisoaraonline.com\\\/content\\\/\"},{\"@type\":\"ListItem\",\"position\":2,\"name\":\"Program manifestari cultural-artistice specifice Sarbatorilor de Iarna 2017\"}]},{\"@type\":\"WebSite\",\"@id\":\"https:\\\/\\\/sighisoaraonline.com\\\/content\\\/#website\",\"url\":\"https:\\\/\\\/sighisoaraonline.com\\\/content\\\/\",\"name\":\"Sighisoara\",\"description\":\"\",\"publisher\":{\"@id\":\"https:\\\/\\\/sighisoaraonline.com\\\/content\\\/#\\\/schema\\\/person\\\/140de7f8d077626585be2e01dfe4cca0\"},\"potentialAction\":[{\"@type\":\"SearchAction\",\"target\":{\"@type\":\"EntryPoint\",\"urlTemplate\":\"https:\\\/\\\/sighisoaraonline.com\\\/content\\\/?s={search_term_string}\"},\"query-input\":{\"@type\":\"PropertyValueSpecification\",\"valueRequired\":true,\"valueName\":\"search_term_string\"}}],\"inLanguage\":\"en-US\"},{\"@type\":[\"Person\",\"Organization\"],\"@id\":\"https:\\\/\\\/sighisoaraonline.com\\\/content\\\/#\\\/schema\\\/person\\\/140de7f8d077626585be2e01dfe4cca0\",\"name\":\"Sighisoara Online\",\"image\":{\"@type\":\"ImageObject\",\"inLanguage\":\"en-US\",\"@id\":\"https:\\\/\\\/sighisoaraonline.com\\\/content\\\/wp-content\\\/uploads\\\/2017\\\/03\\\/cropped-sigonlinen-1.png\",\"url\":\"https:\\\/\\\/sighisoaraonline.com\\\/content\\\/wp-content\\\/uploads\\\/2017\\\/03\\\/cropped-sigonlinen-1.png\",\"contentUrl\":\"https:\\\/\\\/sighisoaraonline.com\\\/content\\\/wp-content\\\/uploads\\\/2017\\\/03\\\/cropped-sigonlinen-1.png\",\"width\":257,\"height\":60,\"caption\":\"Sighisoara Online\"},\"logo\":{\"@id\":\"https:\\\/\\\/sighisoaraonline.com\\\/content\\\/wp-content\\\/uploads\\\/2017\\\/03\\\/cropped-sigonlinen-1.png\"},\"sameAs\":[\"https:\\\/\\\/www.facebook.com\\\/sighisoaraonline\\\/\",\"https:\\\/\\\/www.instagram.com\\\/sighisoaraonline\\\/\"],\"url\":\"https:\\\/\\\/sighisoaraonline.com\\\/content\\\/author\\\/paul\\\/\"}]}<\/script>\n<!-- \/ Yoast SEO plugin. -->","yoast_head_json":{"title":"Program manifestari cultural-artistice specifice Sarbatorilor de Iarna 2017","robots":{"index":"index","follow":"follow","max-snippet":"max-snippet:-1","max-image-preview":"max-image-preview:large","max-video-preview":"max-video-preview:-1"},"canonical":"https:\/\/sighisoaraonline.com\/content\/program-manifestari-cultural-artistice-specifice-sarbatorilor-de-iarna-2017\/","og_locale":"en_US","og_type":"article","og_title":"Program manifestari cultural-artistice specifice Sarbatorilor de Iarna 2017","og_description":"Pentru a veni \u00een \u00eent\u00e2mpinarea praznicului \u00eemp\u0103r\u0103tesc al Na\u0219terii Domnului nostru Iisus Hristos, Municipiul Sighi\u0219oara...","og_url":"https:\/\/sighisoaraonline.com\/content\/program-manifestari-cultural-artistice-specifice-sarbatorilor-de-iarna-2017\/","og_site_name":"Sighisoara","article_publisher":"https:\/\/www.facebook.com\/sighisoaraonline\/","article_author":"https:\/\/www.facebook.com\/sighisoaraonline\/","article_published_time":"2017-12-05T14:26:00+00:00","og_image":[{"width":768,"height":544,"url":"https:\/\/sighisoaraonline.com\/content\/wp-content\/uploads\/2017\/12\/sarbatori-de-iarna-sighisoara-2017.jpg","type":"image\/jpeg"}],"author":"Sighisoara Online","twitter_card":"summary_large_image","twitter_misc":{"Written by":"Sighisoara Online","Est. reading time":"1 minute"},"schema":{"@context":"https:\/\/schema.org","@graph":[{"@type":"Article","@id":"https:\/\/sighisoaraonline.com\/content\/program-manifestari-cultural-artistice-specifice-sarbatorilor-de-iarna-2017\/#article","isPartOf":{"@id":"https:\/\/sighisoaraonline.com\/content\/program-manifestari-cultural-artistice-specifice-sarbatorilor-de-iarna-2017\/"},"author":{"name":"Sighisoara Online","@id":"https:\/\/sighisoaraonline.com\/content\/#\/schema\/person\/140de7f8d077626585be2e01dfe4cca0"},"headline":"Program manifestari cultural-artistice specifice Sarbatorilor de Iarna 2017","datePublished":"2017-12-05T14:26:00+00:00","mainEntityOfPage":{"@id":"https:\/\/sighisoaraonline.com\/content\/program-manifestari-cultural-artistice-specifice-sarbatorilor-de-iarna-2017\/"},"wordCount":260,"publisher":{"@id":"https:\/\/sighisoaraonline.com\/content\/#\/schema\/person\/140de7f8d077626585be2e01dfe4cca0"},"image":{"@id":"https:\/\/sighisoaraonline.com\/content\/program-manifestari-cultural-artistice-specifice-sarbatorilor-de-iarna-2017\/#primaryimage"},"thumbnailUrl":"https:\/\/sighisoaraonline.com\/content\/wp-content\/uploads\/2017\/12\/sarbatori-de-iarna-sighisoara-2017.jpg","articleSection":["Administratie","Cultura","Social"],"inLanguage":"en-US"},{"@type":"WebPage","@id":"https:\/\/sighisoaraonline.com\/content\/program-manifestari-cultural-artistice-specifice-sarbatorilor-de-iarna-2017\/","url":"https:\/\/sighisoaraonline.com\/content\/program-manifestari-cultural-artistice-specifice-sarbatorilor-de-iarna-2017\/","name":"Program manifestari cultural-artistice specifice Sarbatorilor de Iarna 2017","isPartOf":{"@id":"https:\/\/sighisoaraonline.com\/content\/#website"},"primaryImageOfPage":{"@id":"https:\/\/sighisoaraonline.com\/content\/program-manifestari-cultural-artistice-specifice-sarbatorilor-de-iarna-2017\/#primaryimage"},"image":{"@id":"https:\/\/sighisoaraonline.com\/content\/program-manifestari-cultural-artistice-specifice-sarbatorilor-de-iarna-2017\/#primaryimage"},"thumbnailUrl":"https:\/\/sighisoaraonline.com\/content\/wp-content\/uploads\/2017\/12\/sarbatori-de-iarna-sighisoara-2017.jpg","datePublished":"2017-12-05T14:26:00+00:00","breadcrumb":{"@id":"https:\/\/sighisoaraonline.com\/content\/program-manifestari-cultural-artistice-specifice-sarbatorilor-de-iarna-2017\/#breadcrumb"},"inLanguage":"en-US","potentialAction":[{"@type":"ReadAction","target":["https:\/\/sighisoaraonline.com\/content\/program-manifestari-cultural-artistice-specifice-sarbatorilor-de-iarna-2017\/"]}]},{"@type":"ImageObject","inLanguage":"en-US","@id":"https:\/\/sighisoaraonline.com\/content\/program-manifestari-cultural-artistice-specifice-sarbatorilor-de-iarna-2017\/#primaryimage","url":"https:\/\/sighisoaraonline.com\/content\/wp-content\/uploads\/2017\/12\/sarbatori-de-iarna-sighisoara-2017.jpg","contentUrl":"https:\/\/sighisoaraonline.com\/content\/wp-content\/uploads\/2017\/12\/sarbatori-de-iarna-sighisoara-2017.jpg","width":768,"height":544},{"@type":"BreadcrumbList","@id":"https:\/\/sighisoaraonline.com\/content\/program-manifestari-cultural-artistice-specifice-sarbatorilor-de-iarna-2017\/#breadcrumb","itemListElement":[{"@type":"ListItem","position":1,"name":"Home","item":"https:\/\/sighisoaraonline.com\/content\/"},{"@type":"ListItem","position":2,"name":"Program manifestari cultural-artistice specifice Sarbatorilor de Iarna 2017"}]},{"@type":"WebSite","@id":"https:\/\/sighisoaraonline.com\/content\/#website","url":"https:\/\/sighisoaraonline.com\/content\/","name":"Sighisoara","description":"","publisher":{"@id":"https:\/\/sighisoaraonline.com\/content\/#\/schema\/person\/140de7f8d077626585be2e01dfe4cca0"},"potentialAction":[{"@type":"SearchAction","target":{"@type":"EntryPoint","urlTemplate":"https:\/\/sighisoaraonline.com\/content\/?s={search_term_string}"},"query-input":{"@type":"PropertyValueSpecification","valueRequired":true,"valueName":"search_term_string"}}],"inLanguage":"en-US"},{"@type":["Person","Organization"],"@id":"https:\/\/sighisoaraonline.com\/content\/#\/schema\/person\/140de7f8d077626585be2e01dfe4cca0","name":"Sighisoara Online","image":{"@type":"ImageObject","inLanguage":"en-US","@id":"https:\/\/sighisoaraonline.com\/content\/wp-content\/uploads\/2017\/03\/cropped-sigonlinen-1.png","url":"https:\/\/sighisoaraonline.com\/content\/wp-content\/uploads\/2017\/03\/cropped-sigonlinen-1.png","contentUrl":"https:\/\/sighisoaraonline.com\/content\/wp-content\/uploads\/2017\/03\/cropped-sigonlinen-1.png","width":257,"height":60,"caption":"Sighisoara Online"},"logo":{"@id":"https:\/\/sighisoaraonline.com\/content\/wp-content\/uploads\/2017\/03\/cropped-sigonlinen-1.png"},"sameAs":["https:\/\/www.facebook.com\/sighisoaraonline\/","https:\/\/www.instagram.com\/sighisoaraonline\/"],"url":"https:\/\/sighisoaraonline.com\/content\/author\/paul\/"}]}},"_links":{"self":[{"href":"https:\/\/sighisoaraonline.com\/content\/wp-json\/wp\/v2\/posts\/5617","targetHints":{"allow":["GET"]}}],"collection":[{"href":"https:\/\/sighisoaraonline.com\/content\/wp-json\/wp\/v2\/posts"}],"about":[{"href":"https:\/\/sighisoaraonline.com\/content\/wp-json\/wp\/v2\/types\/post"}],"author":[{"embeddable":true,"href":"https:\/\/sighisoaraonline.com\/content\/wp-json\/wp\/v2\/users\/1"}],"replies":[{"embeddable":true,"href":"https:\/\/sighisoaraonline.com\/content\/wp-json\/wp\/v2\/comments?post=5617"}],"version-history":[{"count":1,"href":"https:\/\/sighisoaraonline.com\/content\/wp-json\/wp\/v2\/posts\/5617\/revisions"}],"predecessor-version":[{"id":5619,"href":"https:\/\/sighisoaraonline.com\/content\/wp-json\/wp\/v2\/posts\/5617\/revisions\/5619"}],"wp:featuredmedia":[{"embeddable":true,"href":"https:\/\/sighisoaraonline.com\/content\/wp-json\/wp\/v2\/media\/5618"}],"wp:attachment":[{"href":"https:\/\/sighisoaraonline.com\/content\/wp-json\/wp\/v2\/media?parent=5617"}],"wp:term":[{"taxonomy":"category","embeddable":true,"href":"https:\/\/sighisoaraonline.com\/content\/wp-json\/wp\/v2\/categories?post=5617"},{"taxonomy":"post_tag","embeddable":true,"href":"https:\/\/sighisoaraonline.com\/content\/wp-json\/wp\/v2\/tags?post=5617"}],"curies":[{"name":"wp","href":"https:\/\/api.w.org\/{rel}","templated":true}]}}