{"id":5633,"date":"2017-12-06T13:24:02","date_gmt":"2017-12-06T13:24:02","guid":{"rendered":"https:\/\/sighisoaraonline.com\/content\/?p=5633"},"modified":"2017-12-06T13:24:02","modified_gmt":"2017-12-06T13:24:02","slug":"radioson-pregatiri-pentru-targul-de-craciun-ce-va-avea-loc-in-perioada-18-23-decembrie-in-piata-octavian-goga-din-sighisoara","status":"publish","type":"post","link":"https:\/\/sighisoaraonline.com\/content\/radioson-pregatiri-pentru-targul-de-craciun-ce-va-avea-loc-in-perioada-18-23-decembrie-in-piata-octavian-goga-din-sighisoara\/","title":{"rendered":"RadioSon: Pregatiri pentru Targul de Craciun ce va avea loc in perioada 18-23 decembrie in Pia\u021ba Octavian Goga din Sighisoara"},"content":{"rendered":"<p>Atelierul lui Mo\u0219 Cr\u0103ciun, spectacole tematice pentru copii, colinde, poezii \u0219i concerte sunt doar unele dintre surprizele preg\u0103tite pentru T\u00e2rgul de Cr\u0103ciun.<br \/>\nPe scena T\u00e2rgului de Cr\u0103ciun vor evolua grupuri de elevi sighi\u0219oreni, grupuri vocale locale, trupe de teatru, trupe de dans modern, ansambluri de dansuri, interpre\u021bi de muzic\u0103 folcloric\u0103, folk, dance, pop-rock, soul \u0219i blues.<\/p>\n<p>\u00cen data de 18 decembrie sighi\u0219orenii sunt a\u0219tepta\u021bi de elevi la t\u00e2rgul de produse specifice S\u0103rb\u0103torilor de Iarn\u0103.<br \/>\nPr\u0103jituri \u0219i turt\u0103 dulce, b\u0103uturi calde, cadouri, podoabe pentru brad \u0219i alte obiecte specifice vom g\u0103si la T\u00e2rgul de Cr\u0103ciun.<br \/>\n\u00cen perioada 27-30 decembrie la Sala Sander este preg\u0103tit evenimentul Sighi\u0219oara3DFilm cu proiec\u021bii de filme 3D care ruleaz\u0103 \u00een marile cinematografe<br \/>\nSighi\u0219orenii care vor alege s\u0103 petreac\u0103 Revelionul \u00een aer liber, se vor putea bucura de tradi\u021bionalul foc de artificii care va marca trecerea dintre ani.<\/p>\n","protected":false},"excerpt":{"rendered":"<p>Atelierul lui Mo\u0219 Cr\u0103ciun, spectacole tematice pentru copii, colinde, poezii \u0219i concerte sunt doar unele&#8230;<\/p>\n","protected":false},"author":1,"featured_media":5634,"comment_status":"closed","ping_status":"open","sticky":false,"template":"","format":"standard","meta":{"footnotes":""},"categories":[10,9,14],"tags":[],"class_list":["post-5633","post","type-post","status-publish","format-standard","has-post-thumbnail","hentry","category-administratie","category-cultura","category-social"],"yoast_head":"<!-- This site is optimized with the Yoast SEO plugin v27.4 - https:\/\/yoast.com\/product\/yoast-seo-wordpress\/ -->\n<title>RadioSon: Pregatiri pentru Targul de Craciun ce va avea loc in perioada 18-23 decembrie in Pia\u021ba Octavian Goga din Sighisoara<\/title>\n<meta name=\"robots\" content=\"index, follow, max-snippet:-1, max-image-preview:large, max-video-preview:-1\" \/>\n<link rel=\"canonical\" href=\"https:\/\/sighisoaraonline.com\/content\/radioson-pregatiri-pentru-targul-de-craciun-ce-va-avea-loc-in-perioada-18-23-decembrie-in-piata-octavian-goga-din-sighisoara\/\" \/>\n<meta property=\"og:locale\" content=\"en_US\" \/>\n<meta property=\"og:type\" content=\"article\" \/>\n<meta property=\"og:title\" content=\"RadioSon: Pregatiri pentru Targul de Craciun ce va avea loc in perioada 18-23 decembrie in Pia\u021ba Octavian Goga din Sighisoara\" \/>\n<meta property=\"og:description\" content=\"Atelierul lui Mo\u0219 Cr\u0103ciun, spectacole tematice pentru copii, colinde, poezii \u0219i concerte sunt doar unele...\" \/>\n<meta property=\"og:url\" content=\"https:\/\/sighisoaraonline.com\/content\/radioson-pregatiri-pentru-targul-de-craciun-ce-va-avea-loc-in-perioada-18-23-decembrie-in-piata-octavian-goga-din-sighisoara\/\" \/>\n<meta property=\"og:site_name\" content=\"Sighisoara\" \/>\n<meta property=\"article:publisher\" content=\"https:\/\/www.facebook.com\/sighisoaraonline\/\" \/>\n<meta property=\"article:author\" content=\"https:\/\/www.facebook.com\/sighisoaraonline\/\" \/>\n<meta property=\"article:published_time\" content=\"2017-12-06T13:24:02+00:00\" \/>\n<meta property=\"og:image\" content=\"https:\/\/sighisoaraonline.com\/content\/wp-content\/uploads\/2017\/12\/24862628_1609996315734123_9093071869516655812_n.jpg\" \/>\n\t<meta property=\"og:image:width\" content=\"640\" \/>\n\t<meta property=\"og:image:height\" content=\"477\" \/>\n\t<meta property=\"og:image:type\" content=\"image\/jpeg\" \/>\n<meta name=\"author\" content=\"Sighisoara Online\" \/>\n<meta name=\"twitter:card\" content=\"summary_large_image\" \/>\n<meta name=\"twitter:label1\" content=\"Written by\" \/>\n\t<meta name=\"twitter:data1\" content=\"Sighisoara Online\" \/>\n\t<meta name=\"twitter:label2\" content=\"Est. reading time\" \/>\n\t<meta name=\"twitter:data2\" content=\"1 minute\" \/>\n<script type=\"application\/ld+json\" class=\"yoast-schema-graph\">{\"@context\":\"https:\\\/\\\/schema.org\",\"@graph\":[{\"@type\":\"Article\",\"@id\":\"https:\\\/\\\/sighisoaraonline.com\\\/content\\\/radioson-pregatiri-pentru-targul-de-craciun-ce-va-avea-loc-in-perioada-18-23-decembrie-in-piata-octavian-goga-din-sighisoara\\\/#article\",\"isPartOf\":{\"@id\":\"https:\\\/\\\/sighisoaraonline.com\\\/content\\\/radioson-pregatiri-pentru-targul-de-craciun-ce-va-avea-loc-in-perioada-18-23-decembrie-in-piata-octavian-goga-din-sighisoara\\\/\"},\"author\":{\"name\":\"Sighisoara Online\",\"@id\":\"https:\\\/\\\/sighisoaraonline.com\\\/content\\\/#\\\/schema\\\/person\\\/140de7f8d077626585be2e01dfe4cca0\"},\"headline\":\"RadioSon: Pregatiri pentru Targul de Craciun ce va avea loc in perioada 18-23 decembrie in Pia\u021ba Octavian Goga din Sighisoara\",\"datePublished\":\"2017-12-06T13:24:02+00:00\",\"mainEntityOfPage\":{\"@id\":\"https:\\\/\\\/sighisoaraonline.com\\\/content\\\/radioson-pregatiri-pentru-targul-de-craciun-ce-va-avea-loc-in-perioada-18-23-decembrie-in-piata-octavian-goga-din-sighisoara\\\/\"},\"wordCount\":185,\"publisher\":{\"@id\":\"https:\\\/\\\/sighisoaraonline.com\\\/content\\\/#\\\/schema\\\/person\\\/140de7f8d077626585be2e01dfe4cca0\"},\"image\":{\"@id\":\"https:\\\/\\\/sighisoaraonline.com\\\/content\\\/radioson-pregatiri-pentru-targul-de-craciun-ce-va-avea-loc-in-perioada-18-23-decembrie-in-piata-octavian-goga-din-sighisoara\\\/#primaryimage\"},\"thumbnailUrl\":\"https:\\\/\\\/sighisoaraonline.com\\\/content\\\/wp-content\\\/uploads\\\/2017\\\/12\\\/24862628_1609996315734123_9093071869516655812_n.jpg\",\"articleSection\":[\"Administratie\",\"Cultura\",\"Social\"],\"inLanguage\":\"en-US\"},{\"@type\":\"WebPage\",\"@id\":\"https:\\\/\\\/sighisoaraonline.com\\\/content\\\/radioson-pregatiri-pentru-targul-de-craciun-ce-va-avea-loc-in-perioada-18-23-decembrie-in-piata-octavian-goga-din-sighisoara\\\/\",\"url\":\"https:\\\/\\\/sighisoaraonline.com\\\/content\\\/radioson-pregatiri-pentru-targul-de-craciun-ce-va-avea-loc-in-perioada-18-23-decembrie-in-piata-octavian-goga-din-sighisoara\\\/\",\"name\":\"RadioSon: Pregatiri pentru Targul de Craciun ce va avea loc in perioada 18-23 decembrie in Pia\u021ba Octavian Goga din Sighisoara\",\"isPartOf\":{\"@id\":\"https:\\\/\\\/sighisoaraonline.com\\\/content\\\/#website\"},\"primaryImageOfPage\":{\"@id\":\"https:\\\/\\\/sighisoaraonline.com\\\/content\\\/radioson-pregatiri-pentru-targul-de-craciun-ce-va-avea-loc-in-perioada-18-23-decembrie-in-piata-octavian-goga-din-sighisoara\\\/#primaryimage\"},\"image\":{\"@id\":\"https:\\\/\\\/sighisoaraonline.com\\\/content\\\/radioson-pregatiri-pentru-targul-de-craciun-ce-va-avea-loc-in-perioada-18-23-decembrie-in-piata-octavian-goga-din-sighisoara\\\/#primaryimage\"},\"thumbnailUrl\":\"https:\\\/\\\/sighisoaraonline.com\\\/content\\\/wp-content\\\/uploads\\\/2017\\\/12\\\/24862628_1609996315734123_9093071869516655812_n.jpg\",\"datePublished\":\"2017-12-06T13:24:02+00:00\",\"breadcrumb\":{\"@id\":\"https:\\\/\\\/sighisoaraonline.com\\\/content\\\/radioson-pregatiri-pentru-targul-de-craciun-ce-va-avea-loc-in-perioada-18-23-decembrie-in-piata-octavian-goga-din-sighisoara\\\/#breadcrumb\"},\"inLanguage\":\"en-US\",\"potentialAction\":[{\"@type\":\"ReadAction\",\"target\":[\"https:\\\/\\\/sighisoaraonline.com\\\/content\\\/radioson-pregatiri-pentru-targul-de-craciun-ce-va-avea-loc-in-perioada-18-23-decembrie-in-piata-octavian-goga-din-sighisoara\\\/\"]}]},{\"@type\":\"ImageObject\",\"inLanguage\":\"en-US\",\"@id\":\"https:\\\/\\\/sighisoaraonline.com\\\/content\\\/radioson-pregatiri-pentru-targul-de-craciun-ce-va-avea-loc-in-perioada-18-23-decembrie-in-piata-octavian-goga-din-sighisoara\\\/#primaryimage\",\"url\":\"https:\\\/\\\/sighisoaraonline.com\\\/content\\\/wp-content\\\/uploads\\\/2017\\\/12\\\/24862628_1609996315734123_9093071869516655812_n.jpg\",\"contentUrl\":\"https:\\\/\\\/sighisoaraonline.com\\\/content\\\/wp-content\\\/uploads\\\/2017\\\/12\\\/24862628_1609996315734123_9093071869516655812_n.jpg\",\"width\":640,\"height\":477},{\"@type\":\"BreadcrumbList\",\"@id\":\"https:\\\/\\\/sighisoaraonline.com\\\/content\\\/radioson-pregatiri-pentru-targul-de-craciun-ce-va-avea-loc-in-perioada-18-23-decembrie-in-piata-octavian-goga-din-sighisoara\\\/#breadcrumb\",\"itemListElement\":[{\"@type\":\"ListItem\",\"position\":1,\"name\":\"Home\",\"item\":\"https:\\\/\\\/sighisoaraonline.com\\\/content\\\/\"},{\"@type\":\"ListItem\",\"position\":2,\"name\":\"RadioSon: Pregatiri pentru Targul de Craciun ce va avea loc in perioada 18-23 decembrie in Pia\u021ba Octavian Goga din Sighisoara\"}]},{\"@type\":\"WebSite\",\"@id\":\"https:\\\/\\\/sighisoaraonline.com\\\/content\\\/#website\",\"url\":\"https:\\\/\\\/sighisoaraonline.com\\\/content\\\/\",\"name\":\"Sighisoara\",\"description\":\"\",\"publisher\":{\"@id\":\"https:\\\/\\\/sighisoaraonline.com\\\/content\\\/#\\\/schema\\\/person\\\/140de7f8d077626585be2e01dfe4cca0\"},\"potentialAction\":[{\"@type\":\"SearchAction\",\"target\":{\"@type\":\"EntryPoint\",\"urlTemplate\":\"https:\\\/\\\/sighisoaraonline.com\\\/content\\\/?s={search_term_string}\"},\"query-input\":{\"@type\":\"PropertyValueSpecification\",\"valueRequired\":true,\"valueName\":\"search_term_string\"}}],\"inLanguage\":\"en-US\"},{\"@type\":[\"Person\",\"Organization\"],\"@id\":\"https:\\\/\\\/sighisoaraonline.com\\\/content\\\/#\\\/schema\\\/person\\\/140de7f8d077626585be2e01dfe4cca0\",\"name\":\"Sighisoara Online\",\"image\":{\"@type\":\"ImageObject\",\"inLanguage\":\"en-US\",\"@id\":\"https:\\\/\\\/sighisoaraonline.com\\\/content\\\/wp-content\\\/uploads\\\/2017\\\/03\\\/cropped-sigonlinen-1.png\",\"url\":\"https:\\\/\\\/sighisoaraonline.com\\\/content\\\/wp-content\\\/uploads\\\/2017\\\/03\\\/cropped-sigonlinen-1.png\",\"contentUrl\":\"https:\\\/\\\/sighisoaraonline.com\\\/content\\\/wp-content\\\/uploads\\\/2017\\\/03\\\/cropped-sigonlinen-1.png\",\"width\":257,\"height\":60,\"caption\":\"Sighisoara Online\"},\"logo\":{\"@id\":\"https:\\\/\\\/sighisoaraonline.com\\\/content\\\/wp-content\\\/uploads\\\/2017\\\/03\\\/cropped-sigonlinen-1.png\"},\"sameAs\":[\"https:\\\/\\\/www.facebook.com\\\/sighisoaraonline\\\/\",\"https:\\\/\\\/www.instagram.com\\\/sighisoaraonline\\\/\"],\"url\":\"https:\\\/\\\/sighisoaraonline.com\\\/content\\\/author\\\/paul\\\/\"}]}<\/script>\n<!-- \/ Yoast SEO plugin. -->","yoast_head_json":{"title":"RadioSon: Pregatiri pentru Targul de Craciun ce va avea loc in perioada 18-23 decembrie in Pia\u021ba Octavian Goga din Sighisoara","robots":{"index":"index","follow":"follow","max-snippet":"max-snippet:-1","max-image-preview":"max-image-preview:large","max-video-preview":"max-video-preview:-1"},"canonical":"https:\/\/sighisoaraonline.com\/content\/radioson-pregatiri-pentru-targul-de-craciun-ce-va-avea-loc-in-perioada-18-23-decembrie-in-piata-octavian-goga-din-sighisoara\/","og_locale":"en_US","og_type":"article","og_title":"RadioSon: Pregatiri pentru Targul de Craciun ce va avea loc in perioada 18-23 decembrie in Pia\u021ba Octavian Goga din Sighisoara","og_description":"Atelierul lui Mo\u0219 Cr\u0103ciun, spectacole tematice pentru copii, colinde, poezii \u0219i concerte sunt doar unele...","og_url":"https:\/\/sighisoaraonline.com\/content\/radioson-pregatiri-pentru-targul-de-craciun-ce-va-avea-loc-in-perioada-18-23-decembrie-in-piata-octavian-goga-din-sighisoara\/","og_site_name":"Sighisoara","article_publisher":"https:\/\/www.facebook.com\/sighisoaraonline\/","article_author":"https:\/\/www.facebook.com\/sighisoaraonline\/","article_published_time":"2017-12-06T13:24:02+00:00","og_image":[{"width":640,"height":477,"url":"https:\/\/sighisoaraonline.com\/content\/wp-content\/uploads\/2017\/12\/24862628_1609996315734123_9093071869516655812_n.jpg","type":"image\/jpeg"}],"author":"Sighisoara Online","twitter_card":"summary_large_image","twitter_misc":{"Written by":"Sighisoara Online","Est. reading time":"1 minute"},"schema":{"@context":"https:\/\/schema.org","@graph":[{"@type":"Article","@id":"https:\/\/sighisoaraonline.com\/content\/radioson-pregatiri-pentru-targul-de-craciun-ce-va-avea-loc-in-perioada-18-23-decembrie-in-piata-octavian-goga-din-sighisoara\/#article","isPartOf":{"@id":"https:\/\/sighisoaraonline.com\/content\/radioson-pregatiri-pentru-targul-de-craciun-ce-va-avea-loc-in-perioada-18-23-decembrie-in-piata-octavian-goga-din-sighisoara\/"},"author":{"name":"Sighisoara Online","@id":"https:\/\/sighisoaraonline.com\/content\/#\/schema\/person\/140de7f8d077626585be2e01dfe4cca0"},"headline":"RadioSon: Pregatiri pentru Targul de Craciun ce va avea loc in perioada 18-23 decembrie in Pia\u021ba Octavian Goga din Sighisoara","datePublished":"2017-12-06T13:24:02+00:00","mainEntityOfPage":{"@id":"https:\/\/sighisoaraonline.com\/content\/radioson-pregatiri-pentru-targul-de-craciun-ce-va-avea-loc-in-perioada-18-23-decembrie-in-piata-octavian-goga-din-sighisoara\/"},"wordCount":185,"publisher":{"@id":"https:\/\/sighisoaraonline.com\/content\/#\/schema\/person\/140de7f8d077626585be2e01dfe4cca0"},"image":{"@id":"https:\/\/sighisoaraonline.com\/content\/radioson-pregatiri-pentru-targul-de-craciun-ce-va-avea-loc-in-perioada-18-23-decembrie-in-piata-octavian-goga-din-sighisoara\/#primaryimage"},"thumbnailUrl":"https:\/\/sighisoaraonline.com\/content\/wp-content\/uploads\/2017\/12\/24862628_1609996315734123_9093071869516655812_n.jpg","articleSection":["Administratie","Cultura","Social"],"inLanguage":"en-US"},{"@type":"WebPage","@id":"https:\/\/sighisoaraonline.com\/content\/radioson-pregatiri-pentru-targul-de-craciun-ce-va-avea-loc-in-perioada-18-23-decembrie-in-piata-octavian-goga-din-sighisoara\/","url":"https:\/\/sighisoaraonline.com\/content\/radioson-pregatiri-pentru-targul-de-craciun-ce-va-avea-loc-in-perioada-18-23-decembrie-in-piata-octavian-goga-din-sighisoara\/","name":"RadioSon: Pregatiri pentru Targul de Craciun ce va avea loc in perioada 18-23 decembrie in Pia\u021ba Octavian Goga din Sighisoara","isPartOf":{"@id":"https:\/\/sighisoaraonline.com\/content\/#website"},"primaryImageOfPage":{"@id":"https:\/\/sighisoaraonline.com\/content\/radioson-pregatiri-pentru-targul-de-craciun-ce-va-avea-loc-in-perioada-18-23-decembrie-in-piata-octavian-goga-din-sighisoara\/#primaryimage"},"image":{"@id":"https:\/\/sighisoaraonline.com\/content\/radioson-pregatiri-pentru-targul-de-craciun-ce-va-avea-loc-in-perioada-18-23-decembrie-in-piata-octavian-goga-din-sighisoara\/#primaryimage"},"thumbnailUrl":"https:\/\/sighisoaraonline.com\/content\/wp-content\/uploads\/2017\/12\/24862628_1609996315734123_9093071869516655812_n.jpg","datePublished":"2017-12-06T13:24:02+00:00","breadcrumb":{"@id":"https:\/\/sighisoaraonline.com\/content\/radioson-pregatiri-pentru-targul-de-craciun-ce-va-avea-loc-in-perioada-18-23-decembrie-in-piata-octavian-goga-din-sighisoara\/#breadcrumb"},"inLanguage":"en-US","potentialAction":[{"@type":"ReadAction","target":["https:\/\/sighisoaraonline.com\/content\/radioson-pregatiri-pentru-targul-de-craciun-ce-va-avea-loc-in-perioada-18-23-decembrie-in-piata-octavian-goga-din-sighisoara\/"]}]},{"@type":"ImageObject","inLanguage":"en-US","@id":"https:\/\/sighisoaraonline.com\/content\/radioson-pregatiri-pentru-targul-de-craciun-ce-va-avea-loc-in-perioada-18-23-decembrie-in-piata-octavian-goga-din-sighisoara\/#primaryimage","url":"https:\/\/sighisoaraonline.com\/content\/wp-content\/uploads\/2017\/12\/24862628_1609996315734123_9093071869516655812_n.jpg","contentUrl":"https:\/\/sighisoaraonline.com\/content\/wp-content\/uploads\/2017\/12\/24862628_1609996315734123_9093071869516655812_n.jpg","width":640,"height":477},{"@type":"BreadcrumbList","@id":"https:\/\/sighisoaraonline.com\/content\/radioson-pregatiri-pentru-targul-de-craciun-ce-va-avea-loc-in-perioada-18-23-decembrie-in-piata-octavian-goga-din-sighisoara\/#breadcrumb","itemListElement":[{"@type":"ListItem","position":1,"name":"Home","item":"https:\/\/sighisoaraonline.com\/content\/"},{"@type":"ListItem","position":2,"name":"RadioSon: Pregatiri pentru Targul de Craciun ce va avea loc in perioada 18-23 decembrie in Pia\u021ba Octavian Goga din Sighisoara"}]},{"@type":"WebSite","@id":"https:\/\/sighisoaraonline.com\/content\/#website","url":"https:\/\/sighisoaraonline.com\/content\/","name":"Sighisoara","description":"","publisher":{"@id":"https:\/\/sighisoaraonline.com\/content\/#\/schema\/person\/140de7f8d077626585be2e01dfe4cca0"},"potentialAction":[{"@type":"SearchAction","target":{"@type":"EntryPoint","urlTemplate":"https:\/\/sighisoaraonline.com\/content\/?s={search_term_string}"},"query-input":{"@type":"PropertyValueSpecification","valueRequired":true,"valueName":"search_term_string"}}],"inLanguage":"en-US"},{"@type":["Person","Organization"],"@id":"https:\/\/sighisoaraonline.com\/content\/#\/schema\/person\/140de7f8d077626585be2e01dfe4cca0","name":"Sighisoara Online","image":{"@type":"ImageObject","inLanguage":"en-US","@id":"https:\/\/sighisoaraonline.com\/content\/wp-content\/uploads\/2017\/03\/cropped-sigonlinen-1.png","url":"https:\/\/sighisoaraonline.com\/content\/wp-content\/uploads\/2017\/03\/cropped-sigonlinen-1.png","contentUrl":"https:\/\/sighisoaraonline.com\/content\/wp-content\/uploads\/2017\/03\/cropped-sigonlinen-1.png","width":257,"height":60,"caption":"Sighisoara Online"},"logo":{"@id":"https:\/\/sighisoaraonline.com\/content\/wp-content\/uploads\/2017\/03\/cropped-sigonlinen-1.png"},"sameAs":["https:\/\/www.facebook.com\/sighisoaraonline\/","https:\/\/www.instagram.com\/sighisoaraonline\/"],"url":"https:\/\/sighisoaraonline.com\/content\/author\/paul\/"}]}},"_links":{"self":[{"href":"https:\/\/sighisoaraonline.com\/content\/wp-json\/wp\/v2\/posts\/5633","targetHints":{"allow":["GET"]}}],"collection":[{"href":"https:\/\/sighisoaraonline.com\/content\/wp-json\/wp\/v2\/posts"}],"about":[{"href":"https:\/\/sighisoaraonline.com\/content\/wp-json\/wp\/v2\/types\/post"}],"author":[{"embeddable":true,"href":"https:\/\/sighisoaraonline.com\/content\/wp-json\/wp\/v2\/users\/1"}],"replies":[{"embeddable":true,"href":"https:\/\/sighisoaraonline.com\/content\/wp-json\/wp\/v2\/comments?post=5633"}],"version-history":[{"count":1,"href":"https:\/\/sighisoaraonline.com\/content\/wp-json\/wp\/v2\/posts\/5633\/revisions"}],"predecessor-version":[{"id":5635,"href":"https:\/\/sighisoaraonline.com\/content\/wp-json\/wp\/v2\/posts\/5633\/revisions\/5635"}],"wp:featuredmedia":[{"embeddable":true,"href":"https:\/\/sighisoaraonline.com\/content\/wp-json\/wp\/v2\/media\/5634"}],"wp:attachment":[{"href":"https:\/\/sighisoaraonline.com\/content\/wp-json\/wp\/v2\/media?parent=5633"}],"wp:term":[{"taxonomy":"category","embeddable":true,"href":"https:\/\/sighisoaraonline.com\/content\/wp-json\/wp\/v2\/categories?post=5633"},{"taxonomy":"post_tag","embeddable":true,"href":"https:\/\/sighisoaraonline.com\/content\/wp-json\/wp\/v2\/tags?post=5633"}],"curies":[{"name":"wp","href":"https:\/\/api.w.org\/{rel}","templated":true}]}}