{"id":8230,"date":"2018-05-28T09:03:23","date_gmt":"2018-05-28T09:03:23","guid":{"rendered":"https:\/\/sighisoaraonline.com\/content\/?p=8230"},"modified":"2018-05-28T09:03:35","modified_gmt":"2018-05-28T09:03:35","slug":"video-asociatia-pro-infrastructura-santier-cf-magistrala-m300-zona-sighisoara-02-04-2017","status":"publish","type":"post","link":"https:\/\/sighisoaraonline.com\/content\/video-asociatia-pro-infrastructura-santier-cf-magistrala-m300-zona-sighisoara-02-04-2017\/","title":{"rendered":"Video Asocia\u021bia Pro Infrastructur\u0103: Santier CF magistrala M300 zona Sighisoara &#8211; 02.04.2017"},"content":{"rendered":"<p>Asocia\u021bia Pro Infrastructur\u0103 monitorizeaza, impreuna cu membrii comunitatii, prin filmari aeriene si reportaje de la sol, marile santiere de infrastructura din Romania, in special constructia de autostrazi. Scopul acestor actiuni este de a demonstra modul in care se deruleaza contractele pentru obiectivele majore de investitii si de a aduce transparenta in relatia dintre autoritati, constructori si societatea civila.<\/p>\n<p>Podul feroviar cu o deschidere de 125 metri, situat \u00eentre Sighi\u015foara \u015fi A\u0163el, asigur\u0103 leg\u0103tura cu cele dou\u0103 tuneluri de cale ferat\u0103 dubl\u0103 nou-construite, tunelul Sighi\u015foara (401 m) \u015fi tunelul Dane\u015f (969 m). \u00cen prezent, tunelul Sighi\u015foara este finalizat \u00een propor\u0163ie de 95% , iar Tunelul Dane\u015f, cel mai lung tunel de cale ferat\u0103 nou-construit \u00een Rom\u00e2nia dup\u0103 1989, este finalizat \u00een propor\u0163ie de 92%. <\/p>\n","protected":false},"excerpt":{"rendered":"<p>Asocia\u021bia Pro Infrastructur\u0103 monitorizeaza, impreuna cu membrii comunitatii, prin filmari aeriene si reportaje de la&#8230;<\/p>\n","protected":false},"author":1,"featured_media":8233,"comment_status":"closed","ping_status":"open","sticky":false,"template":"","format":"video","meta":{"footnotes":""},"categories":[10,14],"tags":[],"class_list":["post-8230","post","type-post","status-publish","format-video","has-post-thumbnail","hentry","category-administratie","category-social","post_format-post-format-video"],"yoast_head":"<!-- This site is optimized with the Yoast SEO plugin v27.4 - https:\/\/yoast.com\/product\/yoast-seo-wordpress\/ -->\n<title>Video Asocia\u021bia Pro Infrastructur\u0103: Santier CF magistrala M300 zona Sighisoara - 02.04.2017<\/title>\n<meta name=\"robots\" content=\"index, follow, max-snippet:-1, max-image-preview:large, max-video-preview:-1\" \/>\n<link rel=\"canonical\" href=\"https:\/\/sighisoaraonline.com\/content\/video-asociatia-pro-infrastructura-santier-cf-magistrala-m300-zona-sighisoara-02-04-2017\/\" \/>\n<meta property=\"og:locale\" content=\"en_US\" \/>\n<meta property=\"og:type\" content=\"article\" \/>\n<meta property=\"og:title\" content=\"Video Asocia\u021bia Pro Infrastructur\u0103: Santier CF magistrala M300 zona Sighisoara - 02.04.2017\" \/>\n<meta property=\"og:description\" content=\"Asocia\u021bia Pro Infrastructur\u0103 monitorizeaza, impreuna cu membrii comunitatii, prin filmari aeriene si reportaje de la...\" \/>\n<meta property=\"og:url\" content=\"https:\/\/sighisoaraonline.com\/content\/video-asociatia-pro-infrastructura-santier-cf-magistrala-m300-zona-sighisoara-02-04-2017\/\" \/>\n<meta property=\"og:site_name\" content=\"Sighisoara\" \/>\n<meta property=\"article:publisher\" content=\"https:\/\/www.facebook.com\/sighisoaraonline\/\" \/>\n<meta property=\"article:author\" content=\"https:\/\/www.facebook.com\/sighisoaraonline\/\" \/>\n<meta property=\"article:published_time\" content=\"2018-05-28T09:03:23+00:00\" \/>\n<meta property=\"article:modified_time\" content=\"2018-05-28T09:03:35+00:00\" \/>\n<meta property=\"og:image\" content=\"https:\/\/sighisoaraonline.com\/content\/wp-content\/uploads\/2018\/05\/maxresdefault-1.jpg\" \/>\n\t<meta property=\"og:image:width\" content=\"1280\" \/>\n\t<meta property=\"og:image:height\" content=\"720\" \/>\n\t<meta property=\"og:image:type\" content=\"image\/jpeg\" \/>\n<meta name=\"author\" content=\"Sighisoara Online\" \/>\n<meta name=\"twitter:card\" content=\"summary_large_image\" \/>\n<meta name=\"twitter:label1\" content=\"Written by\" \/>\n\t<meta name=\"twitter:data1\" content=\"Sighisoara Online\" \/>\n\t<meta name=\"twitter:label2\" content=\"Est. reading time\" \/>\n\t<meta name=\"twitter:data2\" content=\"1 minute\" \/>\n<script type=\"application\/ld+json\" class=\"yoast-schema-graph\">{\"@context\":\"https:\\\/\\\/schema.org\",\"@graph\":[{\"@type\":\"Article\",\"@id\":\"https:\\\/\\\/sighisoaraonline.com\\\/content\\\/video-asociatia-pro-infrastructura-santier-cf-magistrala-m300-zona-sighisoara-02-04-2017\\\/#article\",\"isPartOf\":{\"@id\":\"https:\\\/\\\/sighisoaraonline.com\\\/content\\\/video-asociatia-pro-infrastructura-santier-cf-magistrala-m300-zona-sighisoara-02-04-2017\\\/\"},\"author\":{\"name\":\"Sighisoara Online\",\"@id\":\"https:\\\/\\\/sighisoaraonline.com\\\/content\\\/#\\\/schema\\\/person\\\/140de7f8d077626585be2e01dfe4cca0\"},\"headline\":\"Video Asocia\u021bia Pro Infrastructur\u0103: Santier CF magistrala M300 zona Sighisoara &#8211; 02.04.2017\",\"datePublished\":\"2018-05-28T09:03:23+00:00\",\"dateModified\":\"2018-05-28T09:03:35+00:00\",\"mainEntityOfPage\":{\"@id\":\"https:\\\/\\\/sighisoaraonline.com\\\/content\\\/video-asociatia-pro-infrastructura-santier-cf-magistrala-m300-zona-sighisoara-02-04-2017\\\/\"},\"wordCount\":137,\"publisher\":{\"@id\":\"https:\\\/\\\/sighisoaraonline.com\\\/content\\\/#\\\/schema\\\/person\\\/140de7f8d077626585be2e01dfe4cca0\"},\"image\":{\"@id\":\"https:\\\/\\\/sighisoaraonline.com\\\/content\\\/video-asociatia-pro-infrastructura-santier-cf-magistrala-m300-zona-sighisoara-02-04-2017\\\/#primaryimage\"},\"thumbnailUrl\":\"https:\\\/\\\/sighisoaraonline.com\\\/content\\\/wp-content\\\/uploads\\\/2018\\\/05\\\/maxresdefault-1.jpg\",\"articleSection\":[\"Administratie\",\"Social\"],\"inLanguage\":\"en-US\"},{\"@type\":\"WebPage\",\"@id\":\"https:\\\/\\\/sighisoaraonline.com\\\/content\\\/video-asociatia-pro-infrastructura-santier-cf-magistrala-m300-zona-sighisoara-02-04-2017\\\/\",\"url\":\"https:\\\/\\\/sighisoaraonline.com\\\/content\\\/video-asociatia-pro-infrastructura-santier-cf-magistrala-m300-zona-sighisoara-02-04-2017\\\/\",\"name\":\"Video Asocia\u021bia Pro Infrastructur\u0103: Santier CF magistrala M300 zona Sighisoara - 02.04.2017\",\"isPartOf\":{\"@id\":\"https:\\\/\\\/sighisoaraonline.com\\\/content\\\/#website\"},\"primaryImageOfPage\":{\"@id\":\"https:\\\/\\\/sighisoaraonline.com\\\/content\\\/video-asociatia-pro-infrastructura-santier-cf-magistrala-m300-zona-sighisoara-02-04-2017\\\/#primaryimage\"},\"image\":{\"@id\":\"https:\\\/\\\/sighisoaraonline.com\\\/content\\\/video-asociatia-pro-infrastructura-santier-cf-magistrala-m300-zona-sighisoara-02-04-2017\\\/#primaryimage\"},\"thumbnailUrl\":\"https:\\\/\\\/sighisoaraonline.com\\\/content\\\/wp-content\\\/uploads\\\/2018\\\/05\\\/maxresdefault-1.jpg\",\"datePublished\":\"2018-05-28T09:03:23+00:00\",\"dateModified\":\"2018-05-28T09:03:35+00:00\",\"breadcrumb\":{\"@id\":\"https:\\\/\\\/sighisoaraonline.com\\\/content\\\/video-asociatia-pro-infrastructura-santier-cf-magistrala-m300-zona-sighisoara-02-04-2017\\\/#breadcrumb\"},\"inLanguage\":\"en-US\",\"potentialAction\":[{\"@type\":\"ReadAction\",\"target\":[\"https:\\\/\\\/sighisoaraonline.com\\\/content\\\/video-asociatia-pro-infrastructura-santier-cf-magistrala-m300-zona-sighisoara-02-04-2017\\\/\"]}]},{\"@type\":\"ImageObject\",\"inLanguage\":\"en-US\",\"@id\":\"https:\\\/\\\/sighisoaraonline.com\\\/content\\\/video-asociatia-pro-infrastructura-santier-cf-magistrala-m300-zona-sighisoara-02-04-2017\\\/#primaryimage\",\"url\":\"https:\\\/\\\/sighisoaraonline.com\\\/content\\\/wp-content\\\/uploads\\\/2018\\\/05\\\/maxresdefault-1.jpg\",\"contentUrl\":\"https:\\\/\\\/sighisoaraonline.com\\\/content\\\/wp-content\\\/uploads\\\/2018\\\/05\\\/maxresdefault-1.jpg\",\"width\":1280,\"height\":720},{\"@type\":\"BreadcrumbList\",\"@id\":\"https:\\\/\\\/sighisoaraonline.com\\\/content\\\/video-asociatia-pro-infrastructura-santier-cf-magistrala-m300-zona-sighisoara-02-04-2017\\\/#breadcrumb\",\"itemListElement\":[{\"@type\":\"ListItem\",\"position\":1,\"name\":\"Home\",\"item\":\"https:\\\/\\\/sighisoaraonline.com\\\/content\\\/\"},{\"@type\":\"ListItem\",\"position\":2,\"name\":\"Video Asocia\u021bia Pro Infrastructur\u0103: Santier CF magistrala M300 zona Sighisoara &#8211; 02.04.2017\"}]},{\"@type\":\"WebSite\",\"@id\":\"https:\\\/\\\/sighisoaraonline.com\\\/content\\\/#website\",\"url\":\"https:\\\/\\\/sighisoaraonline.com\\\/content\\\/\",\"name\":\"Sighisoara\",\"description\":\"\",\"publisher\":{\"@id\":\"https:\\\/\\\/sighisoaraonline.com\\\/content\\\/#\\\/schema\\\/person\\\/140de7f8d077626585be2e01dfe4cca0\"},\"potentialAction\":[{\"@type\":\"SearchAction\",\"target\":{\"@type\":\"EntryPoint\",\"urlTemplate\":\"https:\\\/\\\/sighisoaraonline.com\\\/content\\\/?s={search_term_string}\"},\"query-input\":{\"@type\":\"PropertyValueSpecification\",\"valueRequired\":true,\"valueName\":\"search_term_string\"}}],\"inLanguage\":\"en-US\"},{\"@type\":[\"Person\",\"Organization\"],\"@id\":\"https:\\\/\\\/sighisoaraonline.com\\\/content\\\/#\\\/schema\\\/person\\\/140de7f8d077626585be2e01dfe4cca0\",\"name\":\"Sighisoara Online\",\"image\":{\"@type\":\"ImageObject\",\"inLanguage\":\"en-US\",\"@id\":\"https:\\\/\\\/sighisoaraonline.com\\\/content\\\/wp-content\\\/uploads\\\/2017\\\/03\\\/cropped-sigonlinen-1.png\",\"url\":\"https:\\\/\\\/sighisoaraonline.com\\\/content\\\/wp-content\\\/uploads\\\/2017\\\/03\\\/cropped-sigonlinen-1.png\",\"contentUrl\":\"https:\\\/\\\/sighisoaraonline.com\\\/content\\\/wp-content\\\/uploads\\\/2017\\\/03\\\/cropped-sigonlinen-1.png\",\"width\":257,\"height\":60,\"caption\":\"Sighisoara Online\"},\"logo\":{\"@id\":\"https:\\\/\\\/sighisoaraonline.com\\\/content\\\/wp-content\\\/uploads\\\/2017\\\/03\\\/cropped-sigonlinen-1.png\"},\"sameAs\":[\"https:\\\/\\\/www.facebook.com\\\/sighisoaraonline\\\/\",\"https:\\\/\\\/www.instagram.com\\\/sighisoaraonline\\\/\"],\"url\":\"https:\\\/\\\/sighisoaraonline.com\\\/content\\\/author\\\/paul\\\/\"}]}<\/script>\n<!-- \/ Yoast SEO plugin. -->","yoast_head_json":{"title":"Video Asocia\u021bia Pro Infrastructur\u0103: Santier CF magistrala M300 zona Sighisoara - 02.04.2017","robots":{"index":"index","follow":"follow","max-snippet":"max-snippet:-1","max-image-preview":"max-image-preview:large","max-video-preview":"max-video-preview:-1"},"canonical":"https:\/\/sighisoaraonline.com\/content\/video-asociatia-pro-infrastructura-santier-cf-magistrala-m300-zona-sighisoara-02-04-2017\/","og_locale":"en_US","og_type":"article","og_title":"Video Asocia\u021bia Pro Infrastructur\u0103: Santier CF magistrala M300 zona Sighisoara - 02.04.2017","og_description":"Asocia\u021bia Pro Infrastructur\u0103 monitorizeaza, impreuna cu membrii comunitatii, prin filmari aeriene si reportaje de la...","og_url":"https:\/\/sighisoaraonline.com\/content\/video-asociatia-pro-infrastructura-santier-cf-magistrala-m300-zona-sighisoara-02-04-2017\/","og_site_name":"Sighisoara","article_publisher":"https:\/\/www.facebook.com\/sighisoaraonline\/","article_author":"https:\/\/www.facebook.com\/sighisoaraonline\/","article_published_time":"2018-05-28T09:03:23+00:00","article_modified_time":"2018-05-28T09:03:35+00:00","og_image":[{"width":1280,"height":720,"url":"https:\/\/sighisoaraonline.com\/content\/wp-content\/uploads\/2018\/05\/maxresdefault-1.jpg","type":"image\/jpeg"}],"author":"Sighisoara Online","twitter_card":"summary_large_image","twitter_misc":{"Written by":"Sighisoara Online","Est. reading time":"1 minute"},"schema":{"@context":"https:\/\/schema.org","@graph":[{"@type":"Article","@id":"https:\/\/sighisoaraonline.com\/content\/video-asociatia-pro-infrastructura-santier-cf-magistrala-m300-zona-sighisoara-02-04-2017\/#article","isPartOf":{"@id":"https:\/\/sighisoaraonline.com\/content\/video-asociatia-pro-infrastructura-santier-cf-magistrala-m300-zona-sighisoara-02-04-2017\/"},"author":{"name":"Sighisoara Online","@id":"https:\/\/sighisoaraonline.com\/content\/#\/schema\/person\/140de7f8d077626585be2e01dfe4cca0"},"headline":"Video Asocia\u021bia Pro Infrastructur\u0103: Santier CF magistrala M300 zona Sighisoara &#8211; 02.04.2017","datePublished":"2018-05-28T09:03:23+00:00","dateModified":"2018-05-28T09:03:35+00:00","mainEntityOfPage":{"@id":"https:\/\/sighisoaraonline.com\/content\/video-asociatia-pro-infrastructura-santier-cf-magistrala-m300-zona-sighisoara-02-04-2017\/"},"wordCount":137,"publisher":{"@id":"https:\/\/sighisoaraonline.com\/content\/#\/schema\/person\/140de7f8d077626585be2e01dfe4cca0"},"image":{"@id":"https:\/\/sighisoaraonline.com\/content\/video-asociatia-pro-infrastructura-santier-cf-magistrala-m300-zona-sighisoara-02-04-2017\/#primaryimage"},"thumbnailUrl":"https:\/\/sighisoaraonline.com\/content\/wp-content\/uploads\/2018\/05\/maxresdefault-1.jpg","articleSection":["Administratie","Social"],"inLanguage":"en-US"},{"@type":"WebPage","@id":"https:\/\/sighisoaraonline.com\/content\/video-asociatia-pro-infrastructura-santier-cf-magistrala-m300-zona-sighisoara-02-04-2017\/","url":"https:\/\/sighisoaraonline.com\/content\/video-asociatia-pro-infrastructura-santier-cf-magistrala-m300-zona-sighisoara-02-04-2017\/","name":"Video Asocia\u021bia Pro Infrastructur\u0103: Santier CF magistrala M300 zona Sighisoara - 02.04.2017","isPartOf":{"@id":"https:\/\/sighisoaraonline.com\/content\/#website"},"primaryImageOfPage":{"@id":"https:\/\/sighisoaraonline.com\/content\/video-asociatia-pro-infrastructura-santier-cf-magistrala-m300-zona-sighisoara-02-04-2017\/#primaryimage"},"image":{"@id":"https:\/\/sighisoaraonline.com\/content\/video-asociatia-pro-infrastructura-santier-cf-magistrala-m300-zona-sighisoara-02-04-2017\/#primaryimage"},"thumbnailUrl":"https:\/\/sighisoaraonline.com\/content\/wp-content\/uploads\/2018\/05\/maxresdefault-1.jpg","datePublished":"2018-05-28T09:03:23+00:00","dateModified":"2018-05-28T09:03:35+00:00","breadcrumb":{"@id":"https:\/\/sighisoaraonline.com\/content\/video-asociatia-pro-infrastructura-santier-cf-magistrala-m300-zona-sighisoara-02-04-2017\/#breadcrumb"},"inLanguage":"en-US","potentialAction":[{"@type":"ReadAction","target":["https:\/\/sighisoaraonline.com\/content\/video-asociatia-pro-infrastructura-santier-cf-magistrala-m300-zona-sighisoara-02-04-2017\/"]}]},{"@type":"ImageObject","inLanguage":"en-US","@id":"https:\/\/sighisoaraonline.com\/content\/video-asociatia-pro-infrastructura-santier-cf-magistrala-m300-zona-sighisoara-02-04-2017\/#primaryimage","url":"https:\/\/sighisoaraonline.com\/content\/wp-content\/uploads\/2018\/05\/maxresdefault-1.jpg","contentUrl":"https:\/\/sighisoaraonline.com\/content\/wp-content\/uploads\/2018\/05\/maxresdefault-1.jpg","width":1280,"height":720},{"@type":"BreadcrumbList","@id":"https:\/\/sighisoaraonline.com\/content\/video-asociatia-pro-infrastructura-santier-cf-magistrala-m300-zona-sighisoara-02-04-2017\/#breadcrumb","itemListElement":[{"@type":"ListItem","position":1,"name":"Home","item":"https:\/\/sighisoaraonline.com\/content\/"},{"@type":"ListItem","position":2,"name":"Video Asocia\u021bia Pro Infrastructur\u0103: Santier CF magistrala M300 zona Sighisoara &#8211; 02.04.2017"}]},{"@type":"WebSite","@id":"https:\/\/sighisoaraonline.com\/content\/#website","url":"https:\/\/sighisoaraonline.com\/content\/","name":"Sighisoara","description":"","publisher":{"@id":"https:\/\/sighisoaraonline.com\/content\/#\/schema\/person\/140de7f8d077626585be2e01dfe4cca0"},"potentialAction":[{"@type":"SearchAction","target":{"@type":"EntryPoint","urlTemplate":"https:\/\/sighisoaraonline.com\/content\/?s={search_term_string}"},"query-input":{"@type":"PropertyValueSpecification","valueRequired":true,"valueName":"search_term_string"}}],"inLanguage":"en-US"},{"@type":["Person","Organization"],"@id":"https:\/\/sighisoaraonline.com\/content\/#\/schema\/person\/140de7f8d077626585be2e01dfe4cca0","name":"Sighisoara Online","image":{"@type":"ImageObject","inLanguage":"en-US","@id":"https:\/\/sighisoaraonline.com\/content\/wp-content\/uploads\/2017\/03\/cropped-sigonlinen-1.png","url":"https:\/\/sighisoaraonline.com\/content\/wp-content\/uploads\/2017\/03\/cropped-sigonlinen-1.png","contentUrl":"https:\/\/sighisoaraonline.com\/content\/wp-content\/uploads\/2017\/03\/cropped-sigonlinen-1.png","width":257,"height":60,"caption":"Sighisoara Online"},"logo":{"@id":"https:\/\/sighisoaraonline.com\/content\/wp-content\/uploads\/2017\/03\/cropped-sigonlinen-1.png"},"sameAs":["https:\/\/www.facebook.com\/sighisoaraonline\/","https:\/\/www.instagram.com\/sighisoaraonline\/"],"url":"https:\/\/sighisoaraonline.com\/content\/author\/paul\/"}]}},"_links":{"self":[{"href":"https:\/\/sighisoaraonline.com\/content\/wp-json\/wp\/v2\/posts\/8230","targetHints":{"allow":["GET"]}}],"collection":[{"href":"https:\/\/sighisoaraonline.com\/content\/wp-json\/wp\/v2\/posts"}],"about":[{"href":"https:\/\/sighisoaraonline.com\/content\/wp-json\/wp\/v2\/types\/post"}],"author":[{"embeddable":true,"href":"https:\/\/sighisoaraonline.com\/content\/wp-json\/wp\/v2\/users\/1"}],"replies":[{"embeddable":true,"href":"https:\/\/sighisoaraonline.com\/content\/wp-json\/wp\/v2\/comments?post=8230"}],"version-history":[{"count":1,"href":"https:\/\/sighisoaraonline.com\/content\/wp-json\/wp\/v2\/posts\/8230\/revisions"}],"predecessor-version":[{"id":8232,"href":"https:\/\/sighisoaraonline.com\/content\/wp-json\/wp\/v2\/posts\/8230\/revisions\/8232"}],"wp:featuredmedia":[{"embeddable":true,"href":"https:\/\/sighisoaraonline.com\/content\/wp-json\/wp\/v2\/media\/8233"}],"wp:attachment":[{"href":"https:\/\/sighisoaraonline.com\/content\/wp-json\/wp\/v2\/media?parent=8230"}],"wp:term":[{"taxonomy":"category","embeddable":true,"href":"https:\/\/sighisoaraonline.com\/content\/wp-json\/wp\/v2\/categories?post=8230"},{"taxonomy":"post_tag","embeddable":true,"href":"https:\/\/sighisoaraonline.com\/content\/wp-json\/wp\/v2\/tags?post=8230"}],"curies":[{"name":"wp","href":"https:\/\/api.w.org\/{rel}","templated":true}]}}