{"id":8492,"date":"2018-06-23T13:10:58","date_gmt":"2018-06-23T13:10:58","guid":{"rendered":"https:\/\/sighisoaraonline.com\/content\/?p=8492"},"modified":"2018-06-23T13:21:55","modified_gmt":"2018-06-23T13:21:55","slug":"radioson-astazi-si-maine-festival-de-folk-in-cetatea-sighisoara","status":"publish","type":"post","link":"https:\/\/sighisoaraonline.com\/content\/radioson-astazi-si-maine-festival-de-folk-in-cetatea-sighisoara\/","title":{"rendered":"RadioSon: Astazi si maine Festival de Folk in Cetatea Sighisoara"},"content":{"rendered":"<p>Spectacolele se vor desfasura in Piata Cetatii incepand cu ora 18.30. Capetele de afi\u0219 sunt : Alifantis &#038; Zan \u0219i Vasile \u0218eicaru &#038; Nicolae Matei, astazi \u00een prima sear\u0103, Mircea Baniciu, Vlady Cnejevici &#038; Teo Boar \u0219i Ducu Bertzi &#038; friends maine \u00een cea de-a doua sear\u0103. Adrian Ivani\u021bchi, Teodora Iacob &#038; band, Vali \u0218erban, Florin S\u0103s\u0103rman &#038; Alexandru Filip \u0219i \u0218tefania Iacob, al\u0103turi de poetul Sorin Poclitaru vor \u00eentregi oferta spectacolelor in aceasta seara, iar maine vor urca pe scena C\u0103t\u0103lin Condurache &#038; Sandy Deac, Maria Gheorghiu, Emeric Imre \u0219i Dinu Ol\u0103ra\u0219u &#038; Titu\u0219 Constantin. Invitat special \u2013 Sorin Minghiat. \u201c<\/p>\n<p>Atat astazi cat si maine, inainte de inceperea concertelor, mai pr\u00e9cis cu incepere de la ora 16.30 vor avea loc mai multe lans\u0103ri de c\u0103r\u021bi \u0219i albume folk la standul de langa scena din Piata Cetatii. Astfel, vor fi lansate c\u0103r\u021bile Nicu Alifantis \u2013 45 poeme la \u00eent\u00e2mplare (Alifantismusic 2018), Sorin Poclitaru \u2013 \u201e50\u201d \u0219i Dinu Ol\u0103ra\u0219u \u2013 An, ca \u0219i albumele folk \u0218tefania Iacob \u2013 Vindecarea de frig, Dinu Ol\u0103ra\u0219u \u2013 Bun , C\u0103t\u0103&#038;Sandy \u2013 Golden folks \u0219i Maria Gheorghiu \u2013 C\u00e2mp de lavand\u0103.<\/p>\n","protected":false},"excerpt":{"rendered":"<p>Spectacolele se vor desfasura in Piata Cetatii incepand cu ora 18.30. Capetele de afi\u0219 sunt&#8230;<\/p>\n","protected":false},"author":1,"featured_media":8493,"comment_status":"closed","ping_status":"open","sticky":false,"template":"","format":"standard","meta":{"footnotes":""},"categories":[9,14],"tags":[],"class_list":["post-8492","post","type-post","status-publish","format-standard","has-post-thumbnail","hentry","category-cultura","category-social"],"yoast_head":"<!-- This site is optimized with the Yoast SEO plugin v27.4 - https:\/\/yoast.com\/product\/yoast-seo-wordpress\/ -->\n<title>RadioSon: Astazi si maine Festival de Folk in Cetatea Sighisoara<\/title>\n<meta name=\"robots\" content=\"index, follow, max-snippet:-1, max-image-preview:large, max-video-preview:-1\" \/>\n<link rel=\"canonical\" href=\"https:\/\/sighisoaraonline.com\/content\/radioson-astazi-si-maine-festival-de-folk-in-cetatea-sighisoara\/\" \/>\n<meta property=\"og:locale\" content=\"en_US\" \/>\n<meta property=\"og:type\" content=\"article\" \/>\n<meta property=\"og:title\" content=\"RadioSon: Astazi si maine Festival de Folk in Cetatea Sighisoara\" \/>\n<meta property=\"og:description\" content=\"Spectacolele se vor desfasura in Piata Cetatii incepand cu ora 18.30. Capetele de afi\u0219 sunt...\" \/>\n<meta property=\"og:url\" content=\"https:\/\/sighisoaraonline.com\/content\/radioson-astazi-si-maine-festival-de-folk-in-cetatea-sighisoara\/\" \/>\n<meta property=\"og:site_name\" content=\"Sighisoara\" \/>\n<meta property=\"article:publisher\" content=\"https:\/\/www.facebook.com\/sighisoaraonline\/\" \/>\n<meta property=\"article:author\" content=\"https:\/\/www.facebook.com\/sighisoaraonline\/\" \/>\n<meta property=\"article:published_time\" content=\"2018-06-23T13:10:58+00:00\" \/>\n<meta property=\"article:modified_time\" content=\"2018-06-23T13:21:55+00:00\" \/>\n<meta property=\"og:image\" content=\"https:\/\/sighisoaraonline.com\/content\/wp-content\/uploads\/2018\/06\/36176052_1816813545052398_248888759188193280_n.jpg\" \/>\n\t<meta property=\"og:image:width\" content=\"960\" \/>\n\t<meta property=\"og:image:height\" content=\"536\" \/>\n\t<meta property=\"og:image:type\" content=\"image\/jpeg\" \/>\n<meta name=\"author\" content=\"Sighisoara Online\" \/>\n<meta name=\"twitter:card\" content=\"summary_large_image\" \/>\n<meta name=\"twitter:label1\" content=\"Written by\" \/>\n\t<meta name=\"twitter:data1\" content=\"Sighisoara Online\" \/>\n\t<meta name=\"twitter:label2\" content=\"Est. reading time\" \/>\n\t<meta name=\"twitter:data2\" content=\"1 minute\" \/>\n<script type=\"application\/ld+json\" class=\"yoast-schema-graph\">{\"@context\":\"https:\\\/\\\/schema.org\",\"@graph\":[{\"@type\":\"Article\",\"@id\":\"https:\\\/\\\/sighisoaraonline.com\\\/content\\\/radioson-astazi-si-maine-festival-de-folk-in-cetatea-sighisoara\\\/#article\",\"isPartOf\":{\"@id\":\"https:\\\/\\\/sighisoaraonline.com\\\/content\\\/radioson-astazi-si-maine-festival-de-folk-in-cetatea-sighisoara\\\/\"},\"author\":{\"name\":\"Sighisoara Online\",\"@id\":\"https:\\\/\\\/sighisoaraonline.com\\\/content\\\/#\\\/schema\\\/person\\\/140de7f8d077626585be2e01dfe4cca0\"},\"headline\":\"RadioSon: Astazi si maine Festival de Folk in Cetatea Sighisoara\",\"datePublished\":\"2018-06-23T13:10:58+00:00\",\"dateModified\":\"2018-06-23T13:21:55+00:00\",\"mainEntityOfPage\":{\"@id\":\"https:\\\/\\\/sighisoaraonline.com\\\/content\\\/radioson-astazi-si-maine-festival-de-folk-in-cetatea-sighisoara\\\/\"},\"wordCount\":195,\"publisher\":{\"@id\":\"https:\\\/\\\/sighisoaraonline.com\\\/content\\\/#\\\/schema\\\/person\\\/140de7f8d077626585be2e01dfe4cca0\"},\"image\":{\"@id\":\"https:\\\/\\\/sighisoaraonline.com\\\/content\\\/radioson-astazi-si-maine-festival-de-folk-in-cetatea-sighisoara\\\/#primaryimage\"},\"thumbnailUrl\":\"https:\\\/\\\/sighisoaraonline.com\\\/content\\\/wp-content\\\/uploads\\\/2018\\\/06\\\/36176052_1816813545052398_248888759188193280_n.jpg\",\"articleSection\":[\"Cultura\",\"Social\"],\"inLanguage\":\"en-US\"},{\"@type\":\"WebPage\",\"@id\":\"https:\\\/\\\/sighisoaraonline.com\\\/content\\\/radioson-astazi-si-maine-festival-de-folk-in-cetatea-sighisoara\\\/\",\"url\":\"https:\\\/\\\/sighisoaraonline.com\\\/content\\\/radioson-astazi-si-maine-festival-de-folk-in-cetatea-sighisoara\\\/\",\"name\":\"RadioSon: Astazi si maine Festival de Folk in Cetatea Sighisoara\",\"isPartOf\":{\"@id\":\"https:\\\/\\\/sighisoaraonline.com\\\/content\\\/#website\"},\"primaryImageOfPage\":{\"@id\":\"https:\\\/\\\/sighisoaraonline.com\\\/content\\\/radioson-astazi-si-maine-festival-de-folk-in-cetatea-sighisoara\\\/#primaryimage\"},\"image\":{\"@id\":\"https:\\\/\\\/sighisoaraonline.com\\\/content\\\/radioson-astazi-si-maine-festival-de-folk-in-cetatea-sighisoara\\\/#primaryimage\"},\"thumbnailUrl\":\"https:\\\/\\\/sighisoaraonline.com\\\/content\\\/wp-content\\\/uploads\\\/2018\\\/06\\\/36176052_1816813545052398_248888759188193280_n.jpg\",\"datePublished\":\"2018-06-23T13:10:58+00:00\",\"dateModified\":\"2018-06-23T13:21:55+00:00\",\"breadcrumb\":{\"@id\":\"https:\\\/\\\/sighisoaraonline.com\\\/content\\\/radioson-astazi-si-maine-festival-de-folk-in-cetatea-sighisoara\\\/#breadcrumb\"},\"inLanguage\":\"en-US\",\"potentialAction\":[{\"@type\":\"ReadAction\",\"target\":[\"https:\\\/\\\/sighisoaraonline.com\\\/content\\\/radioson-astazi-si-maine-festival-de-folk-in-cetatea-sighisoara\\\/\"]}]},{\"@type\":\"ImageObject\",\"inLanguage\":\"en-US\",\"@id\":\"https:\\\/\\\/sighisoaraonline.com\\\/content\\\/radioson-astazi-si-maine-festival-de-folk-in-cetatea-sighisoara\\\/#primaryimage\",\"url\":\"https:\\\/\\\/sighisoaraonline.com\\\/content\\\/wp-content\\\/uploads\\\/2018\\\/06\\\/36176052_1816813545052398_248888759188193280_n.jpg\",\"contentUrl\":\"https:\\\/\\\/sighisoaraonline.com\\\/content\\\/wp-content\\\/uploads\\\/2018\\\/06\\\/36176052_1816813545052398_248888759188193280_n.jpg\",\"width\":960,\"height\":536},{\"@type\":\"BreadcrumbList\",\"@id\":\"https:\\\/\\\/sighisoaraonline.com\\\/content\\\/radioson-astazi-si-maine-festival-de-folk-in-cetatea-sighisoara\\\/#breadcrumb\",\"itemListElement\":[{\"@type\":\"ListItem\",\"position\":1,\"name\":\"Home\",\"item\":\"https:\\\/\\\/sighisoaraonline.com\\\/content\\\/\"},{\"@type\":\"ListItem\",\"position\":2,\"name\":\"RadioSon: Astazi si maine Festival de Folk in Cetatea Sighisoara\"}]},{\"@type\":\"WebSite\",\"@id\":\"https:\\\/\\\/sighisoaraonline.com\\\/content\\\/#website\",\"url\":\"https:\\\/\\\/sighisoaraonline.com\\\/content\\\/\",\"name\":\"Sighisoara\",\"description\":\"\",\"publisher\":{\"@id\":\"https:\\\/\\\/sighisoaraonline.com\\\/content\\\/#\\\/schema\\\/person\\\/140de7f8d077626585be2e01dfe4cca0\"},\"potentialAction\":[{\"@type\":\"SearchAction\",\"target\":{\"@type\":\"EntryPoint\",\"urlTemplate\":\"https:\\\/\\\/sighisoaraonline.com\\\/content\\\/?s={search_term_string}\"},\"query-input\":{\"@type\":\"PropertyValueSpecification\",\"valueRequired\":true,\"valueName\":\"search_term_string\"}}],\"inLanguage\":\"en-US\"},{\"@type\":[\"Person\",\"Organization\"],\"@id\":\"https:\\\/\\\/sighisoaraonline.com\\\/content\\\/#\\\/schema\\\/person\\\/140de7f8d077626585be2e01dfe4cca0\",\"name\":\"Sighisoara Online\",\"image\":{\"@type\":\"ImageObject\",\"inLanguage\":\"en-US\",\"@id\":\"https:\\\/\\\/sighisoaraonline.com\\\/content\\\/wp-content\\\/uploads\\\/2017\\\/03\\\/cropped-sigonlinen-1.png\",\"url\":\"https:\\\/\\\/sighisoaraonline.com\\\/content\\\/wp-content\\\/uploads\\\/2017\\\/03\\\/cropped-sigonlinen-1.png\",\"contentUrl\":\"https:\\\/\\\/sighisoaraonline.com\\\/content\\\/wp-content\\\/uploads\\\/2017\\\/03\\\/cropped-sigonlinen-1.png\",\"width\":257,\"height\":60,\"caption\":\"Sighisoara Online\"},\"logo\":{\"@id\":\"https:\\\/\\\/sighisoaraonline.com\\\/content\\\/wp-content\\\/uploads\\\/2017\\\/03\\\/cropped-sigonlinen-1.png\"},\"sameAs\":[\"https:\\\/\\\/www.facebook.com\\\/sighisoaraonline\\\/\",\"https:\\\/\\\/www.instagram.com\\\/sighisoaraonline\\\/\"],\"url\":\"https:\\\/\\\/sighisoaraonline.com\\\/content\\\/author\\\/paul\\\/\"}]}<\/script>\n<!-- \/ Yoast SEO plugin. -->","yoast_head_json":{"title":"RadioSon: Astazi si maine Festival de Folk in Cetatea Sighisoara","robots":{"index":"index","follow":"follow","max-snippet":"max-snippet:-1","max-image-preview":"max-image-preview:large","max-video-preview":"max-video-preview:-1"},"canonical":"https:\/\/sighisoaraonline.com\/content\/radioson-astazi-si-maine-festival-de-folk-in-cetatea-sighisoara\/","og_locale":"en_US","og_type":"article","og_title":"RadioSon: Astazi si maine Festival de Folk in Cetatea Sighisoara","og_description":"Spectacolele se vor desfasura in Piata Cetatii incepand cu ora 18.30. Capetele de afi\u0219 sunt...","og_url":"https:\/\/sighisoaraonline.com\/content\/radioson-astazi-si-maine-festival-de-folk-in-cetatea-sighisoara\/","og_site_name":"Sighisoara","article_publisher":"https:\/\/www.facebook.com\/sighisoaraonline\/","article_author":"https:\/\/www.facebook.com\/sighisoaraonline\/","article_published_time":"2018-06-23T13:10:58+00:00","article_modified_time":"2018-06-23T13:21:55+00:00","og_image":[{"width":960,"height":536,"url":"https:\/\/sighisoaraonline.com\/content\/wp-content\/uploads\/2018\/06\/36176052_1816813545052398_248888759188193280_n.jpg","type":"image\/jpeg"}],"author":"Sighisoara Online","twitter_card":"summary_large_image","twitter_misc":{"Written by":"Sighisoara Online","Est. reading time":"1 minute"},"schema":{"@context":"https:\/\/schema.org","@graph":[{"@type":"Article","@id":"https:\/\/sighisoaraonline.com\/content\/radioson-astazi-si-maine-festival-de-folk-in-cetatea-sighisoara\/#article","isPartOf":{"@id":"https:\/\/sighisoaraonline.com\/content\/radioson-astazi-si-maine-festival-de-folk-in-cetatea-sighisoara\/"},"author":{"name":"Sighisoara Online","@id":"https:\/\/sighisoaraonline.com\/content\/#\/schema\/person\/140de7f8d077626585be2e01dfe4cca0"},"headline":"RadioSon: Astazi si maine Festival de Folk in Cetatea Sighisoara","datePublished":"2018-06-23T13:10:58+00:00","dateModified":"2018-06-23T13:21:55+00:00","mainEntityOfPage":{"@id":"https:\/\/sighisoaraonline.com\/content\/radioson-astazi-si-maine-festival-de-folk-in-cetatea-sighisoara\/"},"wordCount":195,"publisher":{"@id":"https:\/\/sighisoaraonline.com\/content\/#\/schema\/person\/140de7f8d077626585be2e01dfe4cca0"},"image":{"@id":"https:\/\/sighisoaraonline.com\/content\/radioson-astazi-si-maine-festival-de-folk-in-cetatea-sighisoara\/#primaryimage"},"thumbnailUrl":"https:\/\/sighisoaraonline.com\/content\/wp-content\/uploads\/2018\/06\/36176052_1816813545052398_248888759188193280_n.jpg","articleSection":["Cultura","Social"],"inLanguage":"en-US"},{"@type":"WebPage","@id":"https:\/\/sighisoaraonline.com\/content\/radioson-astazi-si-maine-festival-de-folk-in-cetatea-sighisoara\/","url":"https:\/\/sighisoaraonline.com\/content\/radioson-astazi-si-maine-festival-de-folk-in-cetatea-sighisoara\/","name":"RadioSon: Astazi si maine Festival de Folk in Cetatea Sighisoara","isPartOf":{"@id":"https:\/\/sighisoaraonline.com\/content\/#website"},"primaryImageOfPage":{"@id":"https:\/\/sighisoaraonline.com\/content\/radioson-astazi-si-maine-festival-de-folk-in-cetatea-sighisoara\/#primaryimage"},"image":{"@id":"https:\/\/sighisoaraonline.com\/content\/radioson-astazi-si-maine-festival-de-folk-in-cetatea-sighisoara\/#primaryimage"},"thumbnailUrl":"https:\/\/sighisoaraonline.com\/content\/wp-content\/uploads\/2018\/06\/36176052_1816813545052398_248888759188193280_n.jpg","datePublished":"2018-06-23T13:10:58+00:00","dateModified":"2018-06-23T13:21:55+00:00","breadcrumb":{"@id":"https:\/\/sighisoaraonline.com\/content\/radioson-astazi-si-maine-festival-de-folk-in-cetatea-sighisoara\/#breadcrumb"},"inLanguage":"en-US","potentialAction":[{"@type":"ReadAction","target":["https:\/\/sighisoaraonline.com\/content\/radioson-astazi-si-maine-festival-de-folk-in-cetatea-sighisoara\/"]}]},{"@type":"ImageObject","inLanguage":"en-US","@id":"https:\/\/sighisoaraonline.com\/content\/radioson-astazi-si-maine-festival-de-folk-in-cetatea-sighisoara\/#primaryimage","url":"https:\/\/sighisoaraonline.com\/content\/wp-content\/uploads\/2018\/06\/36176052_1816813545052398_248888759188193280_n.jpg","contentUrl":"https:\/\/sighisoaraonline.com\/content\/wp-content\/uploads\/2018\/06\/36176052_1816813545052398_248888759188193280_n.jpg","width":960,"height":536},{"@type":"BreadcrumbList","@id":"https:\/\/sighisoaraonline.com\/content\/radioson-astazi-si-maine-festival-de-folk-in-cetatea-sighisoara\/#breadcrumb","itemListElement":[{"@type":"ListItem","position":1,"name":"Home","item":"https:\/\/sighisoaraonline.com\/content\/"},{"@type":"ListItem","position":2,"name":"RadioSon: Astazi si maine Festival de Folk in Cetatea Sighisoara"}]},{"@type":"WebSite","@id":"https:\/\/sighisoaraonline.com\/content\/#website","url":"https:\/\/sighisoaraonline.com\/content\/","name":"Sighisoara","description":"","publisher":{"@id":"https:\/\/sighisoaraonline.com\/content\/#\/schema\/person\/140de7f8d077626585be2e01dfe4cca0"},"potentialAction":[{"@type":"SearchAction","target":{"@type":"EntryPoint","urlTemplate":"https:\/\/sighisoaraonline.com\/content\/?s={search_term_string}"},"query-input":{"@type":"PropertyValueSpecification","valueRequired":true,"valueName":"search_term_string"}}],"inLanguage":"en-US"},{"@type":["Person","Organization"],"@id":"https:\/\/sighisoaraonline.com\/content\/#\/schema\/person\/140de7f8d077626585be2e01dfe4cca0","name":"Sighisoara Online","image":{"@type":"ImageObject","inLanguage":"en-US","@id":"https:\/\/sighisoaraonline.com\/content\/wp-content\/uploads\/2017\/03\/cropped-sigonlinen-1.png","url":"https:\/\/sighisoaraonline.com\/content\/wp-content\/uploads\/2017\/03\/cropped-sigonlinen-1.png","contentUrl":"https:\/\/sighisoaraonline.com\/content\/wp-content\/uploads\/2017\/03\/cropped-sigonlinen-1.png","width":257,"height":60,"caption":"Sighisoara Online"},"logo":{"@id":"https:\/\/sighisoaraonline.com\/content\/wp-content\/uploads\/2017\/03\/cropped-sigonlinen-1.png"},"sameAs":["https:\/\/www.facebook.com\/sighisoaraonline\/","https:\/\/www.instagram.com\/sighisoaraonline\/"],"url":"https:\/\/sighisoaraonline.com\/content\/author\/paul\/"}]}},"_links":{"self":[{"href":"https:\/\/sighisoaraonline.com\/content\/wp-json\/wp\/v2\/posts\/8492","targetHints":{"allow":["GET"]}}],"collection":[{"href":"https:\/\/sighisoaraonline.com\/content\/wp-json\/wp\/v2\/posts"}],"about":[{"href":"https:\/\/sighisoaraonline.com\/content\/wp-json\/wp\/v2\/types\/post"}],"author":[{"embeddable":true,"href":"https:\/\/sighisoaraonline.com\/content\/wp-json\/wp\/v2\/users\/1"}],"replies":[{"embeddable":true,"href":"https:\/\/sighisoaraonline.com\/content\/wp-json\/wp\/v2\/comments?post=8492"}],"version-history":[{"count":1,"href":"https:\/\/sighisoaraonline.com\/content\/wp-json\/wp\/v2\/posts\/8492\/revisions"}],"predecessor-version":[{"id":8494,"href":"https:\/\/sighisoaraonline.com\/content\/wp-json\/wp\/v2\/posts\/8492\/revisions\/8494"}],"wp:featuredmedia":[{"embeddable":true,"href":"https:\/\/sighisoaraonline.com\/content\/wp-json\/wp\/v2\/media\/8493"}],"wp:attachment":[{"href":"https:\/\/sighisoaraonline.com\/content\/wp-json\/wp\/v2\/media?parent=8492"}],"wp:term":[{"taxonomy":"category","embeddable":true,"href":"https:\/\/sighisoaraonline.com\/content\/wp-json\/wp\/v2\/categories?post=8492"},{"taxonomy":"post_tag","embeddable":true,"href":"https:\/\/sighisoaraonline.com\/content\/wp-json\/wp\/v2\/tags?post=8492"}],"curies":[{"name":"wp","href":"https:\/\/api.w.org\/{rel}","templated":true}]}}