{"id":8495,"date":"2018-06-23T13:15:05","date_gmt":"2018-06-23T13:15:05","guid":{"rendered":"https:\/\/sighisoaraonline.com\/content\/?p=8495"},"modified":"2018-06-23T13:15:05","modified_gmt":"2018-06-23T13:15:05","slug":"radioson-prins-de-catre-politistii-sighisoreni-fara-permis-si-cu-mopedul-neinmatriculat","status":"publish","type":"post","link":"https:\/\/sighisoaraonline.com\/content\/radioson-prins-de-catre-politistii-sighisoreni-fara-permis-si-cu-mopedul-neinmatriculat\/","title":{"rendered":"RadioSon: Prins de catre politistii sighisoreni fara permis si cu mopedul neinmatriculat"},"content":{"rendered":"<p>La data de 21 iunie a.c., la ora 11:10, poli\u021bi\u0219ti din cadrul Sec\u0163iei de Poli\u0163ie Rural\u0103 nr. 10 Sighi\u015foara, au oprit \u00een trafic, pe raza localit\u0103\u0163ii Albe\u015fti, un moped condus de un t\u00e2n\u0103r, de 17 de ani, din localitatea Albe\u015fti. \u00cen urma verific\u0103rilor efectuate \u00een baza de date s-a constatat faptul c\u0103 mopedul nu este \u00eenmatriculat, iar t\u00e2n\u0103rul nu de\u0163ine permis de conducere pentru nicio categorie de vehicule.<\/p>\n<p>\u00cen cauz\u0103 se efectueaz\u0103 cercet\u0103ri sub aspectul s\u0103v\u00e2r\u015firii infrac\u0163iunilor de conducere pe drumurile publice a unui autovehicul ne\u00eenmatriculat \u015fi conducerea unui vehicul f\u0103r\u0103 permis de conducere.<\/p>\n","protected":false},"excerpt":{"rendered":"<p>La data de 21 iunie a.c., la ora 11:10, poli\u021bi\u0219ti din cadrul Sec\u0163iei de Poli\u0163ie&#8230;<\/p>\n","protected":false},"author":1,"featured_media":8496,"comment_status":"closed","ping_status":"open","sticky":false,"template":"","format":"standard","meta":{"footnotes":""},"categories":[10,14],"tags":[],"class_list":["post-8495","post","type-post","status-publish","format-standard","has-post-thumbnail","hentry","category-administratie","category-social"],"yoast_head":"<!-- This site is optimized with the Yoast SEO plugin v27.4 - https:\/\/yoast.com\/product\/yoast-seo-wordpress\/ -->\n<title>RadioSon: Prins de catre politistii sighisoreni fara permis si cu mopedul neinmatriculat<\/title>\n<meta name=\"robots\" content=\"index, follow, max-snippet:-1, max-image-preview:large, max-video-preview:-1\" \/>\n<link rel=\"canonical\" href=\"https:\/\/sighisoaraonline.com\/content\/radioson-prins-de-catre-politistii-sighisoreni-fara-permis-si-cu-mopedul-neinmatriculat\/\" \/>\n<meta property=\"og:locale\" content=\"en_US\" \/>\n<meta property=\"og:type\" content=\"article\" \/>\n<meta property=\"og:title\" content=\"RadioSon: Prins de catre politistii sighisoreni fara permis si cu mopedul neinmatriculat\" \/>\n<meta property=\"og:description\" content=\"La data de 21 iunie a.c., la ora 11:10, poli\u021bi\u0219ti din cadrul Sec\u0163iei de Poli\u0163ie...\" \/>\n<meta property=\"og:url\" content=\"https:\/\/sighisoaraonline.com\/content\/radioson-prins-de-catre-politistii-sighisoreni-fara-permis-si-cu-mopedul-neinmatriculat\/\" \/>\n<meta property=\"og:site_name\" content=\"Sighisoara\" \/>\n<meta property=\"article:publisher\" content=\"https:\/\/www.facebook.com\/sighisoaraonline\/\" \/>\n<meta property=\"article:author\" content=\"https:\/\/www.facebook.com\/sighisoaraonline\/\" \/>\n<meta property=\"article:published_time\" content=\"2018-06-23T13:15:05+00:00\" \/>\n<meta property=\"og:image\" content=\"https:\/\/sighisoaraonline.com\/content\/wp-content\/uploads\/2018\/06\/speed-3394370_1280.jpg\" \/>\n\t<meta property=\"og:image:width\" content=\"1024\" \/>\n\t<meta property=\"og:image:height\" content=\"680\" \/>\n\t<meta property=\"og:image:type\" content=\"image\/jpeg\" \/>\n<meta name=\"author\" content=\"Sighisoara Online\" \/>\n<meta name=\"twitter:card\" content=\"summary_large_image\" \/>\n<meta name=\"twitter:label1\" content=\"Written by\" \/>\n\t<meta name=\"twitter:data1\" content=\"Sighisoara Online\" \/>\n\t<meta name=\"twitter:label2\" content=\"Est. reading time\" \/>\n\t<meta name=\"twitter:data2\" content=\"1 minute\" \/>\n<script type=\"application\/ld+json\" class=\"yoast-schema-graph\">{\"@context\":\"https:\\\/\\\/schema.org\",\"@graph\":[{\"@type\":\"Article\",\"@id\":\"https:\\\/\\\/sighisoaraonline.com\\\/content\\\/radioson-prins-de-catre-politistii-sighisoreni-fara-permis-si-cu-mopedul-neinmatriculat\\\/#article\",\"isPartOf\":{\"@id\":\"https:\\\/\\\/sighisoaraonline.com\\\/content\\\/radioson-prins-de-catre-politistii-sighisoreni-fara-permis-si-cu-mopedul-neinmatriculat\\\/\"},\"author\":{\"name\":\"Sighisoara Online\",\"@id\":\"https:\\\/\\\/sighisoaraonline.com\\\/content\\\/#\\\/schema\\\/person\\\/140de7f8d077626585be2e01dfe4cca0\"},\"headline\":\"RadioSon: Prins de catre politistii sighisoreni fara permis si cu mopedul neinmatriculat\",\"datePublished\":\"2018-06-23T13:15:05+00:00\",\"mainEntityOfPage\":{\"@id\":\"https:\\\/\\\/sighisoaraonline.com\\\/content\\\/radioson-prins-de-catre-politistii-sighisoreni-fara-permis-si-cu-mopedul-neinmatriculat\\\/\"},\"wordCount\":124,\"publisher\":{\"@id\":\"https:\\\/\\\/sighisoaraonline.com\\\/content\\\/#\\\/schema\\\/person\\\/140de7f8d077626585be2e01dfe4cca0\"},\"image\":{\"@id\":\"https:\\\/\\\/sighisoaraonline.com\\\/content\\\/radioson-prins-de-catre-politistii-sighisoreni-fara-permis-si-cu-mopedul-neinmatriculat\\\/#primaryimage\"},\"thumbnailUrl\":\"https:\\\/\\\/sighisoaraonline.com\\\/content\\\/wp-content\\\/uploads\\\/2018\\\/06\\\/speed-3394370_1280.jpg\",\"articleSection\":[\"Administratie\",\"Social\"],\"inLanguage\":\"en-US\"},{\"@type\":\"WebPage\",\"@id\":\"https:\\\/\\\/sighisoaraonline.com\\\/content\\\/radioson-prins-de-catre-politistii-sighisoreni-fara-permis-si-cu-mopedul-neinmatriculat\\\/\",\"url\":\"https:\\\/\\\/sighisoaraonline.com\\\/content\\\/radioson-prins-de-catre-politistii-sighisoreni-fara-permis-si-cu-mopedul-neinmatriculat\\\/\",\"name\":\"RadioSon: Prins de catre politistii sighisoreni fara permis si cu mopedul neinmatriculat\",\"isPartOf\":{\"@id\":\"https:\\\/\\\/sighisoaraonline.com\\\/content\\\/#website\"},\"primaryImageOfPage\":{\"@id\":\"https:\\\/\\\/sighisoaraonline.com\\\/content\\\/radioson-prins-de-catre-politistii-sighisoreni-fara-permis-si-cu-mopedul-neinmatriculat\\\/#primaryimage\"},\"image\":{\"@id\":\"https:\\\/\\\/sighisoaraonline.com\\\/content\\\/radioson-prins-de-catre-politistii-sighisoreni-fara-permis-si-cu-mopedul-neinmatriculat\\\/#primaryimage\"},\"thumbnailUrl\":\"https:\\\/\\\/sighisoaraonline.com\\\/content\\\/wp-content\\\/uploads\\\/2018\\\/06\\\/speed-3394370_1280.jpg\",\"datePublished\":\"2018-06-23T13:15:05+00:00\",\"breadcrumb\":{\"@id\":\"https:\\\/\\\/sighisoaraonline.com\\\/content\\\/radioson-prins-de-catre-politistii-sighisoreni-fara-permis-si-cu-mopedul-neinmatriculat\\\/#breadcrumb\"},\"inLanguage\":\"en-US\",\"potentialAction\":[{\"@type\":\"ReadAction\",\"target\":[\"https:\\\/\\\/sighisoaraonline.com\\\/content\\\/radioson-prins-de-catre-politistii-sighisoreni-fara-permis-si-cu-mopedul-neinmatriculat\\\/\"]}]},{\"@type\":\"ImageObject\",\"inLanguage\":\"en-US\",\"@id\":\"https:\\\/\\\/sighisoaraonline.com\\\/content\\\/radioson-prins-de-catre-politistii-sighisoreni-fara-permis-si-cu-mopedul-neinmatriculat\\\/#primaryimage\",\"url\":\"https:\\\/\\\/sighisoaraonline.com\\\/content\\\/wp-content\\\/uploads\\\/2018\\\/06\\\/speed-3394370_1280.jpg\",\"contentUrl\":\"https:\\\/\\\/sighisoaraonline.com\\\/content\\\/wp-content\\\/uploads\\\/2018\\\/06\\\/speed-3394370_1280.jpg\",\"width\":1024,\"height\":680},{\"@type\":\"BreadcrumbList\",\"@id\":\"https:\\\/\\\/sighisoaraonline.com\\\/content\\\/radioson-prins-de-catre-politistii-sighisoreni-fara-permis-si-cu-mopedul-neinmatriculat\\\/#breadcrumb\",\"itemListElement\":[{\"@type\":\"ListItem\",\"position\":1,\"name\":\"Home\",\"item\":\"https:\\\/\\\/sighisoaraonline.com\\\/content\\\/\"},{\"@type\":\"ListItem\",\"position\":2,\"name\":\"RadioSon: Prins de catre politistii sighisoreni fara permis si cu mopedul neinmatriculat\"}]},{\"@type\":\"WebSite\",\"@id\":\"https:\\\/\\\/sighisoaraonline.com\\\/content\\\/#website\",\"url\":\"https:\\\/\\\/sighisoaraonline.com\\\/content\\\/\",\"name\":\"Sighisoara\",\"description\":\"\",\"publisher\":{\"@id\":\"https:\\\/\\\/sighisoaraonline.com\\\/content\\\/#\\\/schema\\\/person\\\/140de7f8d077626585be2e01dfe4cca0\"},\"potentialAction\":[{\"@type\":\"SearchAction\",\"target\":{\"@type\":\"EntryPoint\",\"urlTemplate\":\"https:\\\/\\\/sighisoaraonline.com\\\/content\\\/?s={search_term_string}\"},\"query-input\":{\"@type\":\"PropertyValueSpecification\",\"valueRequired\":true,\"valueName\":\"search_term_string\"}}],\"inLanguage\":\"en-US\"},{\"@type\":[\"Person\",\"Organization\"],\"@id\":\"https:\\\/\\\/sighisoaraonline.com\\\/content\\\/#\\\/schema\\\/person\\\/140de7f8d077626585be2e01dfe4cca0\",\"name\":\"Sighisoara Online\",\"image\":{\"@type\":\"ImageObject\",\"inLanguage\":\"en-US\",\"@id\":\"https:\\\/\\\/sighisoaraonline.com\\\/content\\\/wp-content\\\/uploads\\\/2017\\\/03\\\/cropped-sigonlinen-1.png\",\"url\":\"https:\\\/\\\/sighisoaraonline.com\\\/content\\\/wp-content\\\/uploads\\\/2017\\\/03\\\/cropped-sigonlinen-1.png\",\"contentUrl\":\"https:\\\/\\\/sighisoaraonline.com\\\/content\\\/wp-content\\\/uploads\\\/2017\\\/03\\\/cropped-sigonlinen-1.png\",\"width\":257,\"height\":60,\"caption\":\"Sighisoara Online\"},\"logo\":{\"@id\":\"https:\\\/\\\/sighisoaraonline.com\\\/content\\\/wp-content\\\/uploads\\\/2017\\\/03\\\/cropped-sigonlinen-1.png\"},\"sameAs\":[\"https:\\\/\\\/www.facebook.com\\\/sighisoaraonline\\\/\",\"https:\\\/\\\/www.instagram.com\\\/sighisoaraonline\\\/\"],\"url\":\"https:\\\/\\\/sighisoaraonline.com\\\/content\\\/author\\\/paul\\\/\"}]}<\/script>\n<!-- \/ Yoast SEO plugin. -->","yoast_head_json":{"title":"RadioSon: Prins de catre politistii sighisoreni fara permis si cu mopedul neinmatriculat","robots":{"index":"index","follow":"follow","max-snippet":"max-snippet:-1","max-image-preview":"max-image-preview:large","max-video-preview":"max-video-preview:-1"},"canonical":"https:\/\/sighisoaraonline.com\/content\/radioson-prins-de-catre-politistii-sighisoreni-fara-permis-si-cu-mopedul-neinmatriculat\/","og_locale":"en_US","og_type":"article","og_title":"RadioSon: Prins de catre politistii sighisoreni fara permis si cu mopedul neinmatriculat","og_description":"La data de 21 iunie a.c., la ora 11:10, poli\u021bi\u0219ti din cadrul Sec\u0163iei de Poli\u0163ie...","og_url":"https:\/\/sighisoaraonline.com\/content\/radioson-prins-de-catre-politistii-sighisoreni-fara-permis-si-cu-mopedul-neinmatriculat\/","og_site_name":"Sighisoara","article_publisher":"https:\/\/www.facebook.com\/sighisoaraonline\/","article_author":"https:\/\/www.facebook.com\/sighisoaraonline\/","article_published_time":"2018-06-23T13:15:05+00:00","og_image":[{"width":1024,"height":680,"url":"https:\/\/sighisoaraonline.com\/content\/wp-content\/uploads\/2018\/06\/speed-3394370_1280.jpg","type":"image\/jpeg"}],"author":"Sighisoara Online","twitter_card":"summary_large_image","twitter_misc":{"Written by":"Sighisoara Online","Est. reading time":"1 minute"},"schema":{"@context":"https:\/\/schema.org","@graph":[{"@type":"Article","@id":"https:\/\/sighisoaraonline.com\/content\/radioson-prins-de-catre-politistii-sighisoreni-fara-permis-si-cu-mopedul-neinmatriculat\/#article","isPartOf":{"@id":"https:\/\/sighisoaraonline.com\/content\/radioson-prins-de-catre-politistii-sighisoreni-fara-permis-si-cu-mopedul-neinmatriculat\/"},"author":{"name":"Sighisoara Online","@id":"https:\/\/sighisoaraonline.com\/content\/#\/schema\/person\/140de7f8d077626585be2e01dfe4cca0"},"headline":"RadioSon: Prins de catre politistii sighisoreni fara permis si cu mopedul neinmatriculat","datePublished":"2018-06-23T13:15:05+00:00","mainEntityOfPage":{"@id":"https:\/\/sighisoaraonline.com\/content\/radioson-prins-de-catre-politistii-sighisoreni-fara-permis-si-cu-mopedul-neinmatriculat\/"},"wordCount":124,"publisher":{"@id":"https:\/\/sighisoaraonline.com\/content\/#\/schema\/person\/140de7f8d077626585be2e01dfe4cca0"},"image":{"@id":"https:\/\/sighisoaraonline.com\/content\/radioson-prins-de-catre-politistii-sighisoreni-fara-permis-si-cu-mopedul-neinmatriculat\/#primaryimage"},"thumbnailUrl":"https:\/\/sighisoaraonline.com\/content\/wp-content\/uploads\/2018\/06\/speed-3394370_1280.jpg","articleSection":["Administratie","Social"],"inLanguage":"en-US"},{"@type":"WebPage","@id":"https:\/\/sighisoaraonline.com\/content\/radioson-prins-de-catre-politistii-sighisoreni-fara-permis-si-cu-mopedul-neinmatriculat\/","url":"https:\/\/sighisoaraonline.com\/content\/radioson-prins-de-catre-politistii-sighisoreni-fara-permis-si-cu-mopedul-neinmatriculat\/","name":"RadioSon: Prins de catre politistii sighisoreni fara permis si cu mopedul neinmatriculat","isPartOf":{"@id":"https:\/\/sighisoaraonline.com\/content\/#website"},"primaryImageOfPage":{"@id":"https:\/\/sighisoaraonline.com\/content\/radioson-prins-de-catre-politistii-sighisoreni-fara-permis-si-cu-mopedul-neinmatriculat\/#primaryimage"},"image":{"@id":"https:\/\/sighisoaraonline.com\/content\/radioson-prins-de-catre-politistii-sighisoreni-fara-permis-si-cu-mopedul-neinmatriculat\/#primaryimage"},"thumbnailUrl":"https:\/\/sighisoaraonline.com\/content\/wp-content\/uploads\/2018\/06\/speed-3394370_1280.jpg","datePublished":"2018-06-23T13:15:05+00:00","breadcrumb":{"@id":"https:\/\/sighisoaraonline.com\/content\/radioson-prins-de-catre-politistii-sighisoreni-fara-permis-si-cu-mopedul-neinmatriculat\/#breadcrumb"},"inLanguage":"en-US","potentialAction":[{"@type":"ReadAction","target":["https:\/\/sighisoaraonline.com\/content\/radioson-prins-de-catre-politistii-sighisoreni-fara-permis-si-cu-mopedul-neinmatriculat\/"]}]},{"@type":"ImageObject","inLanguage":"en-US","@id":"https:\/\/sighisoaraonline.com\/content\/radioson-prins-de-catre-politistii-sighisoreni-fara-permis-si-cu-mopedul-neinmatriculat\/#primaryimage","url":"https:\/\/sighisoaraonline.com\/content\/wp-content\/uploads\/2018\/06\/speed-3394370_1280.jpg","contentUrl":"https:\/\/sighisoaraonline.com\/content\/wp-content\/uploads\/2018\/06\/speed-3394370_1280.jpg","width":1024,"height":680},{"@type":"BreadcrumbList","@id":"https:\/\/sighisoaraonline.com\/content\/radioson-prins-de-catre-politistii-sighisoreni-fara-permis-si-cu-mopedul-neinmatriculat\/#breadcrumb","itemListElement":[{"@type":"ListItem","position":1,"name":"Home","item":"https:\/\/sighisoaraonline.com\/content\/"},{"@type":"ListItem","position":2,"name":"RadioSon: Prins de catre politistii sighisoreni fara permis si cu mopedul neinmatriculat"}]},{"@type":"WebSite","@id":"https:\/\/sighisoaraonline.com\/content\/#website","url":"https:\/\/sighisoaraonline.com\/content\/","name":"Sighisoara","description":"","publisher":{"@id":"https:\/\/sighisoaraonline.com\/content\/#\/schema\/person\/140de7f8d077626585be2e01dfe4cca0"},"potentialAction":[{"@type":"SearchAction","target":{"@type":"EntryPoint","urlTemplate":"https:\/\/sighisoaraonline.com\/content\/?s={search_term_string}"},"query-input":{"@type":"PropertyValueSpecification","valueRequired":true,"valueName":"search_term_string"}}],"inLanguage":"en-US"},{"@type":["Person","Organization"],"@id":"https:\/\/sighisoaraonline.com\/content\/#\/schema\/person\/140de7f8d077626585be2e01dfe4cca0","name":"Sighisoara Online","image":{"@type":"ImageObject","inLanguage":"en-US","@id":"https:\/\/sighisoaraonline.com\/content\/wp-content\/uploads\/2017\/03\/cropped-sigonlinen-1.png","url":"https:\/\/sighisoaraonline.com\/content\/wp-content\/uploads\/2017\/03\/cropped-sigonlinen-1.png","contentUrl":"https:\/\/sighisoaraonline.com\/content\/wp-content\/uploads\/2017\/03\/cropped-sigonlinen-1.png","width":257,"height":60,"caption":"Sighisoara Online"},"logo":{"@id":"https:\/\/sighisoaraonline.com\/content\/wp-content\/uploads\/2017\/03\/cropped-sigonlinen-1.png"},"sameAs":["https:\/\/www.facebook.com\/sighisoaraonline\/","https:\/\/www.instagram.com\/sighisoaraonline\/"],"url":"https:\/\/sighisoaraonline.com\/content\/author\/paul\/"}]}},"_links":{"self":[{"href":"https:\/\/sighisoaraonline.com\/content\/wp-json\/wp\/v2\/posts\/8495","targetHints":{"allow":["GET"]}}],"collection":[{"href":"https:\/\/sighisoaraonline.com\/content\/wp-json\/wp\/v2\/posts"}],"about":[{"href":"https:\/\/sighisoaraonline.com\/content\/wp-json\/wp\/v2\/types\/post"}],"author":[{"embeddable":true,"href":"https:\/\/sighisoaraonline.com\/content\/wp-json\/wp\/v2\/users\/1"}],"replies":[{"embeddable":true,"href":"https:\/\/sighisoaraonline.com\/content\/wp-json\/wp\/v2\/comments?post=8495"}],"version-history":[{"count":1,"href":"https:\/\/sighisoaraonline.com\/content\/wp-json\/wp\/v2\/posts\/8495\/revisions"}],"predecessor-version":[{"id":8497,"href":"https:\/\/sighisoaraonline.com\/content\/wp-json\/wp\/v2\/posts\/8495\/revisions\/8497"}],"wp:featuredmedia":[{"embeddable":true,"href":"https:\/\/sighisoaraonline.com\/content\/wp-json\/wp\/v2\/media\/8496"}],"wp:attachment":[{"href":"https:\/\/sighisoaraonline.com\/content\/wp-json\/wp\/v2\/media?parent=8495"}],"wp:term":[{"taxonomy":"category","embeddable":true,"href":"https:\/\/sighisoaraonline.com\/content\/wp-json\/wp\/v2\/categories?post=8495"},{"taxonomy":"post_tag","embeddable":true,"href":"https:\/\/sighisoaraonline.com\/content\/wp-json\/wp\/v2\/tags?post=8495"}],"curies":[{"name":"wp","href":"https:\/\/api.w.org\/{rel}","templated":true}]}}