{"id":8920,"date":"2018-07-24T16:59:19","date_gmt":"2018-07-24T16:59:19","guid":{"rendered":"https:\/\/sighisoaraonline.com\/content\/?p=8920"},"modified":"2018-07-24T16:59:19","modified_gmt":"2018-07-24T16:59:19","slug":"ceremonia-de-decernare-a-titlului-de-cetatean-de-onoare-al-municipiului-sighisoara-domnului-dr-karl-scheerer","status":"publish","type":"post","link":"https:\/\/sighisoaraonline.com\/content\/ceremonia-de-decernare-a-titlului-de-cetatean-de-onoare-al-municipiului-sighisoara-domnului-dr-karl-scheerer\/","title":{"rendered":"Ceremonia de decernare a titlului de \u201dCet\u0103\u021bean de onoare al municipiului Sighi\u0219oara\u201d domnului dr. Karl Scheerer"},"content":{"rendered":"<p>Joi, 2 august 2018, ora 11.00, la Biserica M\u0103n\u0103stirii, primarul municipiului Sighi\u0219oara, Ovidiu-Dumitru M\u0103l\u0103ncr\u0103vean va \u00eenm\u00e2na domnului dr. Karl Scheerer titlul de \u201dCet\u0103\u021bean de onoare al municipiului Sighi\u0219oara\u201d, pentru contribu\u021bia adus\u0103 la promovarea culturii sighi\u0219orene \u0219i pentru activitatea desf\u0103\u0219urat\u0103 \u00een domeniul cultural, pentru aportul adus la restaurarea patrimoniului istorico-cultural al municipiului Sighi\u0219oara prin atragerea de fonduri.<\/p>\n<p>La propunerea Forumului Democrat al Germanilor din Rom\u00e2nia &#8211; Filiala Sighi\u0219oara, Consiliului Local Sighi\u0219oara, prin Hot\u0103r\u00e2rea nr. 117\/31.05.2018, a aprobat conferirea titlului de \u201dCet\u0103\u021bean de onoare al municipiului Sighi\u0219oara\u201d domnului dr. Karl Scheerer.<\/p>\n<p>Domnul dr. Karl Scheerer s-a n\u0103scut \u00een data de 27 august 1943, \u00een Bato\u0219, jude\u021bul Mure\u0219. Este membru \u00een Consiliul de Conducere al Forumului Democrat al Germanilor din Rom\u00e2nia, vicepre\u0219edinte \u00een cadrul Forumului Democrat al Germanilor din Transilvania, fost pre\u0219edinte al Asocia\u021biei \u0218coala din Deal \u0219i al Forumului Democrat al Germanilor din Sighi\u0219oara, \u00een prezent av\u00e2nd func\u021bia de membru \u00een Consiliul de conducere al acestora.<\/p>\n<p>Prin intermediul Funda\u021biei Niermann, domnul dr. Karl Scheerer a atras fonduri de circa 6 milioane de EURO care au fost folosite \u0219i \u00een Sighi\u0219oara, pentru repara\u021biile capitale ale cl\u0103dirilor Liceului Teoretic \u201dJoseph Haltrich\u201d \u0219i ale Gradini\u021bei cu Program Normal nr. 6, cu predare \u00een limba german\u0103. A contribuit la publicarea \u0219i traducerea \u00een limba german\u0103 a Monografiei \u201dSighi\u0219oara\u201d scris\u0103 de domnul dr. Gheoghe Baltag, precum \u0219i la apari\u021bia\/traducerea altor publica\u021bii despre Sighi\u0219oara, f\u0103c\u00e2nd ca istoria Sighi\u0219oarei s\u0103 fie cunoscut\u0103 \u0219i peste grani\u021bele \u021b\u0103rii.<\/p>\n<p>V\u0103 invit\u0103m, \u00een data de 2 august a.c., ora 10.00, la Biserica M\u0103n\u0103stirii, s\u0103 participa\u021bi la Ceremonia de decernare a titlului de \u201dCet\u0103\u021bean de onoare al municipiului Sighi\u0219oara\u201d domnului dr. Karl Scheerer. Ceremonia va fi urmat\u0103 de Concertul \u201d\u00cent\u00e2lnire cu orga restaurat\u0103\u201d sus\u021binut \u00een cadrul celei de-a XXV-a edi\u021bii a Academiei Sighi\u0219oara 2018.<\/p>\n","protected":false},"excerpt":{"rendered":"<p>Joi, 2 august 2018, ora 11.00, la Biserica M\u0103n\u0103stirii, primarul municipiului Sighi\u0219oara, Ovidiu-Dumitru M\u0103l\u0103ncr\u0103vean va&#8230;<\/p>\n","protected":false},"author":1,"featured_media":8921,"comment_status":"closed","ping_status":"open","sticky":false,"template":"","format":"standard","meta":{"footnotes":""},"categories":[10,14],"tags":[],"class_list":["post-8920","post","type-post","status-publish","format-standard","has-post-thumbnail","hentry","category-administratie","category-social"],"yoast_head":"<!-- This site is optimized with the Yoast SEO plugin v27.5 - https:\/\/yoast.com\/product\/yoast-seo-wordpress\/ -->\n<title>Ceremonia de decernare a titlului de \u201dCet\u0103\u021bean de onoare al municipiului Sighi\u0219oara\u201d domnului dr. Karl Scheerer<\/title>\n<meta name=\"robots\" content=\"index, follow, max-snippet:-1, max-image-preview:large, max-video-preview:-1\" \/>\n<link rel=\"canonical\" href=\"https:\/\/sighisoaraonline.com\/content\/ceremonia-de-decernare-a-titlului-de-cetatean-de-onoare-al-municipiului-sighisoara-domnului-dr-karl-scheerer\/\" \/>\n<meta property=\"og:locale\" content=\"en_US\" \/>\n<meta property=\"og:type\" content=\"article\" \/>\n<meta property=\"og:title\" content=\"Ceremonia de decernare a titlului de \u201dCet\u0103\u021bean de onoare al municipiului Sighi\u0219oara\u201d domnului dr. Karl Scheerer\" \/>\n<meta property=\"og:description\" content=\"Joi, 2 august 2018, ora 11.00, la Biserica M\u0103n\u0103stirii, primarul municipiului Sighi\u0219oara, Ovidiu-Dumitru M\u0103l\u0103ncr\u0103vean va...\" \/>\n<meta property=\"og:url\" content=\"https:\/\/sighisoaraonline.com\/content\/ceremonia-de-decernare-a-titlului-de-cetatean-de-onoare-al-municipiului-sighisoara-domnului-dr-karl-scheerer\/\" \/>\n<meta property=\"og:site_name\" content=\"Sighisoara\" \/>\n<meta property=\"article:publisher\" content=\"https:\/\/www.facebook.com\/sighisoaraonline\/\" \/>\n<meta property=\"article:author\" content=\"https:\/\/www.facebook.com\/sighisoaraonline\/\" \/>\n<meta property=\"article:published_time\" content=\"2018-07-24T16:59:19+00:00\" \/>\n<meta property=\"og:image\" content=\"https:\/\/sighisoaraonline.com\/content\/wp-content\/uploads\/2018\/07\/FB_IMG_1532451437547.jpg\" \/>\n\t<meta property=\"og:image:width\" content=\"1872\" \/>\n\t<meta property=\"og:image:height\" content=\"1277\" \/>\n\t<meta property=\"og:image:type\" content=\"image\/jpeg\" \/>\n<meta name=\"author\" content=\"Sighisoara Online\" \/>\n<meta name=\"twitter:card\" content=\"summary_large_image\" \/>\n<meta name=\"twitter:label1\" content=\"Written by\" \/>\n\t<meta name=\"twitter:data1\" content=\"Sighisoara Online\" \/>\n\t<meta name=\"twitter:label2\" content=\"Est. reading time\" \/>\n\t<meta name=\"twitter:data2\" content=\"2 minutes\" \/>\n<script type=\"application\/ld+json\" class=\"yoast-schema-graph\">{\"@context\":\"https:\\\/\\\/schema.org\",\"@graph\":[{\"@type\":\"Article\",\"@id\":\"https:\\\/\\\/sighisoaraonline.com\\\/content\\\/ceremonia-de-decernare-a-titlului-de-cetatean-de-onoare-al-municipiului-sighisoara-domnului-dr-karl-scheerer\\\/#article\",\"isPartOf\":{\"@id\":\"https:\\\/\\\/sighisoaraonline.com\\\/content\\\/ceremonia-de-decernare-a-titlului-de-cetatean-de-onoare-al-municipiului-sighisoara-domnului-dr-karl-scheerer\\\/\"},\"author\":{\"name\":\"Sighisoara Online\",\"@id\":\"https:\\\/\\\/sighisoaraonline.com\\\/content\\\/#\\\/schema\\\/person\\\/140de7f8d077626585be2e01dfe4cca0\"},\"headline\":\"Ceremonia de decernare a titlului de \u201dCet\u0103\u021bean de onoare al municipiului Sighi\u0219oara\u201d domnului dr. Karl Scheerer\",\"datePublished\":\"2018-07-24T16:59:19+00:00\",\"mainEntityOfPage\":{\"@id\":\"https:\\\/\\\/sighisoaraonline.com\\\/content\\\/ceremonia-de-decernare-a-titlului-de-cetatean-de-onoare-al-municipiului-sighisoara-domnului-dr-karl-scheerer\\\/\"},\"wordCount\":351,\"publisher\":{\"@id\":\"https:\\\/\\\/sighisoaraonline.com\\\/content\\\/#\\\/schema\\\/person\\\/140de7f8d077626585be2e01dfe4cca0\"},\"image\":{\"@id\":\"https:\\\/\\\/sighisoaraonline.com\\\/content\\\/ceremonia-de-decernare-a-titlului-de-cetatean-de-onoare-al-municipiului-sighisoara-domnului-dr-karl-scheerer\\\/#primaryimage\"},\"thumbnailUrl\":\"https:\\\/\\\/sighisoaraonline.com\\\/content\\\/wp-content\\\/uploads\\\/2018\\\/07\\\/FB_IMG_1532451437547.jpg\",\"articleSection\":[\"Administratie\",\"Social\"],\"inLanguage\":\"en-US\"},{\"@type\":\"WebPage\",\"@id\":\"https:\\\/\\\/sighisoaraonline.com\\\/content\\\/ceremonia-de-decernare-a-titlului-de-cetatean-de-onoare-al-municipiului-sighisoara-domnului-dr-karl-scheerer\\\/\",\"url\":\"https:\\\/\\\/sighisoaraonline.com\\\/content\\\/ceremonia-de-decernare-a-titlului-de-cetatean-de-onoare-al-municipiului-sighisoara-domnului-dr-karl-scheerer\\\/\",\"name\":\"Ceremonia de decernare a titlului de \u201dCet\u0103\u021bean de onoare al municipiului Sighi\u0219oara\u201d domnului dr. Karl Scheerer\",\"isPartOf\":{\"@id\":\"https:\\\/\\\/sighisoaraonline.com\\\/content\\\/#website\"},\"primaryImageOfPage\":{\"@id\":\"https:\\\/\\\/sighisoaraonline.com\\\/content\\\/ceremonia-de-decernare-a-titlului-de-cetatean-de-onoare-al-municipiului-sighisoara-domnului-dr-karl-scheerer\\\/#primaryimage\"},\"image\":{\"@id\":\"https:\\\/\\\/sighisoaraonline.com\\\/content\\\/ceremonia-de-decernare-a-titlului-de-cetatean-de-onoare-al-municipiului-sighisoara-domnului-dr-karl-scheerer\\\/#primaryimage\"},\"thumbnailUrl\":\"https:\\\/\\\/sighisoaraonline.com\\\/content\\\/wp-content\\\/uploads\\\/2018\\\/07\\\/FB_IMG_1532451437547.jpg\",\"datePublished\":\"2018-07-24T16:59:19+00:00\",\"breadcrumb\":{\"@id\":\"https:\\\/\\\/sighisoaraonline.com\\\/content\\\/ceremonia-de-decernare-a-titlului-de-cetatean-de-onoare-al-municipiului-sighisoara-domnului-dr-karl-scheerer\\\/#breadcrumb\"},\"inLanguage\":\"en-US\",\"potentialAction\":[{\"@type\":\"ReadAction\",\"target\":[\"https:\\\/\\\/sighisoaraonline.com\\\/content\\\/ceremonia-de-decernare-a-titlului-de-cetatean-de-onoare-al-municipiului-sighisoara-domnului-dr-karl-scheerer\\\/\"]}]},{\"@type\":\"ImageObject\",\"inLanguage\":\"en-US\",\"@id\":\"https:\\\/\\\/sighisoaraonline.com\\\/content\\\/ceremonia-de-decernare-a-titlului-de-cetatean-de-onoare-al-municipiului-sighisoara-domnului-dr-karl-scheerer\\\/#primaryimage\",\"url\":\"https:\\\/\\\/sighisoaraonline.com\\\/content\\\/wp-content\\\/uploads\\\/2018\\\/07\\\/FB_IMG_1532451437547.jpg\",\"contentUrl\":\"https:\\\/\\\/sighisoaraonline.com\\\/content\\\/wp-content\\\/uploads\\\/2018\\\/07\\\/FB_IMG_1532451437547.jpg\",\"width\":1872,\"height\":1277},{\"@type\":\"BreadcrumbList\",\"@id\":\"https:\\\/\\\/sighisoaraonline.com\\\/content\\\/ceremonia-de-decernare-a-titlului-de-cetatean-de-onoare-al-municipiului-sighisoara-domnului-dr-karl-scheerer\\\/#breadcrumb\",\"itemListElement\":[{\"@type\":\"ListItem\",\"position\":1,\"name\":\"Home\",\"item\":\"https:\\\/\\\/sighisoaraonline.com\\\/content\\\/\"},{\"@type\":\"ListItem\",\"position\":2,\"name\":\"Ceremonia de decernare a titlului de \u201dCet\u0103\u021bean de onoare al municipiului Sighi\u0219oara\u201d domnului dr. Karl Scheerer\"}]},{\"@type\":\"WebSite\",\"@id\":\"https:\\\/\\\/sighisoaraonline.com\\\/content\\\/#website\",\"url\":\"https:\\\/\\\/sighisoaraonline.com\\\/content\\\/\",\"name\":\"Sighisoara\",\"description\":\"\",\"publisher\":{\"@id\":\"https:\\\/\\\/sighisoaraonline.com\\\/content\\\/#\\\/schema\\\/person\\\/140de7f8d077626585be2e01dfe4cca0\"},\"potentialAction\":[{\"@type\":\"SearchAction\",\"target\":{\"@type\":\"EntryPoint\",\"urlTemplate\":\"https:\\\/\\\/sighisoaraonline.com\\\/content\\\/?s={search_term_string}\"},\"query-input\":{\"@type\":\"PropertyValueSpecification\",\"valueRequired\":true,\"valueName\":\"search_term_string\"}}],\"inLanguage\":\"en-US\"},{\"@type\":[\"Person\",\"Organization\"],\"@id\":\"https:\\\/\\\/sighisoaraonline.com\\\/content\\\/#\\\/schema\\\/person\\\/140de7f8d077626585be2e01dfe4cca0\",\"name\":\"Sighisoara Online\",\"image\":{\"@type\":\"ImageObject\",\"inLanguage\":\"en-US\",\"@id\":\"https:\\\/\\\/sighisoaraonline.com\\\/content\\\/wp-content\\\/uploads\\\/2017\\\/03\\\/cropped-sigonlinen-1.png\",\"url\":\"https:\\\/\\\/sighisoaraonline.com\\\/content\\\/wp-content\\\/uploads\\\/2017\\\/03\\\/cropped-sigonlinen-1.png\",\"contentUrl\":\"https:\\\/\\\/sighisoaraonline.com\\\/content\\\/wp-content\\\/uploads\\\/2017\\\/03\\\/cropped-sigonlinen-1.png\",\"width\":257,\"height\":60,\"caption\":\"Sighisoara Online\"},\"logo\":{\"@id\":\"https:\\\/\\\/sighisoaraonline.com\\\/content\\\/wp-content\\\/uploads\\\/2017\\\/03\\\/cropped-sigonlinen-1.png\"},\"sameAs\":[\"https:\\\/\\\/www.facebook.com\\\/sighisoaraonline\\\/\",\"https:\\\/\\\/www.instagram.com\\\/sighisoaraonline\\\/\"],\"url\":\"https:\\\/\\\/sighisoaraonline.com\\\/content\\\/author\\\/paul\\\/\"}]}<\/script>\n<!-- \/ Yoast SEO plugin. -->","yoast_head_json":{"title":"Ceremonia de decernare a titlului de \u201dCet\u0103\u021bean de onoare al municipiului Sighi\u0219oara\u201d domnului dr. Karl Scheerer","robots":{"index":"index","follow":"follow","max-snippet":"max-snippet:-1","max-image-preview":"max-image-preview:large","max-video-preview":"max-video-preview:-1"},"canonical":"https:\/\/sighisoaraonline.com\/content\/ceremonia-de-decernare-a-titlului-de-cetatean-de-onoare-al-municipiului-sighisoara-domnului-dr-karl-scheerer\/","og_locale":"en_US","og_type":"article","og_title":"Ceremonia de decernare a titlului de \u201dCet\u0103\u021bean de onoare al municipiului Sighi\u0219oara\u201d domnului dr. Karl Scheerer","og_description":"Joi, 2 august 2018, ora 11.00, la Biserica M\u0103n\u0103stirii, primarul municipiului Sighi\u0219oara, Ovidiu-Dumitru M\u0103l\u0103ncr\u0103vean va...","og_url":"https:\/\/sighisoaraonline.com\/content\/ceremonia-de-decernare-a-titlului-de-cetatean-de-onoare-al-municipiului-sighisoara-domnului-dr-karl-scheerer\/","og_site_name":"Sighisoara","article_publisher":"https:\/\/www.facebook.com\/sighisoaraonline\/","article_author":"https:\/\/www.facebook.com\/sighisoaraonline\/","article_published_time":"2018-07-24T16:59:19+00:00","og_image":[{"width":1872,"height":1277,"url":"https:\/\/sighisoaraonline.com\/content\/wp-content\/uploads\/2018\/07\/FB_IMG_1532451437547.jpg","type":"image\/jpeg"}],"author":"Sighisoara Online","twitter_card":"summary_large_image","twitter_misc":{"Written by":"Sighisoara Online","Est. reading time":"2 minutes"},"schema":{"@context":"https:\/\/schema.org","@graph":[{"@type":"Article","@id":"https:\/\/sighisoaraonline.com\/content\/ceremonia-de-decernare-a-titlului-de-cetatean-de-onoare-al-municipiului-sighisoara-domnului-dr-karl-scheerer\/#article","isPartOf":{"@id":"https:\/\/sighisoaraonline.com\/content\/ceremonia-de-decernare-a-titlului-de-cetatean-de-onoare-al-municipiului-sighisoara-domnului-dr-karl-scheerer\/"},"author":{"name":"Sighisoara Online","@id":"https:\/\/sighisoaraonline.com\/content\/#\/schema\/person\/140de7f8d077626585be2e01dfe4cca0"},"headline":"Ceremonia de decernare a titlului de \u201dCet\u0103\u021bean de onoare al municipiului Sighi\u0219oara\u201d domnului dr. Karl Scheerer","datePublished":"2018-07-24T16:59:19+00:00","mainEntityOfPage":{"@id":"https:\/\/sighisoaraonline.com\/content\/ceremonia-de-decernare-a-titlului-de-cetatean-de-onoare-al-municipiului-sighisoara-domnului-dr-karl-scheerer\/"},"wordCount":351,"publisher":{"@id":"https:\/\/sighisoaraonline.com\/content\/#\/schema\/person\/140de7f8d077626585be2e01dfe4cca0"},"image":{"@id":"https:\/\/sighisoaraonline.com\/content\/ceremonia-de-decernare-a-titlului-de-cetatean-de-onoare-al-municipiului-sighisoara-domnului-dr-karl-scheerer\/#primaryimage"},"thumbnailUrl":"https:\/\/sighisoaraonline.com\/content\/wp-content\/uploads\/2018\/07\/FB_IMG_1532451437547.jpg","articleSection":["Administratie","Social"],"inLanguage":"en-US"},{"@type":"WebPage","@id":"https:\/\/sighisoaraonline.com\/content\/ceremonia-de-decernare-a-titlului-de-cetatean-de-onoare-al-municipiului-sighisoara-domnului-dr-karl-scheerer\/","url":"https:\/\/sighisoaraonline.com\/content\/ceremonia-de-decernare-a-titlului-de-cetatean-de-onoare-al-municipiului-sighisoara-domnului-dr-karl-scheerer\/","name":"Ceremonia de decernare a titlului de \u201dCet\u0103\u021bean de onoare al municipiului Sighi\u0219oara\u201d domnului dr. Karl Scheerer","isPartOf":{"@id":"https:\/\/sighisoaraonline.com\/content\/#website"},"primaryImageOfPage":{"@id":"https:\/\/sighisoaraonline.com\/content\/ceremonia-de-decernare-a-titlului-de-cetatean-de-onoare-al-municipiului-sighisoara-domnului-dr-karl-scheerer\/#primaryimage"},"image":{"@id":"https:\/\/sighisoaraonline.com\/content\/ceremonia-de-decernare-a-titlului-de-cetatean-de-onoare-al-municipiului-sighisoara-domnului-dr-karl-scheerer\/#primaryimage"},"thumbnailUrl":"https:\/\/sighisoaraonline.com\/content\/wp-content\/uploads\/2018\/07\/FB_IMG_1532451437547.jpg","datePublished":"2018-07-24T16:59:19+00:00","breadcrumb":{"@id":"https:\/\/sighisoaraonline.com\/content\/ceremonia-de-decernare-a-titlului-de-cetatean-de-onoare-al-municipiului-sighisoara-domnului-dr-karl-scheerer\/#breadcrumb"},"inLanguage":"en-US","potentialAction":[{"@type":"ReadAction","target":["https:\/\/sighisoaraonline.com\/content\/ceremonia-de-decernare-a-titlului-de-cetatean-de-onoare-al-municipiului-sighisoara-domnului-dr-karl-scheerer\/"]}]},{"@type":"ImageObject","inLanguage":"en-US","@id":"https:\/\/sighisoaraonline.com\/content\/ceremonia-de-decernare-a-titlului-de-cetatean-de-onoare-al-municipiului-sighisoara-domnului-dr-karl-scheerer\/#primaryimage","url":"https:\/\/sighisoaraonline.com\/content\/wp-content\/uploads\/2018\/07\/FB_IMG_1532451437547.jpg","contentUrl":"https:\/\/sighisoaraonline.com\/content\/wp-content\/uploads\/2018\/07\/FB_IMG_1532451437547.jpg","width":1872,"height":1277},{"@type":"BreadcrumbList","@id":"https:\/\/sighisoaraonline.com\/content\/ceremonia-de-decernare-a-titlului-de-cetatean-de-onoare-al-municipiului-sighisoara-domnului-dr-karl-scheerer\/#breadcrumb","itemListElement":[{"@type":"ListItem","position":1,"name":"Home","item":"https:\/\/sighisoaraonline.com\/content\/"},{"@type":"ListItem","position":2,"name":"Ceremonia de decernare a titlului de \u201dCet\u0103\u021bean de onoare al municipiului Sighi\u0219oara\u201d domnului dr. Karl Scheerer"}]},{"@type":"WebSite","@id":"https:\/\/sighisoaraonline.com\/content\/#website","url":"https:\/\/sighisoaraonline.com\/content\/","name":"Sighisoara","description":"","publisher":{"@id":"https:\/\/sighisoaraonline.com\/content\/#\/schema\/person\/140de7f8d077626585be2e01dfe4cca0"},"potentialAction":[{"@type":"SearchAction","target":{"@type":"EntryPoint","urlTemplate":"https:\/\/sighisoaraonline.com\/content\/?s={search_term_string}"},"query-input":{"@type":"PropertyValueSpecification","valueRequired":true,"valueName":"search_term_string"}}],"inLanguage":"en-US"},{"@type":["Person","Organization"],"@id":"https:\/\/sighisoaraonline.com\/content\/#\/schema\/person\/140de7f8d077626585be2e01dfe4cca0","name":"Sighisoara Online","image":{"@type":"ImageObject","inLanguage":"en-US","@id":"https:\/\/sighisoaraonline.com\/content\/wp-content\/uploads\/2017\/03\/cropped-sigonlinen-1.png","url":"https:\/\/sighisoaraonline.com\/content\/wp-content\/uploads\/2017\/03\/cropped-sigonlinen-1.png","contentUrl":"https:\/\/sighisoaraonline.com\/content\/wp-content\/uploads\/2017\/03\/cropped-sigonlinen-1.png","width":257,"height":60,"caption":"Sighisoara Online"},"logo":{"@id":"https:\/\/sighisoaraonline.com\/content\/wp-content\/uploads\/2017\/03\/cropped-sigonlinen-1.png"},"sameAs":["https:\/\/www.facebook.com\/sighisoaraonline\/","https:\/\/www.instagram.com\/sighisoaraonline\/"],"url":"https:\/\/sighisoaraonline.com\/content\/author\/paul\/"}]}},"_links":{"self":[{"href":"https:\/\/sighisoaraonline.com\/content\/wp-json\/wp\/v2\/posts\/8920","targetHints":{"allow":["GET"]}}],"collection":[{"href":"https:\/\/sighisoaraonline.com\/content\/wp-json\/wp\/v2\/posts"}],"about":[{"href":"https:\/\/sighisoaraonline.com\/content\/wp-json\/wp\/v2\/types\/post"}],"author":[{"embeddable":true,"href":"https:\/\/sighisoaraonline.com\/content\/wp-json\/wp\/v2\/users\/1"}],"replies":[{"embeddable":true,"href":"https:\/\/sighisoaraonline.com\/content\/wp-json\/wp\/v2\/comments?post=8920"}],"version-history":[{"count":1,"href":"https:\/\/sighisoaraonline.com\/content\/wp-json\/wp\/v2\/posts\/8920\/revisions"}],"predecessor-version":[{"id":8922,"href":"https:\/\/sighisoaraonline.com\/content\/wp-json\/wp\/v2\/posts\/8920\/revisions\/8922"}],"wp:featuredmedia":[{"embeddable":true,"href":"https:\/\/sighisoaraonline.com\/content\/wp-json\/wp\/v2\/media\/8921"}],"wp:attachment":[{"href":"https:\/\/sighisoaraonline.com\/content\/wp-json\/wp\/v2\/media?parent=8920"}],"wp:term":[{"taxonomy":"category","embeddable":true,"href":"https:\/\/sighisoaraonline.com\/content\/wp-json\/wp\/v2\/categories?post=8920"},{"taxonomy":"post_tag","embeddable":true,"href":"https:\/\/sighisoaraonline.com\/content\/wp-json\/wp\/v2\/tags?post=8920"}],"curies":[{"name":"wp","href":"https:\/\/api.w.org\/{rel}","templated":true}]}}