{"id":8960,"date":"2018-07-26T07:16:28","date_gmt":"2018-07-26T07:16:28","guid":{"rendered":"https:\/\/sighisoaraonline.com\/content\/?p=8960"},"modified":"2018-07-26T07:16:28","modified_gmt":"2018-07-26T07:16:28","slug":"video-cfr-calatori-noul-tronson-de-cale-ferata-sighisoara-danes-firul-1-dat-in-folosinta-in-data-de-25-iulie-2018","status":"publish","type":"post","link":"https:\/\/sighisoaraonline.com\/content\/video-cfr-calatori-noul-tronson-de-cale-ferata-sighisoara-danes-firul-1-dat-in-folosinta-in-data-de-25-iulie-2018\/","title":{"rendered":"Video CFR Calatori noul tronson de cale ferat\u0103 Sighi\u0219oara-Dane\u0219, firul 1, dat in folosin\u021b\u0103 in data de 25 Iulie 2018."},"content":{"rendered":"<p>Videoclip realizat de CFR Calatori Brasov cu noul tronson de cale ferat\u0103 Sighi\u0219oara-Dane\u0219, firul 1, dat in folosin\u021b\u0103 in data de 25 Iulie 2018.<\/p>\n<p>Compania Na\u0163ional\u0103 de C\u0103i Ferate CFR SA informeaz\u0103 c\u0103 \u00eencep\u00e2nd de ast\u0103zi circula\u0163ia feroviar\u0103 \u00eentre Sighi\u015foara \u015fi Dane\u015f se va desf\u0103\u015fura pe firul II modernizat al variantei de traseu nou-construit\u0103 pe intervalul de sta\u0163ii Sighi\u015foara \u2013 A\u0163el, care cuprinde 4 poduri feroviare, printre care podul \u00een form\u0103 de arc peste r\u00e2ul T\u00e2rnava Mare, 2 tuneluri \u2013 Sighi\u015foara \u015fi Dane\u015f -, 2 pode\u0163e \u015fi pasajul superior peste DN 13.<\/p>\n<p>Lucr\u0103rile de modernizare aflate \u00een execu\u0163ie \u00eentre Sighi\u015foara \u015fi Co\u015flariu acoper\u0103 o gam\u0103 complex\u0103 de lucr\u0103ri feroviare (linii, peroane, instala\u021bii de siguran\u021b\u0103 \u0219i dirijare a traficului, g\u0103ri, puncte de oprire, poduri, pode\u021be, tuneluri, pasaje pietonale, treceri la nivel, substa\u0163ii de trac\u0163iune) \u015fi au ca obiectiv general asigurarea interoperabilit\u0103\u0163ii infrastructurii feroviare de-a lungul Coridorului Rin-Dun\u0103re (ramura nordic\u0103), \u00eembun\u0103t\u0103\u0163irea calit\u0103\u0163ii transportului feroviar, sporirea vitezei de circula\u0163ie la 160 km\/h pentru trenurile de c\u0103l\u0103tori \u015fi la 120 km\/h pentru trenurile de marf\u0103 \u015fi introducerea sistemului ERTMS\/ETCS Nivel 2.<\/p>\n","protected":false},"excerpt":{"rendered":"<p>Videoclip realizat de CFR Calatori Brasov cu noul tronson de cale ferat\u0103 Sighi\u0219oara-Dane\u0219, firul 1,&#8230;<\/p>\n","protected":false},"author":1,"featured_media":8961,"comment_status":"closed","ping_status":"open","sticky":false,"template":"","format":"video","meta":{"footnotes":""},"categories":[10,14],"tags":[],"class_list":["post-8960","post","type-post","status-publish","format-video","has-post-thumbnail","hentry","category-administratie","category-social","post_format-post-format-video"],"yoast_head":"<!-- This site is optimized with the Yoast SEO plugin v27.5 - https:\/\/yoast.com\/product\/yoast-seo-wordpress\/ -->\n<title>Video CFR Calatori noul tronson de cale ferat\u0103 Sighi\u0219oara-Dane\u0219, firul 1, dat in folosin\u021b\u0103 in data de 25 Iulie 2018.<\/title>\n<meta name=\"robots\" content=\"index, follow, max-snippet:-1, max-image-preview:large, max-video-preview:-1\" \/>\n<link rel=\"canonical\" href=\"https:\/\/sighisoaraonline.com\/content\/video-cfr-calatori-noul-tronson-de-cale-ferata-sighisoara-danes-firul-1-dat-in-folosinta-in-data-de-25-iulie-2018\/\" \/>\n<meta property=\"og:locale\" content=\"en_US\" \/>\n<meta property=\"og:type\" content=\"article\" \/>\n<meta property=\"og:title\" content=\"Video CFR Calatori noul tronson de cale ferat\u0103 Sighi\u0219oara-Dane\u0219, firul 1, dat in folosin\u021b\u0103 in data de 25 Iulie 2018.\" \/>\n<meta property=\"og:description\" content=\"Videoclip realizat de CFR Calatori Brasov cu noul tronson de cale ferat\u0103 Sighi\u0219oara-Dane\u0219, firul 1,...\" \/>\n<meta property=\"og:url\" content=\"https:\/\/sighisoaraonline.com\/content\/video-cfr-calatori-noul-tronson-de-cale-ferata-sighisoara-danes-firul-1-dat-in-folosinta-in-data-de-25-iulie-2018\/\" \/>\n<meta property=\"og:site_name\" content=\"Sighisoara\" \/>\n<meta property=\"article:publisher\" content=\"https:\/\/www.facebook.com\/sighisoaraonline\/\" \/>\n<meta property=\"article:author\" content=\"https:\/\/www.facebook.com\/sighisoaraonline\/\" \/>\n<meta property=\"article:published_time\" content=\"2018-07-26T07:16:28+00:00\" \/>\n<meta property=\"og:image\" content=\"https:\/\/sighisoaraonline.com\/content\/wp-content\/uploads\/2018\/07\/tronson-cfr-danes-sighisoara.jpg\" \/>\n\t<meta property=\"og:image:width\" content=\"768\" \/>\n\t<meta property=\"og:image:height\" content=\"434\" \/>\n\t<meta property=\"og:image:type\" content=\"image\/jpeg\" \/>\n<meta name=\"author\" content=\"Sighisoara Online\" \/>\n<meta name=\"twitter:card\" content=\"summary_large_image\" \/>\n<meta name=\"twitter:label1\" content=\"Written by\" \/>\n\t<meta name=\"twitter:data1\" content=\"Sighisoara Online\" \/>\n\t<meta name=\"twitter:label2\" content=\"Est. reading time\" \/>\n\t<meta name=\"twitter:data2\" content=\"1 minute\" \/>\n<script type=\"application\/ld+json\" class=\"yoast-schema-graph\">{\"@context\":\"https:\\\/\\\/schema.org\",\"@graph\":[{\"@type\":\"Article\",\"@id\":\"https:\\\/\\\/sighisoaraonline.com\\\/content\\\/video-cfr-calatori-noul-tronson-de-cale-ferata-sighisoara-danes-firul-1-dat-in-folosinta-in-data-de-25-iulie-2018\\\/#article\",\"isPartOf\":{\"@id\":\"https:\\\/\\\/sighisoaraonline.com\\\/content\\\/video-cfr-calatori-noul-tronson-de-cale-ferata-sighisoara-danes-firul-1-dat-in-folosinta-in-data-de-25-iulie-2018\\\/\"},\"author\":{\"name\":\"Sighisoara Online\",\"@id\":\"https:\\\/\\\/sighisoaraonline.com\\\/content\\\/#\\\/schema\\\/person\\\/140de7f8d077626585be2e01dfe4cca0\"},\"headline\":\"Video CFR Calatori noul tronson de cale ferat\u0103 Sighi\u0219oara-Dane\u0219, firul 1, dat in folosin\u021b\u0103 in data de 25 Iulie 2018.\",\"datePublished\":\"2018-07-26T07:16:28+00:00\",\"mainEntityOfPage\":{\"@id\":\"https:\\\/\\\/sighisoaraonline.com\\\/content\\\/video-cfr-calatori-noul-tronson-de-cale-ferata-sighisoara-danes-firul-1-dat-in-folosinta-in-data-de-25-iulie-2018\\\/\"},\"wordCount\":219,\"publisher\":{\"@id\":\"https:\\\/\\\/sighisoaraonline.com\\\/content\\\/#\\\/schema\\\/person\\\/140de7f8d077626585be2e01dfe4cca0\"},\"image\":{\"@id\":\"https:\\\/\\\/sighisoaraonline.com\\\/content\\\/video-cfr-calatori-noul-tronson-de-cale-ferata-sighisoara-danes-firul-1-dat-in-folosinta-in-data-de-25-iulie-2018\\\/#primaryimage\"},\"thumbnailUrl\":\"https:\\\/\\\/sighisoaraonline.com\\\/content\\\/wp-content\\\/uploads\\\/2018\\\/07\\\/tronson-cfr-danes-sighisoara.jpg\",\"articleSection\":[\"Administratie\",\"Social\"],\"inLanguage\":\"en-US\"},{\"@type\":\"WebPage\",\"@id\":\"https:\\\/\\\/sighisoaraonline.com\\\/content\\\/video-cfr-calatori-noul-tronson-de-cale-ferata-sighisoara-danes-firul-1-dat-in-folosinta-in-data-de-25-iulie-2018\\\/\",\"url\":\"https:\\\/\\\/sighisoaraonline.com\\\/content\\\/video-cfr-calatori-noul-tronson-de-cale-ferata-sighisoara-danes-firul-1-dat-in-folosinta-in-data-de-25-iulie-2018\\\/\",\"name\":\"Video CFR Calatori noul tronson de cale ferat\u0103 Sighi\u0219oara-Dane\u0219, firul 1, dat in folosin\u021b\u0103 in data de 25 Iulie 2018.\",\"isPartOf\":{\"@id\":\"https:\\\/\\\/sighisoaraonline.com\\\/content\\\/#website\"},\"primaryImageOfPage\":{\"@id\":\"https:\\\/\\\/sighisoaraonline.com\\\/content\\\/video-cfr-calatori-noul-tronson-de-cale-ferata-sighisoara-danes-firul-1-dat-in-folosinta-in-data-de-25-iulie-2018\\\/#primaryimage\"},\"image\":{\"@id\":\"https:\\\/\\\/sighisoaraonline.com\\\/content\\\/video-cfr-calatori-noul-tronson-de-cale-ferata-sighisoara-danes-firul-1-dat-in-folosinta-in-data-de-25-iulie-2018\\\/#primaryimage\"},\"thumbnailUrl\":\"https:\\\/\\\/sighisoaraonline.com\\\/content\\\/wp-content\\\/uploads\\\/2018\\\/07\\\/tronson-cfr-danes-sighisoara.jpg\",\"datePublished\":\"2018-07-26T07:16:28+00:00\",\"breadcrumb\":{\"@id\":\"https:\\\/\\\/sighisoaraonline.com\\\/content\\\/video-cfr-calatori-noul-tronson-de-cale-ferata-sighisoara-danes-firul-1-dat-in-folosinta-in-data-de-25-iulie-2018\\\/#breadcrumb\"},\"inLanguage\":\"en-US\",\"potentialAction\":[{\"@type\":\"ReadAction\",\"target\":[\"https:\\\/\\\/sighisoaraonline.com\\\/content\\\/video-cfr-calatori-noul-tronson-de-cale-ferata-sighisoara-danes-firul-1-dat-in-folosinta-in-data-de-25-iulie-2018\\\/\"]}]},{\"@type\":\"ImageObject\",\"inLanguage\":\"en-US\",\"@id\":\"https:\\\/\\\/sighisoaraonline.com\\\/content\\\/video-cfr-calatori-noul-tronson-de-cale-ferata-sighisoara-danes-firul-1-dat-in-folosinta-in-data-de-25-iulie-2018\\\/#primaryimage\",\"url\":\"https:\\\/\\\/sighisoaraonline.com\\\/content\\\/wp-content\\\/uploads\\\/2018\\\/07\\\/tronson-cfr-danes-sighisoara.jpg\",\"contentUrl\":\"https:\\\/\\\/sighisoaraonline.com\\\/content\\\/wp-content\\\/uploads\\\/2018\\\/07\\\/tronson-cfr-danes-sighisoara.jpg\",\"width\":768,\"height\":434},{\"@type\":\"BreadcrumbList\",\"@id\":\"https:\\\/\\\/sighisoaraonline.com\\\/content\\\/video-cfr-calatori-noul-tronson-de-cale-ferata-sighisoara-danes-firul-1-dat-in-folosinta-in-data-de-25-iulie-2018\\\/#breadcrumb\",\"itemListElement\":[{\"@type\":\"ListItem\",\"position\":1,\"name\":\"Home\",\"item\":\"https:\\\/\\\/sighisoaraonline.com\\\/content\\\/\"},{\"@type\":\"ListItem\",\"position\":2,\"name\":\"Video CFR Calatori noul tronson de cale ferat\u0103 Sighi\u0219oara-Dane\u0219, firul 1, dat in folosin\u021b\u0103 in data de 25 Iulie 2018.\"}]},{\"@type\":\"WebSite\",\"@id\":\"https:\\\/\\\/sighisoaraonline.com\\\/content\\\/#website\",\"url\":\"https:\\\/\\\/sighisoaraonline.com\\\/content\\\/\",\"name\":\"Sighisoara\",\"description\":\"\",\"publisher\":{\"@id\":\"https:\\\/\\\/sighisoaraonline.com\\\/content\\\/#\\\/schema\\\/person\\\/140de7f8d077626585be2e01dfe4cca0\"},\"potentialAction\":[{\"@type\":\"SearchAction\",\"target\":{\"@type\":\"EntryPoint\",\"urlTemplate\":\"https:\\\/\\\/sighisoaraonline.com\\\/content\\\/?s={search_term_string}\"},\"query-input\":{\"@type\":\"PropertyValueSpecification\",\"valueRequired\":true,\"valueName\":\"search_term_string\"}}],\"inLanguage\":\"en-US\"},{\"@type\":[\"Person\",\"Organization\"],\"@id\":\"https:\\\/\\\/sighisoaraonline.com\\\/content\\\/#\\\/schema\\\/person\\\/140de7f8d077626585be2e01dfe4cca0\",\"name\":\"Sighisoara Online\",\"image\":{\"@type\":\"ImageObject\",\"inLanguage\":\"en-US\",\"@id\":\"https:\\\/\\\/sighisoaraonline.com\\\/content\\\/wp-content\\\/uploads\\\/2017\\\/03\\\/cropped-sigonlinen-1.png\",\"url\":\"https:\\\/\\\/sighisoaraonline.com\\\/content\\\/wp-content\\\/uploads\\\/2017\\\/03\\\/cropped-sigonlinen-1.png\",\"contentUrl\":\"https:\\\/\\\/sighisoaraonline.com\\\/content\\\/wp-content\\\/uploads\\\/2017\\\/03\\\/cropped-sigonlinen-1.png\",\"width\":257,\"height\":60,\"caption\":\"Sighisoara Online\"},\"logo\":{\"@id\":\"https:\\\/\\\/sighisoaraonline.com\\\/content\\\/wp-content\\\/uploads\\\/2017\\\/03\\\/cropped-sigonlinen-1.png\"},\"sameAs\":[\"https:\\\/\\\/www.facebook.com\\\/sighisoaraonline\\\/\",\"https:\\\/\\\/www.instagram.com\\\/sighisoaraonline\\\/\"],\"url\":\"https:\\\/\\\/sighisoaraonline.com\\\/content\\\/author\\\/paul\\\/\"}]}<\/script>\n<!-- \/ Yoast SEO plugin. -->","yoast_head_json":{"title":"Video CFR Calatori noul tronson de cale ferat\u0103 Sighi\u0219oara-Dane\u0219, firul 1, dat in folosin\u021b\u0103 in data de 25 Iulie 2018.","robots":{"index":"index","follow":"follow","max-snippet":"max-snippet:-1","max-image-preview":"max-image-preview:large","max-video-preview":"max-video-preview:-1"},"canonical":"https:\/\/sighisoaraonline.com\/content\/video-cfr-calatori-noul-tronson-de-cale-ferata-sighisoara-danes-firul-1-dat-in-folosinta-in-data-de-25-iulie-2018\/","og_locale":"en_US","og_type":"article","og_title":"Video CFR Calatori noul tronson de cale ferat\u0103 Sighi\u0219oara-Dane\u0219, firul 1, dat in folosin\u021b\u0103 in data de 25 Iulie 2018.","og_description":"Videoclip realizat de CFR Calatori Brasov cu noul tronson de cale ferat\u0103 Sighi\u0219oara-Dane\u0219, firul 1,...","og_url":"https:\/\/sighisoaraonline.com\/content\/video-cfr-calatori-noul-tronson-de-cale-ferata-sighisoara-danes-firul-1-dat-in-folosinta-in-data-de-25-iulie-2018\/","og_site_name":"Sighisoara","article_publisher":"https:\/\/www.facebook.com\/sighisoaraonline\/","article_author":"https:\/\/www.facebook.com\/sighisoaraonline\/","article_published_time":"2018-07-26T07:16:28+00:00","og_image":[{"width":768,"height":434,"url":"https:\/\/sighisoaraonline.com\/content\/wp-content\/uploads\/2018\/07\/tronson-cfr-danes-sighisoara.jpg","type":"image\/jpeg"}],"author":"Sighisoara Online","twitter_card":"summary_large_image","twitter_misc":{"Written by":"Sighisoara Online","Est. reading time":"1 minute"},"schema":{"@context":"https:\/\/schema.org","@graph":[{"@type":"Article","@id":"https:\/\/sighisoaraonline.com\/content\/video-cfr-calatori-noul-tronson-de-cale-ferata-sighisoara-danes-firul-1-dat-in-folosinta-in-data-de-25-iulie-2018\/#article","isPartOf":{"@id":"https:\/\/sighisoaraonline.com\/content\/video-cfr-calatori-noul-tronson-de-cale-ferata-sighisoara-danes-firul-1-dat-in-folosinta-in-data-de-25-iulie-2018\/"},"author":{"name":"Sighisoara Online","@id":"https:\/\/sighisoaraonline.com\/content\/#\/schema\/person\/140de7f8d077626585be2e01dfe4cca0"},"headline":"Video CFR Calatori noul tronson de cale ferat\u0103 Sighi\u0219oara-Dane\u0219, firul 1, dat in folosin\u021b\u0103 in data de 25 Iulie 2018.","datePublished":"2018-07-26T07:16:28+00:00","mainEntityOfPage":{"@id":"https:\/\/sighisoaraonline.com\/content\/video-cfr-calatori-noul-tronson-de-cale-ferata-sighisoara-danes-firul-1-dat-in-folosinta-in-data-de-25-iulie-2018\/"},"wordCount":219,"publisher":{"@id":"https:\/\/sighisoaraonline.com\/content\/#\/schema\/person\/140de7f8d077626585be2e01dfe4cca0"},"image":{"@id":"https:\/\/sighisoaraonline.com\/content\/video-cfr-calatori-noul-tronson-de-cale-ferata-sighisoara-danes-firul-1-dat-in-folosinta-in-data-de-25-iulie-2018\/#primaryimage"},"thumbnailUrl":"https:\/\/sighisoaraonline.com\/content\/wp-content\/uploads\/2018\/07\/tronson-cfr-danes-sighisoara.jpg","articleSection":["Administratie","Social"],"inLanguage":"en-US"},{"@type":"WebPage","@id":"https:\/\/sighisoaraonline.com\/content\/video-cfr-calatori-noul-tronson-de-cale-ferata-sighisoara-danes-firul-1-dat-in-folosinta-in-data-de-25-iulie-2018\/","url":"https:\/\/sighisoaraonline.com\/content\/video-cfr-calatori-noul-tronson-de-cale-ferata-sighisoara-danes-firul-1-dat-in-folosinta-in-data-de-25-iulie-2018\/","name":"Video CFR Calatori noul tronson de cale ferat\u0103 Sighi\u0219oara-Dane\u0219, firul 1, dat in folosin\u021b\u0103 in data de 25 Iulie 2018.","isPartOf":{"@id":"https:\/\/sighisoaraonline.com\/content\/#website"},"primaryImageOfPage":{"@id":"https:\/\/sighisoaraonline.com\/content\/video-cfr-calatori-noul-tronson-de-cale-ferata-sighisoara-danes-firul-1-dat-in-folosinta-in-data-de-25-iulie-2018\/#primaryimage"},"image":{"@id":"https:\/\/sighisoaraonline.com\/content\/video-cfr-calatori-noul-tronson-de-cale-ferata-sighisoara-danes-firul-1-dat-in-folosinta-in-data-de-25-iulie-2018\/#primaryimage"},"thumbnailUrl":"https:\/\/sighisoaraonline.com\/content\/wp-content\/uploads\/2018\/07\/tronson-cfr-danes-sighisoara.jpg","datePublished":"2018-07-26T07:16:28+00:00","breadcrumb":{"@id":"https:\/\/sighisoaraonline.com\/content\/video-cfr-calatori-noul-tronson-de-cale-ferata-sighisoara-danes-firul-1-dat-in-folosinta-in-data-de-25-iulie-2018\/#breadcrumb"},"inLanguage":"en-US","potentialAction":[{"@type":"ReadAction","target":["https:\/\/sighisoaraonline.com\/content\/video-cfr-calatori-noul-tronson-de-cale-ferata-sighisoara-danes-firul-1-dat-in-folosinta-in-data-de-25-iulie-2018\/"]}]},{"@type":"ImageObject","inLanguage":"en-US","@id":"https:\/\/sighisoaraonline.com\/content\/video-cfr-calatori-noul-tronson-de-cale-ferata-sighisoara-danes-firul-1-dat-in-folosinta-in-data-de-25-iulie-2018\/#primaryimage","url":"https:\/\/sighisoaraonline.com\/content\/wp-content\/uploads\/2018\/07\/tronson-cfr-danes-sighisoara.jpg","contentUrl":"https:\/\/sighisoaraonline.com\/content\/wp-content\/uploads\/2018\/07\/tronson-cfr-danes-sighisoara.jpg","width":768,"height":434},{"@type":"BreadcrumbList","@id":"https:\/\/sighisoaraonline.com\/content\/video-cfr-calatori-noul-tronson-de-cale-ferata-sighisoara-danes-firul-1-dat-in-folosinta-in-data-de-25-iulie-2018\/#breadcrumb","itemListElement":[{"@type":"ListItem","position":1,"name":"Home","item":"https:\/\/sighisoaraonline.com\/content\/"},{"@type":"ListItem","position":2,"name":"Video CFR Calatori noul tronson de cale ferat\u0103 Sighi\u0219oara-Dane\u0219, firul 1, dat in folosin\u021b\u0103 in data de 25 Iulie 2018."}]},{"@type":"WebSite","@id":"https:\/\/sighisoaraonline.com\/content\/#website","url":"https:\/\/sighisoaraonline.com\/content\/","name":"Sighisoara","description":"","publisher":{"@id":"https:\/\/sighisoaraonline.com\/content\/#\/schema\/person\/140de7f8d077626585be2e01dfe4cca0"},"potentialAction":[{"@type":"SearchAction","target":{"@type":"EntryPoint","urlTemplate":"https:\/\/sighisoaraonline.com\/content\/?s={search_term_string}"},"query-input":{"@type":"PropertyValueSpecification","valueRequired":true,"valueName":"search_term_string"}}],"inLanguage":"en-US"},{"@type":["Person","Organization"],"@id":"https:\/\/sighisoaraonline.com\/content\/#\/schema\/person\/140de7f8d077626585be2e01dfe4cca0","name":"Sighisoara Online","image":{"@type":"ImageObject","inLanguage":"en-US","@id":"https:\/\/sighisoaraonline.com\/content\/wp-content\/uploads\/2017\/03\/cropped-sigonlinen-1.png","url":"https:\/\/sighisoaraonline.com\/content\/wp-content\/uploads\/2017\/03\/cropped-sigonlinen-1.png","contentUrl":"https:\/\/sighisoaraonline.com\/content\/wp-content\/uploads\/2017\/03\/cropped-sigonlinen-1.png","width":257,"height":60,"caption":"Sighisoara Online"},"logo":{"@id":"https:\/\/sighisoaraonline.com\/content\/wp-content\/uploads\/2017\/03\/cropped-sigonlinen-1.png"},"sameAs":["https:\/\/www.facebook.com\/sighisoaraonline\/","https:\/\/www.instagram.com\/sighisoaraonline\/"],"url":"https:\/\/sighisoaraonline.com\/content\/author\/paul\/"}]}},"_links":{"self":[{"href":"https:\/\/sighisoaraonline.com\/content\/wp-json\/wp\/v2\/posts\/8960","targetHints":{"allow":["GET"]}}],"collection":[{"href":"https:\/\/sighisoaraonline.com\/content\/wp-json\/wp\/v2\/posts"}],"about":[{"href":"https:\/\/sighisoaraonline.com\/content\/wp-json\/wp\/v2\/types\/post"}],"author":[{"embeddable":true,"href":"https:\/\/sighisoaraonline.com\/content\/wp-json\/wp\/v2\/users\/1"}],"replies":[{"embeddable":true,"href":"https:\/\/sighisoaraonline.com\/content\/wp-json\/wp\/v2\/comments?post=8960"}],"version-history":[{"count":1,"href":"https:\/\/sighisoaraonline.com\/content\/wp-json\/wp\/v2\/posts\/8960\/revisions"}],"predecessor-version":[{"id":8962,"href":"https:\/\/sighisoaraonline.com\/content\/wp-json\/wp\/v2\/posts\/8960\/revisions\/8962"}],"wp:featuredmedia":[{"embeddable":true,"href":"https:\/\/sighisoaraonline.com\/content\/wp-json\/wp\/v2\/media\/8961"}],"wp:attachment":[{"href":"https:\/\/sighisoaraonline.com\/content\/wp-json\/wp\/v2\/media?parent=8960"}],"wp:term":[{"taxonomy":"category","embeddable":true,"href":"https:\/\/sighisoaraonline.com\/content\/wp-json\/wp\/v2\/categories?post=8960"},{"taxonomy":"post_tag","embeddable":true,"href":"https:\/\/sighisoaraonline.com\/content\/wp-json\/wp\/v2\/tags?post=8960"}],"curies":[{"name":"wp","href":"https:\/\/api.w.org\/{rel}","templated":true}]}}