{"id":9218,"date":"2018-08-12T13:11:45","date_gmt":"2018-08-12T13:11:45","guid":{"rendered":"https:\/\/sighisoaraonline.com\/content\/?p=9218"},"modified":"2018-08-12T13:11:45","modified_gmt":"2018-08-12T13:11:45","slug":"sighisoara-devine-capitala-interculturala-a-europei-pregatirile-pentru-editia-a-xvi-a-a-festivalului-proetnica-2018-au-intrat-pe-ultimii-metri","status":"publish","type":"post","link":"https:\/\/sighisoaraonline.com\/content\/sighisoara-devine-capitala-interculturala-a-europei-pregatirile-pentru-editia-a-xvi-a-a-festivalului-proetnica-2018-au-intrat-pe-ultimii-metri\/","title":{"rendered":"Sighi\u0219oara devine Capitala Intercultural\u0103 a Europei  Preg\u0103tirile pentru edi\u021bia a XVI-a a Festivalului ProEtnica 2018 au intrat pe ultimii metri"},"content":{"rendered":"<p>Asocia\u021bia Centrul Educa\u021bional pentru Tineret Sighi\u0219oara (ibz) \u00een parteneriat cu Guvernul Rom\u00e2niei &#8211; Departamentul pentru Rela\u021bii Interetnice (DRI) \u0219i Consiliul Jude\u021bean Mure\u0219, organizeaz\u0103 ProEtnica \u2013Festival Intercultural Sighi\u0219oara, \u00een perioada 22-26 august 2018.<\/p>\n<p>Edi\u021bia a XVI-a a festivalului are loc \u00een Anul European al Patrimoniului Cultural \u0219i propune o serie de manifest\u0103ri inedite, menite s\u0103 promoveze \u00een\u021belegerea diversit\u0103\u021bii culturale ca element definitoriu al identit\u0103\u021bii europene.<\/p>\n<p>Acest proiect urm\u0103re\u0219te consolidarea p\u0103cii interetnice \u00eentr-o societate pluralist\u0103 \u0219i democratic\u0103. Astfel, ProEtnica \u00ee\u0219i propune s\u0103 devin\u0103 o Agora pentru exprimarea, p\u0103strarea \u015fi dezvoltarea identit\u0103\u0163ilor etnoculturale din Rom\u00e2nia, promov\u00e2nd dialogul intercultural \u0219i interac\u021biunea artistic\u0103 pe plan european. \u00cen acest cadru, organizatorii evenimentului se bucur\u0103 de participarea a 600 de reprezentan\u021bi ai minorit\u0103\u021bilor na\u021bionale din Rom\u00e2nia. \u00cen plus, continu\u00e2nd eforturile de interna\u021bionalizare a festivalului este salutar\u0103 prezen\u021ba minorit\u0103\u021bii na\u021bionale a sorabilor din Germania.  <\/p>\n<p>Festivalul va cuprinde momente de dans \u0219i muzic\u0103 tradi\u021bionale, sus\u021binute de peste 50 de ansambluri ale grupurilor etnice,  care vor putea fi urm\u0103rite pe scena amplasat\u0103 \u00een Pia\u021ba Cet\u0103\u021bii. De asemenea evenimentul con\u021bine \u0219i o sec\u021biune \u0219tiin\u021bific\u0103, \u00een cadrul c\u0103reia vor avea loc prelegeri, lans\u0103ri de carte \u0219i discu\u021bii pe teme relevante pentru minorit\u0103\u021bile na\u021bionale. Acestea se vor desf\u0103\u0219ura \u00een Sala Baroc\u0103 a Prim\u0103riei Municipiului Sighi\u0219oara. Nu vor lipsi serile de film ce se vor proiecta la Centrul Na\u021bional de Informare Turistic\u0103. \u00cen aceia\u0219i loca\u021bie  se va organiza \u0219i expozi\u021bia comun\u0103 de art\u0103, care reune\u0219te lucr\u0103ri ale arti\u0219tilor contemporani din r\u00e2ndul minorit\u0103\u021bilor na\u021bionale. Expozi\u021bia de art\u0103 contemporan\u0103 \u201eImaginile diversit\u0103\u021bii\u201d realizat\u0103 cu sprijinul Departamentului pentru Rela\u021bii Interetnice (DRI) va putea fi vizitat\u0103 la Turnul Fierarilor. Vizitatorii sunt \u00eencuraja\u021bi s\u0103 descopere \u0219i standurile me\u0219te\u0219ug\u0103re\u0219ti \u0219i de prezentare ale organiza\u021biilor participante, precum \u0219i s\u0103 se implice \u00een cadrul atelierelor interactive desf\u0103\u0219urate \u00een fa\u021ba scenei.<\/p>\n<p>Serile festivalului Proetnica se vor \u00eencheia cu o serie de concerte sus\u0163inute pe scena din Pia\u021ba Cet\u0103\u021bii, de c\u0103tre forma\u0163ii \u015fi interpre\u0163i aprecia\u0163i at\u00e2t \u00een \u0163ar\u0103 c\u00e2t \u015fi \u00een str\u0103in\u0103tate: Maia Morgenstern, Bucharest Klezmer Band \u0219i Ionu\u021b Galani. Seara de s\u00e2mb\u0103t\u0103 este de neratat datorit\u0103 concertul trupei Farfarello, care \u00eei reune\u0219te \u00een jurul lui Mani Neumann pe Ulli Brand, Ioji Kappl \u0219i pe Ovidiu Lipan \u021a\u0103nd\u0103ric\u0103.<\/p>\n<p>Acest festival  \u00ee\u0219i propune s\u0103 realizeze un punct de \u00eent\u00e2lnire a minorit\u0103\u021bilor na\u021bionale, dar \u0219i o punte care s\u0103-i apropie de popula\u021bia majoritar\u0103, astel \u00eenc\u00e2t s\u0103 poat\u0103 avea loc un dialog intercultural veritabil. Descoperirea patrimoniului cultural al celor 20 de minorit\u0103\u021bi din \u021bara noastr\u0103 ne permite s\u0103 aducem la via\u021b\u0103 moto-ul Uniunii Europene Unitate \u00een diversitate  .<\/p>\n<p>Proiectul este sus\u021binut de c\u0103tre Departamentul pentru Rela\u021bii Interetnice al Guvernului Rom\u00e2niei \u0219i Consiliul Jude\u021bean Mure\u0219, \u00een calitate de parteneri, precum \u0219i de c\u0103tre Ministerul Culturii \u0219i Identit\u0103\u021bii Na\u021bionale \u0219i Municipiul Sighi\u0219oara, \u00een calitate de finan\u021batori.<\/p>\n<p>Evenimentul se bucur\u0103 \u0219i de sprijinul Ambasadei Republicii Federale Germania Bucure\u0219ti, Institutul Cultural Rom\u00e2n din cadrul Guvernului Rom\u00e2niei, Institutul pentru Rela\u021bii Externe din Stuttgart (Institut f\u00fcr Auslandsbeziehungen Stuttgart) \u0219i Ministerul pentru \u0218tiin\u021b\u0103, Cercetare \u0219i Cultur\u0103 al Landului Brandenburg al Republicii Federale Germania.<\/p>\n<p>Sighi\u0219oara, 06.08.2018<br \/>\nPersoana de contact: Volker Reiter, director executiv.<br \/>\nDate de contact: vreiter@ibz.ro, telefon: 0722.251307, fax: 0265.50.60.86<\/p>\n","protected":false},"excerpt":{"rendered":"<p>Asocia\u021bia Centrul Educa\u021bional pentru Tineret Sighi\u0219oara (ibz) \u00een parteneriat cu Guvernul Rom\u00e2niei &#8211; Departamentul pentru&#8230;<\/p>\n","protected":false},"author":1,"featured_media":9219,"comment_status":"closed","ping_status":"open","sticky":false,"template":"","format":"standard","meta":{"footnotes":""},"categories":[14,16],"tags":[],"class_list":["post-9218","post","type-post","status-publish","format-standard","has-post-thumbnail","hentry","category-social","category-turism"],"yoast_head":"<!-- This site is optimized with the Yoast SEO plugin v27.5 - https:\/\/yoast.com\/product\/yoast-seo-wordpress\/ -->\n<title>Sighi\u0219oara devine Capitala Intercultural\u0103 a Europei Preg\u0103tirile pentru edi\u021bia a XVI-a a Festivalului ProEtnica 2018 au intrat pe ultimii metri<\/title>\n<meta name=\"robots\" content=\"index, follow, max-snippet:-1, max-image-preview:large, max-video-preview:-1\" \/>\n<link rel=\"canonical\" href=\"https:\/\/sighisoaraonline.com\/content\/sighisoara-devine-capitala-interculturala-a-europei-pregatirile-pentru-editia-a-xvi-a-a-festivalului-proetnica-2018-au-intrat-pe-ultimii-metri\/\" \/>\n<meta property=\"og:locale\" content=\"en_US\" \/>\n<meta property=\"og:type\" content=\"article\" \/>\n<meta property=\"og:title\" content=\"Sighi\u0219oara devine Capitala Intercultural\u0103 a Europei Preg\u0103tirile pentru edi\u021bia a XVI-a a Festivalului ProEtnica 2018 au intrat pe ultimii metri\" \/>\n<meta property=\"og:description\" content=\"Asocia\u021bia Centrul Educa\u021bional pentru Tineret Sighi\u0219oara (ibz) \u00een parteneriat cu Guvernul Rom\u00e2niei &#8211; Departamentul pentru...\" \/>\n<meta property=\"og:url\" content=\"https:\/\/sighisoaraonline.com\/content\/sighisoara-devine-capitala-interculturala-a-europei-pregatirile-pentru-editia-a-xvi-a-a-festivalului-proetnica-2018-au-intrat-pe-ultimii-metri\/\" \/>\n<meta property=\"og:site_name\" content=\"Sighisoara\" \/>\n<meta property=\"article:publisher\" content=\"https:\/\/www.facebook.com\/sighisoaraonline\/\" \/>\n<meta property=\"article:author\" content=\"https:\/\/www.facebook.com\/sighisoaraonline\/\" \/>\n<meta property=\"article:published_time\" content=\"2018-08-12T13:11:45+00:00\" \/>\n<meta property=\"og:image\" content=\"https:\/\/sighisoaraonline.com\/content\/wp-content\/uploads\/2018\/08\/proetnica-20180812.jpg\" \/>\n\t<meta property=\"og:image:width\" content=\"768\" \/>\n\t<meta property=\"og:image:height\" content=\"513\" \/>\n\t<meta property=\"og:image:type\" content=\"image\/jpeg\" \/>\n<meta name=\"author\" content=\"Sighisoara Online\" \/>\n<meta name=\"twitter:card\" content=\"summary_large_image\" \/>\n<meta name=\"twitter:label1\" content=\"Written by\" \/>\n\t<meta name=\"twitter:data1\" content=\"Sighisoara Online\" \/>\n\t<meta name=\"twitter:label2\" content=\"Est. reading time\" \/>\n\t<meta name=\"twitter:data2\" content=\"3 minutes\" \/>\n<script type=\"application\/ld+json\" class=\"yoast-schema-graph\">{\"@context\":\"https:\\\/\\\/schema.org\",\"@graph\":[{\"@type\":\"Article\",\"@id\":\"https:\\\/\\\/sighisoaraonline.com\\\/content\\\/sighisoara-devine-capitala-interculturala-a-europei-pregatirile-pentru-editia-a-xvi-a-a-festivalului-proetnica-2018-au-intrat-pe-ultimii-metri\\\/#article\",\"isPartOf\":{\"@id\":\"https:\\\/\\\/sighisoaraonline.com\\\/content\\\/sighisoara-devine-capitala-interculturala-a-europei-pregatirile-pentru-editia-a-xvi-a-a-festivalului-proetnica-2018-au-intrat-pe-ultimii-metri\\\/\"},\"author\":{\"name\":\"Sighisoara Online\",\"@id\":\"https:\\\/\\\/sighisoaraonline.com\\\/content\\\/#\\\/schema\\\/person\\\/140de7f8d077626585be2e01dfe4cca0\"},\"headline\":\"Sighi\u0219oara devine Capitala Intercultural\u0103 a Europei Preg\u0103tirile pentru edi\u021bia a XVI-a a Festivalului ProEtnica 2018 au intrat pe ultimii metri\",\"datePublished\":\"2018-08-12T13:11:45+00:00\",\"mainEntityOfPage\":{\"@id\":\"https:\\\/\\\/sighisoaraonline.com\\\/content\\\/sighisoara-devine-capitala-interculturala-a-europei-pregatirile-pentru-editia-a-xvi-a-a-festivalului-proetnica-2018-au-intrat-pe-ultimii-metri\\\/\"},\"wordCount\":625,\"publisher\":{\"@id\":\"https:\\\/\\\/sighisoaraonline.com\\\/content\\\/#\\\/schema\\\/person\\\/140de7f8d077626585be2e01dfe4cca0\"},\"image\":{\"@id\":\"https:\\\/\\\/sighisoaraonline.com\\\/content\\\/sighisoara-devine-capitala-interculturala-a-europei-pregatirile-pentru-editia-a-xvi-a-a-festivalului-proetnica-2018-au-intrat-pe-ultimii-metri\\\/#primaryimage\"},\"thumbnailUrl\":\"https:\\\/\\\/sighisoaraonline.com\\\/content\\\/wp-content\\\/uploads\\\/2018\\\/08\\\/proetnica-20180812.jpg\",\"articleSection\":[\"Social\",\"Turism\"],\"inLanguage\":\"en-US\"},{\"@type\":\"WebPage\",\"@id\":\"https:\\\/\\\/sighisoaraonline.com\\\/content\\\/sighisoara-devine-capitala-interculturala-a-europei-pregatirile-pentru-editia-a-xvi-a-a-festivalului-proetnica-2018-au-intrat-pe-ultimii-metri\\\/\",\"url\":\"https:\\\/\\\/sighisoaraonline.com\\\/content\\\/sighisoara-devine-capitala-interculturala-a-europei-pregatirile-pentru-editia-a-xvi-a-a-festivalului-proetnica-2018-au-intrat-pe-ultimii-metri\\\/\",\"name\":\"Sighi\u0219oara devine Capitala Intercultural\u0103 a Europei Preg\u0103tirile pentru edi\u021bia a XVI-a a Festivalului ProEtnica 2018 au intrat pe ultimii metri\",\"isPartOf\":{\"@id\":\"https:\\\/\\\/sighisoaraonline.com\\\/content\\\/#website\"},\"primaryImageOfPage\":{\"@id\":\"https:\\\/\\\/sighisoaraonline.com\\\/content\\\/sighisoara-devine-capitala-interculturala-a-europei-pregatirile-pentru-editia-a-xvi-a-a-festivalului-proetnica-2018-au-intrat-pe-ultimii-metri\\\/#primaryimage\"},\"image\":{\"@id\":\"https:\\\/\\\/sighisoaraonline.com\\\/content\\\/sighisoara-devine-capitala-interculturala-a-europei-pregatirile-pentru-editia-a-xvi-a-a-festivalului-proetnica-2018-au-intrat-pe-ultimii-metri\\\/#primaryimage\"},\"thumbnailUrl\":\"https:\\\/\\\/sighisoaraonline.com\\\/content\\\/wp-content\\\/uploads\\\/2018\\\/08\\\/proetnica-20180812.jpg\",\"datePublished\":\"2018-08-12T13:11:45+00:00\",\"breadcrumb\":{\"@id\":\"https:\\\/\\\/sighisoaraonline.com\\\/content\\\/sighisoara-devine-capitala-interculturala-a-europei-pregatirile-pentru-editia-a-xvi-a-a-festivalului-proetnica-2018-au-intrat-pe-ultimii-metri\\\/#breadcrumb\"},\"inLanguage\":\"en-US\",\"potentialAction\":[{\"@type\":\"ReadAction\",\"target\":[\"https:\\\/\\\/sighisoaraonline.com\\\/content\\\/sighisoara-devine-capitala-interculturala-a-europei-pregatirile-pentru-editia-a-xvi-a-a-festivalului-proetnica-2018-au-intrat-pe-ultimii-metri\\\/\"]}]},{\"@type\":\"ImageObject\",\"inLanguage\":\"en-US\",\"@id\":\"https:\\\/\\\/sighisoaraonline.com\\\/content\\\/sighisoara-devine-capitala-interculturala-a-europei-pregatirile-pentru-editia-a-xvi-a-a-festivalului-proetnica-2018-au-intrat-pe-ultimii-metri\\\/#primaryimage\",\"url\":\"https:\\\/\\\/sighisoaraonline.com\\\/content\\\/wp-content\\\/uploads\\\/2018\\\/08\\\/proetnica-20180812.jpg\",\"contentUrl\":\"https:\\\/\\\/sighisoaraonline.com\\\/content\\\/wp-content\\\/uploads\\\/2018\\\/08\\\/proetnica-20180812.jpg\",\"width\":768,\"height\":513},{\"@type\":\"BreadcrumbList\",\"@id\":\"https:\\\/\\\/sighisoaraonline.com\\\/content\\\/sighisoara-devine-capitala-interculturala-a-europei-pregatirile-pentru-editia-a-xvi-a-a-festivalului-proetnica-2018-au-intrat-pe-ultimii-metri\\\/#breadcrumb\",\"itemListElement\":[{\"@type\":\"ListItem\",\"position\":1,\"name\":\"Home\",\"item\":\"https:\\\/\\\/sighisoaraonline.com\\\/content\\\/\"},{\"@type\":\"ListItem\",\"position\":2,\"name\":\"Sighi\u0219oara devine Capitala Intercultural\u0103 a Europei Preg\u0103tirile pentru edi\u021bia a XVI-a a Festivalului ProEtnica 2018 au intrat pe ultimii metri\"}]},{\"@type\":\"WebSite\",\"@id\":\"https:\\\/\\\/sighisoaraonline.com\\\/content\\\/#website\",\"url\":\"https:\\\/\\\/sighisoaraonline.com\\\/content\\\/\",\"name\":\"Sighisoara\",\"description\":\"\",\"publisher\":{\"@id\":\"https:\\\/\\\/sighisoaraonline.com\\\/content\\\/#\\\/schema\\\/person\\\/140de7f8d077626585be2e01dfe4cca0\"},\"potentialAction\":[{\"@type\":\"SearchAction\",\"target\":{\"@type\":\"EntryPoint\",\"urlTemplate\":\"https:\\\/\\\/sighisoaraonline.com\\\/content\\\/?s={search_term_string}\"},\"query-input\":{\"@type\":\"PropertyValueSpecification\",\"valueRequired\":true,\"valueName\":\"search_term_string\"}}],\"inLanguage\":\"en-US\"},{\"@type\":[\"Person\",\"Organization\"],\"@id\":\"https:\\\/\\\/sighisoaraonline.com\\\/content\\\/#\\\/schema\\\/person\\\/140de7f8d077626585be2e01dfe4cca0\",\"name\":\"Sighisoara Online\",\"image\":{\"@type\":\"ImageObject\",\"inLanguage\":\"en-US\",\"@id\":\"https:\\\/\\\/sighisoaraonline.com\\\/content\\\/wp-content\\\/uploads\\\/2017\\\/03\\\/cropped-sigonlinen-1.png\",\"url\":\"https:\\\/\\\/sighisoaraonline.com\\\/content\\\/wp-content\\\/uploads\\\/2017\\\/03\\\/cropped-sigonlinen-1.png\",\"contentUrl\":\"https:\\\/\\\/sighisoaraonline.com\\\/content\\\/wp-content\\\/uploads\\\/2017\\\/03\\\/cropped-sigonlinen-1.png\",\"width\":257,\"height\":60,\"caption\":\"Sighisoara Online\"},\"logo\":{\"@id\":\"https:\\\/\\\/sighisoaraonline.com\\\/content\\\/wp-content\\\/uploads\\\/2017\\\/03\\\/cropped-sigonlinen-1.png\"},\"sameAs\":[\"https:\\\/\\\/www.facebook.com\\\/sighisoaraonline\\\/\",\"https:\\\/\\\/www.instagram.com\\\/sighisoaraonline\\\/\"],\"url\":\"https:\\\/\\\/sighisoaraonline.com\\\/content\\\/author\\\/paul\\\/\"}]}<\/script>\n<!-- \/ Yoast SEO plugin. -->","yoast_head_json":{"title":"Sighi\u0219oara devine Capitala Intercultural\u0103 a Europei Preg\u0103tirile pentru edi\u021bia a XVI-a a Festivalului ProEtnica 2018 au intrat pe ultimii metri","robots":{"index":"index","follow":"follow","max-snippet":"max-snippet:-1","max-image-preview":"max-image-preview:large","max-video-preview":"max-video-preview:-1"},"canonical":"https:\/\/sighisoaraonline.com\/content\/sighisoara-devine-capitala-interculturala-a-europei-pregatirile-pentru-editia-a-xvi-a-a-festivalului-proetnica-2018-au-intrat-pe-ultimii-metri\/","og_locale":"en_US","og_type":"article","og_title":"Sighi\u0219oara devine Capitala Intercultural\u0103 a Europei Preg\u0103tirile pentru edi\u021bia a XVI-a a Festivalului ProEtnica 2018 au intrat pe ultimii metri","og_description":"Asocia\u021bia Centrul Educa\u021bional pentru Tineret Sighi\u0219oara (ibz) \u00een parteneriat cu Guvernul Rom\u00e2niei &#8211; Departamentul pentru...","og_url":"https:\/\/sighisoaraonline.com\/content\/sighisoara-devine-capitala-interculturala-a-europei-pregatirile-pentru-editia-a-xvi-a-a-festivalului-proetnica-2018-au-intrat-pe-ultimii-metri\/","og_site_name":"Sighisoara","article_publisher":"https:\/\/www.facebook.com\/sighisoaraonline\/","article_author":"https:\/\/www.facebook.com\/sighisoaraonline\/","article_published_time":"2018-08-12T13:11:45+00:00","og_image":[{"width":768,"height":513,"url":"https:\/\/sighisoaraonline.com\/content\/wp-content\/uploads\/2018\/08\/proetnica-20180812.jpg","type":"image\/jpeg"}],"author":"Sighisoara Online","twitter_card":"summary_large_image","twitter_misc":{"Written by":"Sighisoara Online","Est. reading time":"3 minutes"},"schema":{"@context":"https:\/\/schema.org","@graph":[{"@type":"Article","@id":"https:\/\/sighisoaraonline.com\/content\/sighisoara-devine-capitala-interculturala-a-europei-pregatirile-pentru-editia-a-xvi-a-a-festivalului-proetnica-2018-au-intrat-pe-ultimii-metri\/#article","isPartOf":{"@id":"https:\/\/sighisoaraonline.com\/content\/sighisoara-devine-capitala-interculturala-a-europei-pregatirile-pentru-editia-a-xvi-a-a-festivalului-proetnica-2018-au-intrat-pe-ultimii-metri\/"},"author":{"name":"Sighisoara Online","@id":"https:\/\/sighisoaraonline.com\/content\/#\/schema\/person\/140de7f8d077626585be2e01dfe4cca0"},"headline":"Sighi\u0219oara devine Capitala Intercultural\u0103 a Europei Preg\u0103tirile pentru edi\u021bia a XVI-a a Festivalului ProEtnica 2018 au intrat pe ultimii metri","datePublished":"2018-08-12T13:11:45+00:00","mainEntityOfPage":{"@id":"https:\/\/sighisoaraonline.com\/content\/sighisoara-devine-capitala-interculturala-a-europei-pregatirile-pentru-editia-a-xvi-a-a-festivalului-proetnica-2018-au-intrat-pe-ultimii-metri\/"},"wordCount":625,"publisher":{"@id":"https:\/\/sighisoaraonline.com\/content\/#\/schema\/person\/140de7f8d077626585be2e01dfe4cca0"},"image":{"@id":"https:\/\/sighisoaraonline.com\/content\/sighisoara-devine-capitala-interculturala-a-europei-pregatirile-pentru-editia-a-xvi-a-a-festivalului-proetnica-2018-au-intrat-pe-ultimii-metri\/#primaryimage"},"thumbnailUrl":"https:\/\/sighisoaraonline.com\/content\/wp-content\/uploads\/2018\/08\/proetnica-20180812.jpg","articleSection":["Social","Turism"],"inLanguage":"en-US"},{"@type":"WebPage","@id":"https:\/\/sighisoaraonline.com\/content\/sighisoara-devine-capitala-interculturala-a-europei-pregatirile-pentru-editia-a-xvi-a-a-festivalului-proetnica-2018-au-intrat-pe-ultimii-metri\/","url":"https:\/\/sighisoaraonline.com\/content\/sighisoara-devine-capitala-interculturala-a-europei-pregatirile-pentru-editia-a-xvi-a-a-festivalului-proetnica-2018-au-intrat-pe-ultimii-metri\/","name":"Sighi\u0219oara devine Capitala Intercultural\u0103 a Europei Preg\u0103tirile pentru edi\u021bia a XVI-a a Festivalului ProEtnica 2018 au intrat pe ultimii metri","isPartOf":{"@id":"https:\/\/sighisoaraonline.com\/content\/#website"},"primaryImageOfPage":{"@id":"https:\/\/sighisoaraonline.com\/content\/sighisoara-devine-capitala-interculturala-a-europei-pregatirile-pentru-editia-a-xvi-a-a-festivalului-proetnica-2018-au-intrat-pe-ultimii-metri\/#primaryimage"},"image":{"@id":"https:\/\/sighisoaraonline.com\/content\/sighisoara-devine-capitala-interculturala-a-europei-pregatirile-pentru-editia-a-xvi-a-a-festivalului-proetnica-2018-au-intrat-pe-ultimii-metri\/#primaryimage"},"thumbnailUrl":"https:\/\/sighisoaraonline.com\/content\/wp-content\/uploads\/2018\/08\/proetnica-20180812.jpg","datePublished":"2018-08-12T13:11:45+00:00","breadcrumb":{"@id":"https:\/\/sighisoaraonline.com\/content\/sighisoara-devine-capitala-interculturala-a-europei-pregatirile-pentru-editia-a-xvi-a-a-festivalului-proetnica-2018-au-intrat-pe-ultimii-metri\/#breadcrumb"},"inLanguage":"en-US","potentialAction":[{"@type":"ReadAction","target":["https:\/\/sighisoaraonline.com\/content\/sighisoara-devine-capitala-interculturala-a-europei-pregatirile-pentru-editia-a-xvi-a-a-festivalului-proetnica-2018-au-intrat-pe-ultimii-metri\/"]}]},{"@type":"ImageObject","inLanguage":"en-US","@id":"https:\/\/sighisoaraonline.com\/content\/sighisoara-devine-capitala-interculturala-a-europei-pregatirile-pentru-editia-a-xvi-a-a-festivalului-proetnica-2018-au-intrat-pe-ultimii-metri\/#primaryimage","url":"https:\/\/sighisoaraonline.com\/content\/wp-content\/uploads\/2018\/08\/proetnica-20180812.jpg","contentUrl":"https:\/\/sighisoaraonline.com\/content\/wp-content\/uploads\/2018\/08\/proetnica-20180812.jpg","width":768,"height":513},{"@type":"BreadcrumbList","@id":"https:\/\/sighisoaraonline.com\/content\/sighisoara-devine-capitala-interculturala-a-europei-pregatirile-pentru-editia-a-xvi-a-a-festivalului-proetnica-2018-au-intrat-pe-ultimii-metri\/#breadcrumb","itemListElement":[{"@type":"ListItem","position":1,"name":"Home","item":"https:\/\/sighisoaraonline.com\/content\/"},{"@type":"ListItem","position":2,"name":"Sighi\u0219oara devine Capitala Intercultural\u0103 a Europei Preg\u0103tirile pentru edi\u021bia a XVI-a a Festivalului ProEtnica 2018 au intrat pe ultimii metri"}]},{"@type":"WebSite","@id":"https:\/\/sighisoaraonline.com\/content\/#website","url":"https:\/\/sighisoaraonline.com\/content\/","name":"Sighisoara","description":"","publisher":{"@id":"https:\/\/sighisoaraonline.com\/content\/#\/schema\/person\/140de7f8d077626585be2e01dfe4cca0"},"potentialAction":[{"@type":"SearchAction","target":{"@type":"EntryPoint","urlTemplate":"https:\/\/sighisoaraonline.com\/content\/?s={search_term_string}"},"query-input":{"@type":"PropertyValueSpecification","valueRequired":true,"valueName":"search_term_string"}}],"inLanguage":"en-US"},{"@type":["Person","Organization"],"@id":"https:\/\/sighisoaraonline.com\/content\/#\/schema\/person\/140de7f8d077626585be2e01dfe4cca0","name":"Sighisoara Online","image":{"@type":"ImageObject","inLanguage":"en-US","@id":"https:\/\/sighisoaraonline.com\/content\/wp-content\/uploads\/2017\/03\/cropped-sigonlinen-1.png","url":"https:\/\/sighisoaraonline.com\/content\/wp-content\/uploads\/2017\/03\/cropped-sigonlinen-1.png","contentUrl":"https:\/\/sighisoaraonline.com\/content\/wp-content\/uploads\/2017\/03\/cropped-sigonlinen-1.png","width":257,"height":60,"caption":"Sighisoara Online"},"logo":{"@id":"https:\/\/sighisoaraonline.com\/content\/wp-content\/uploads\/2017\/03\/cropped-sigonlinen-1.png"},"sameAs":["https:\/\/www.facebook.com\/sighisoaraonline\/","https:\/\/www.instagram.com\/sighisoaraonline\/"],"url":"https:\/\/sighisoaraonline.com\/content\/author\/paul\/"}]}},"_links":{"self":[{"href":"https:\/\/sighisoaraonline.com\/content\/wp-json\/wp\/v2\/posts\/9218","targetHints":{"allow":["GET"]}}],"collection":[{"href":"https:\/\/sighisoaraonline.com\/content\/wp-json\/wp\/v2\/posts"}],"about":[{"href":"https:\/\/sighisoaraonline.com\/content\/wp-json\/wp\/v2\/types\/post"}],"author":[{"embeddable":true,"href":"https:\/\/sighisoaraonline.com\/content\/wp-json\/wp\/v2\/users\/1"}],"replies":[{"embeddable":true,"href":"https:\/\/sighisoaraonline.com\/content\/wp-json\/wp\/v2\/comments?post=9218"}],"version-history":[{"count":1,"href":"https:\/\/sighisoaraonline.com\/content\/wp-json\/wp\/v2\/posts\/9218\/revisions"}],"predecessor-version":[{"id":9220,"href":"https:\/\/sighisoaraonline.com\/content\/wp-json\/wp\/v2\/posts\/9218\/revisions\/9220"}],"wp:featuredmedia":[{"embeddable":true,"href":"https:\/\/sighisoaraonline.com\/content\/wp-json\/wp\/v2\/media\/9219"}],"wp:attachment":[{"href":"https:\/\/sighisoaraonline.com\/content\/wp-json\/wp\/v2\/media?parent=9218"}],"wp:term":[{"taxonomy":"category","embeddable":true,"href":"https:\/\/sighisoaraonline.com\/content\/wp-json\/wp\/v2\/categories?post=9218"},{"taxonomy":"post_tag","embeddable":true,"href":"https:\/\/sighisoaraonline.com\/content\/wp-json\/wp\/v2\/tags?post=9218"}],"curies":[{"name":"wp","href":"https:\/\/api.w.org\/{rel}","templated":true}]}}