{"id":9256,"date":"2018-08-20T15:54:58","date_gmt":"2018-08-20T15:54:58","guid":{"rendered":"https:\/\/sighisoaraonline.com\/content\/?p=9256"},"modified":"2018-08-20T15:54:58","modified_gmt":"2018-08-20T15:54:58","slug":"comunicat-de-presa-sighisoara-devine-gazda-dialogului-intercultural-festivalul-proetnica-2018-si-a-definitivat-programul","status":"publish","type":"post","link":"https:\/\/sighisoaraonline.com\/content\/comunicat-de-presa-sighisoara-devine-gazda-dialogului-intercultural-festivalul-proetnica-2018-si-a-definitivat-programul\/","title":{"rendered":"Comunicat de presa: Sighi\u0219oara devine gazda dialogului intercultural, Festivalul ProEtnica 2018 \u0219i-a definitivat  programul"},"content":{"rendered":"<p>Asocia\u021bia Centrul Educa\u021bional pentru Tineret Sighi\u0219oara (ibz) \u00een parteneriat cu Guvernul Rom\u00e2niei &#8211; Departamentul pentru Rela\u021bii Interetnice (DRI) \u0219i Consiliul Jude\u021bean Mure\u0219, organizeaz\u0103 ProEtnica \u2013Festival Intercultural Sighi\u0219oara, \u00een perioada 22-26 august 2018.<\/p>\n<p>Festivalul va cuprinde momente de dans \u0219i muzic\u0103 tradi\u021bionale, sus\u021binute de peste 50 de ansambluri ale grupurilor etnice,  care vor putea fi urm\u0103rite pe scena amplasat\u0103 \u00een Pia\u021ba Cet\u0103\u021bii. De asemenea evenimentul mai cuprinde o sec\u021biune \u0219tiin\u021bific\u0103, seri de film, expozi\u021bii comune de art\u0103, care reunesc lucr\u0103ri ale arti\u0219tilor contemporani din r\u00e2ndul minorit\u0103\u021bilor na\u021bionale. Programul reune\u0219te \u0219i me\u0219te\u0219ugari \u0219i standuri de prezentare ale minorit\u0103\u021bilor na\u021bionale, ce pot fi vizitate zilnic, \u00eentre orele 10-18.<\/p>\n<p>Serile festivalului Proetnica 2018 aduc pe scen\u0103 forma\u0163ii \u015fi interpre\u0163i consacra\u021bi at\u00e2t \u00een \u0163ar\u0103 c\u00e2t \u015fi \u00een str\u0103in\u0103tate. Miercuri va concerta trupa Ezt\u1e9an, joi, Maia Morgenstern \u00eempreun\u0103 cu Bucharest Klezmer Band, precum \u0219i Ionu\u021b Galani. Fanfara de la Cozme\u0219ti cu Ina Chiriac vor antrena publicul vineri. Seara de s\u00e2mb\u0103t\u0103 va aduce pe scen\u0103 trupa Farfarello \u00eempreun\u0103 cu Ioji Kappl \u0219i Ovidiu Lipan \u021a\u0103nd\u0103ric\u0103.<\/p>\n<p>Mai multe detalii privind programul g\u0103si\u021bi aici: <a href=\"https:\/\/www.proetnica.ro\/2018\/images\/program\/Program-ProEtnica-2018.pdf\">https:\/\/www.proetnica.ro\/2018\/images\/program\/Program-ProEtnica-2018.pdf<\/a><\/p>\n<p>Acest proiect urm\u0103re\u0219te consolidarea p\u0103cii interetnice \u00eentr-o societate pluralist\u0103 \u0219i democratic\u0103. ProEtnica \u00ee\u0219i propune s\u0103 devin\u0103 o Agora pentru exprimarea, p\u0103strarea \u015fi dezvoltarea identit\u0103\u0163ilor etnoculturale din Rom\u00e2nia, promov\u00e2nd dialogul intercultural \u0219i interac\u021biunea artistic\u0103 pe plan european. \u00cen acest cadru, organizatorii evenimentului se bucur\u0103 de participarea a peste 600 de reprezentan\u021bi ai minorit\u0103\u021bilor na\u021bionale din Rom\u00e2nia. De remarcat prezen\u021ba minorit\u0103\u021bii na\u021bionale a sorabilor din Germania, care dezvolt\u0103 latura interna\u021bional\u0103 a festivalului.  <\/p>\n<p>Proiectul este sus\u021binut de c\u0103tre Departamentul pentru Rela\u021bii Interetnice al Guvernului Rom\u00e2niei \u0219i Consiliul Jude\u021bean Mure\u0219, \u00een calitate de parteneri, precum \u0219i de c\u0103tre Ministerul Culturii \u0219i Identit\u0103\u021bii Na\u021bionale \u0219i Municipiul Sighi\u0219oara, \u00een calitate de finan\u021batori. Evenimentul se bucur\u0103 \u0219i de sprijinul Ambasadei Republicii Federale Germania Bucure\u0219ti, Institutul Cultural Rom\u00e2n din cadrul Guvernului Rom\u00e2niei, Institutul pentru Rela\u021bii Externe din Stuttgart (Institut f\u00fcr Auslandsbeziehungen Stuttgart) \u0219i Ministerul pentru \u0218tiin\u021b\u0103, Cercetare \u0219i Cultur\u0103 al Landului Brandenburg al Republicii Federale Germania.<\/p>\n","protected":false},"excerpt":{"rendered":"<p>Asocia\u021bia Centrul Educa\u021bional pentru Tineret Sighi\u0219oara (ibz) \u00een parteneriat cu Guvernul Rom\u00e2niei &#8211; Departamentul pentru&#8230;<\/p>\n","protected":false},"author":1,"featured_media":8502,"comment_status":"closed","ping_status":"open","sticky":false,"template":"","format":"standard","meta":{"footnotes":""},"categories":[9,14,16],"tags":[],"class_list":["post-9256","post","type-post","status-publish","format-standard","has-post-thumbnail","hentry","category-cultura","category-social","category-turism"],"yoast_head":"<!-- This site is optimized with the Yoast SEO plugin v27.5 - https:\/\/yoast.com\/product\/yoast-seo-wordpress\/ -->\n<title>Comunicat de presa: Sighi\u0219oara devine gazda dialogului intercultural, Festivalul ProEtnica 2018 \u0219i-a definitivat programul<\/title>\n<meta name=\"robots\" content=\"index, follow, max-snippet:-1, max-image-preview:large, max-video-preview:-1\" \/>\n<link rel=\"canonical\" href=\"https:\/\/sighisoaraonline.com\/content\/comunicat-de-presa-sighisoara-devine-gazda-dialogului-intercultural-festivalul-proetnica-2018-si-a-definitivat-programul\/\" \/>\n<meta property=\"og:locale\" content=\"en_US\" \/>\n<meta property=\"og:type\" content=\"article\" \/>\n<meta property=\"og:title\" content=\"Comunicat de presa: Sighi\u0219oara devine gazda dialogului intercultural, Festivalul ProEtnica 2018 \u0219i-a definitivat programul\" \/>\n<meta property=\"og:description\" content=\"Asocia\u021bia Centrul Educa\u021bional pentru Tineret Sighi\u0219oara (ibz) \u00een parteneriat cu Guvernul Rom\u00e2niei &#8211; Departamentul pentru...\" \/>\n<meta property=\"og:url\" content=\"https:\/\/sighisoaraonline.com\/content\/comunicat-de-presa-sighisoara-devine-gazda-dialogului-intercultural-festivalul-proetnica-2018-si-a-definitivat-programul\/\" \/>\n<meta property=\"og:site_name\" content=\"Sighisoara\" \/>\n<meta property=\"article:publisher\" content=\"https:\/\/www.facebook.com\/sighisoaraonline\/\" \/>\n<meta property=\"article:author\" content=\"https:\/\/www.facebook.com\/sighisoaraonline\/\" \/>\n<meta property=\"article:published_time\" content=\"2018-08-20T15:54:58+00:00\" \/>\n<meta property=\"og:image\" content=\"https:\/\/sighisoaraonline.com\/content\/wp-content\/uploads\/2018\/06\/proetnica-2018.jpg\" \/>\n\t<meta property=\"og:image:width\" content=\"1357\" \/>\n\t<meta property=\"og:image:height\" content=\"486\" \/>\n\t<meta property=\"og:image:type\" content=\"image\/jpeg\" \/>\n<meta name=\"author\" content=\"Sighisoara Online\" \/>\n<meta name=\"twitter:card\" content=\"summary_large_image\" \/>\n<meta name=\"twitter:label1\" content=\"Written by\" \/>\n\t<meta name=\"twitter:data1\" content=\"Sighisoara Online\" \/>\n\t<meta name=\"twitter:label2\" content=\"Est. reading time\" \/>\n\t<meta name=\"twitter:data2\" content=\"2 minutes\" \/>\n<script type=\"application\/ld+json\" class=\"yoast-schema-graph\">{\"@context\":\"https:\\\/\\\/schema.org\",\"@graph\":[{\"@type\":\"Article\",\"@id\":\"https:\\\/\\\/sighisoaraonline.com\\\/content\\\/comunicat-de-presa-sighisoara-devine-gazda-dialogului-intercultural-festivalul-proetnica-2018-si-a-definitivat-programul\\\/#article\",\"isPartOf\":{\"@id\":\"https:\\\/\\\/sighisoaraonline.com\\\/content\\\/comunicat-de-presa-sighisoara-devine-gazda-dialogului-intercultural-festivalul-proetnica-2018-si-a-definitivat-programul\\\/\"},\"author\":{\"name\":\"Sighisoara Online\",\"@id\":\"https:\\\/\\\/sighisoaraonline.com\\\/content\\\/#\\\/schema\\\/person\\\/140de7f8d077626585be2e01dfe4cca0\"},\"headline\":\"Comunicat de presa: Sighi\u0219oara devine gazda dialogului intercultural, Festivalul ProEtnica 2018 \u0219i-a definitivat programul\",\"datePublished\":\"2018-08-20T15:54:58+00:00\",\"mainEntityOfPage\":{\"@id\":\"https:\\\/\\\/sighisoaraonline.com\\\/content\\\/comunicat-de-presa-sighisoara-devine-gazda-dialogului-intercultural-festivalul-proetnica-2018-si-a-definitivat-programul\\\/\"},\"wordCount\":411,\"publisher\":{\"@id\":\"https:\\\/\\\/sighisoaraonline.com\\\/content\\\/#\\\/schema\\\/person\\\/140de7f8d077626585be2e01dfe4cca0\"},\"image\":{\"@id\":\"https:\\\/\\\/sighisoaraonline.com\\\/content\\\/comunicat-de-presa-sighisoara-devine-gazda-dialogului-intercultural-festivalul-proetnica-2018-si-a-definitivat-programul\\\/#primaryimage\"},\"thumbnailUrl\":\"https:\\\/\\\/sighisoaraonline.com\\\/content\\\/wp-content\\\/uploads\\\/2018\\\/06\\\/proetnica-2018.jpg\",\"articleSection\":[\"Cultura\",\"Social\",\"Turism\"],\"inLanguage\":\"en-US\"},{\"@type\":\"WebPage\",\"@id\":\"https:\\\/\\\/sighisoaraonline.com\\\/content\\\/comunicat-de-presa-sighisoara-devine-gazda-dialogului-intercultural-festivalul-proetnica-2018-si-a-definitivat-programul\\\/\",\"url\":\"https:\\\/\\\/sighisoaraonline.com\\\/content\\\/comunicat-de-presa-sighisoara-devine-gazda-dialogului-intercultural-festivalul-proetnica-2018-si-a-definitivat-programul\\\/\",\"name\":\"Comunicat de presa: Sighi\u0219oara devine gazda dialogului intercultural, Festivalul ProEtnica 2018 \u0219i-a definitivat programul\",\"isPartOf\":{\"@id\":\"https:\\\/\\\/sighisoaraonline.com\\\/content\\\/#website\"},\"primaryImageOfPage\":{\"@id\":\"https:\\\/\\\/sighisoaraonline.com\\\/content\\\/comunicat-de-presa-sighisoara-devine-gazda-dialogului-intercultural-festivalul-proetnica-2018-si-a-definitivat-programul\\\/#primaryimage\"},\"image\":{\"@id\":\"https:\\\/\\\/sighisoaraonline.com\\\/content\\\/comunicat-de-presa-sighisoara-devine-gazda-dialogului-intercultural-festivalul-proetnica-2018-si-a-definitivat-programul\\\/#primaryimage\"},\"thumbnailUrl\":\"https:\\\/\\\/sighisoaraonline.com\\\/content\\\/wp-content\\\/uploads\\\/2018\\\/06\\\/proetnica-2018.jpg\",\"datePublished\":\"2018-08-20T15:54:58+00:00\",\"breadcrumb\":{\"@id\":\"https:\\\/\\\/sighisoaraonline.com\\\/content\\\/comunicat-de-presa-sighisoara-devine-gazda-dialogului-intercultural-festivalul-proetnica-2018-si-a-definitivat-programul\\\/#breadcrumb\"},\"inLanguage\":\"en-US\",\"potentialAction\":[{\"@type\":\"ReadAction\",\"target\":[\"https:\\\/\\\/sighisoaraonline.com\\\/content\\\/comunicat-de-presa-sighisoara-devine-gazda-dialogului-intercultural-festivalul-proetnica-2018-si-a-definitivat-programul\\\/\"]}]},{\"@type\":\"ImageObject\",\"inLanguage\":\"en-US\",\"@id\":\"https:\\\/\\\/sighisoaraonline.com\\\/content\\\/comunicat-de-presa-sighisoara-devine-gazda-dialogului-intercultural-festivalul-proetnica-2018-si-a-definitivat-programul\\\/#primaryimage\",\"url\":\"https:\\\/\\\/sighisoaraonline.com\\\/content\\\/wp-content\\\/uploads\\\/2018\\\/06\\\/proetnica-2018.jpg\",\"contentUrl\":\"https:\\\/\\\/sighisoaraonline.com\\\/content\\\/wp-content\\\/uploads\\\/2018\\\/06\\\/proetnica-2018.jpg\",\"width\":1357,\"height\":486},{\"@type\":\"BreadcrumbList\",\"@id\":\"https:\\\/\\\/sighisoaraonline.com\\\/content\\\/comunicat-de-presa-sighisoara-devine-gazda-dialogului-intercultural-festivalul-proetnica-2018-si-a-definitivat-programul\\\/#breadcrumb\",\"itemListElement\":[{\"@type\":\"ListItem\",\"position\":1,\"name\":\"Home\",\"item\":\"https:\\\/\\\/sighisoaraonline.com\\\/content\\\/\"},{\"@type\":\"ListItem\",\"position\":2,\"name\":\"Comunicat de presa: Sighi\u0219oara devine gazda dialogului intercultural, Festivalul ProEtnica 2018 \u0219i-a definitivat programul\"}]},{\"@type\":\"WebSite\",\"@id\":\"https:\\\/\\\/sighisoaraonline.com\\\/content\\\/#website\",\"url\":\"https:\\\/\\\/sighisoaraonline.com\\\/content\\\/\",\"name\":\"Sighisoara\",\"description\":\"\",\"publisher\":{\"@id\":\"https:\\\/\\\/sighisoaraonline.com\\\/content\\\/#\\\/schema\\\/person\\\/140de7f8d077626585be2e01dfe4cca0\"},\"potentialAction\":[{\"@type\":\"SearchAction\",\"target\":{\"@type\":\"EntryPoint\",\"urlTemplate\":\"https:\\\/\\\/sighisoaraonline.com\\\/content\\\/?s={search_term_string}\"},\"query-input\":{\"@type\":\"PropertyValueSpecification\",\"valueRequired\":true,\"valueName\":\"search_term_string\"}}],\"inLanguage\":\"en-US\"},{\"@type\":[\"Person\",\"Organization\"],\"@id\":\"https:\\\/\\\/sighisoaraonline.com\\\/content\\\/#\\\/schema\\\/person\\\/140de7f8d077626585be2e01dfe4cca0\",\"name\":\"Sighisoara Online\",\"image\":{\"@type\":\"ImageObject\",\"inLanguage\":\"en-US\",\"@id\":\"https:\\\/\\\/sighisoaraonline.com\\\/content\\\/wp-content\\\/uploads\\\/2017\\\/03\\\/cropped-sigonlinen-1.png\",\"url\":\"https:\\\/\\\/sighisoaraonline.com\\\/content\\\/wp-content\\\/uploads\\\/2017\\\/03\\\/cropped-sigonlinen-1.png\",\"contentUrl\":\"https:\\\/\\\/sighisoaraonline.com\\\/content\\\/wp-content\\\/uploads\\\/2017\\\/03\\\/cropped-sigonlinen-1.png\",\"width\":257,\"height\":60,\"caption\":\"Sighisoara Online\"},\"logo\":{\"@id\":\"https:\\\/\\\/sighisoaraonline.com\\\/content\\\/wp-content\\\/uploads\\\/2017\\\/03\\\/cropped-sigonlinen-1.png\"},\"sameAs\":[\"https:\\\/\\\/www.facebook.com\\\/sighisoaraonline\\\/\",\"https:\\\/\\\/www.instagram.com\\\/sighisoaraonline\\\/\"],\"url\":\"https:\\\/\\\/sighisoaraonline.com\\\/content\\\/author\\\/paul\\\/\"}]}<\/script>\n<!-- \/ Yoast SEO plugin. -->","yoast_head_json":{"title":"Comunicat de presa: Sighi\u0219oara devine gazda dialogului intercultural, Festivalul ProEtnica 2018 \u0219i-a definitivat programul","robots":{"index":"index","follow":"follow","max-snippet":"max-snippet:-1","max-image-preview":"max-image-preview:large","max-video-preview":"max-video-preview:-1"},"canonical":"https:\/\/sighisoaraonline.com\/content\/comunicat-de-presa-sighisoara-devine-gazda-dialogului-intercultural-festivalul-proetnica-2018-si-a-definitivat-programul\/","og_locale":"en_US","og_type":"article","og_title":"Comunicat de presa: Sighi\u0219oara devine gazda dialogului intercultural, Festivalul ProEtnica 2018 \u0219i-a definitivat programul","og_description":"Asocia\u021bia Centrul Educa\u021bional pentru Tineret Sighi\u0219oara (ibz) \u00een parteneriat cu Guvernul Rom\u00e2niei &#8211; Departamentul pentru...","og_url":"https:\/\/sighisoaraonline.com\/content\/comunicat-de-presa-sighisoara-devine-gazda-dialogului-intercultural-festivalul-proetnica-2018-si-a-definitivat-programul\/","og_site_name":"Sighisoara","article_publisher":"https:\/\/www.facebook.com\/sighisoaraonline\/","article_author":"https:\/\/www.facebook.com\/sighisoaraonline\/","article_published_time":"2018-08-20T15:54:58+00:00","og_image":[{"width":1357,"height":486,"url":"https:\/\/sighisoaraonline.com\/content\/wp-content\/uploads\/2018\/06\/proetnica-2018.jpg","type":"image\/jpeg"}],"author":"Sighisoara Online","twitter_card":"summary_large_image","twitter_misc":{"Written by":"Sighisoara Online","Est. reading time":"2 minutes"},"schema":{"@context":"https:\/\/schema.org","@graph":[{"@type":"Article","@id":"https:\/\/sighisoaraonline.com\/content\/comunicat-de-presa-sighisoara-devine-gazda-dialogului-intercultural-festivalul-proetnica-2018-si-a-definitivat-programul\/#article","isPartOf":{"@id":"https:\/\/sighisoaraonline.com\/content\/comunicat-de-presa-sighisoara-devine-gazda-dialogului-intercultural-festivalul-proetnica-2018-si-a-definitivat-programul\/"},"author":{"name":"Sighisoara Online","@id":"https:\/\/sighisoaraonline.com\/content\/#\/schema\/person\/140de7f8d077626585be2e01dfe4cca0"},"headline":"Comunicat de presa: Sighi\u0219oara devine gazda dialogului intercultural, Festivalul ProEtnica 2018 \u0219i-a definitivat programul","datePublished":"2018-08-20T15:54:58+00:00","mainEntityOfPage":{"@id":"https:\/\/sighisoaraonline.com\/content\/comunicat-de-presa-sighisoara-devine-gazda-dialogului-intercultural-festivalul-proetnica-2018-si-a-definitivat-programul\/"},"wordCount":411,"publisher":{"@id":"https:\/\/sighisoaraonline.com\/content\/#\/schema\/person\/140de7f8d077626585be2e01dfe4cca0"},"image":{"@id":"https:\/\/sighisoaraonline.com\/content\/comunicat-de-presa-sighisoara-devine-gazda-dialogului-intercultural-festivalul-proetnica-2018-si-a-definitivat-programul\/#primaryimage"},"thumbnailUrl":"https:\/\/sighisoaraonline.com\/content\/wp-content\/uploads\/2018\/06\/proetnica-2018.jpg","articleSection":["Cultura","Social","Turism"],"inLanguage":"en-US"},{"@type":"WebPage","@id":"https:\/\/sighisoaraonline.com\/content\/comunicat-de-presa-sighisoara-devine-gazda-dialogului-intercultural-festivalul-proetnica-2018-si-a-definitivat-programul\/","url":"https:\/\/sighisoaraonline.com\/content\/comunicat-de-presa-sighisoara-devine-gazda-dialogului-intercultural-festivalul-proetnica-2018-si-a-definitivat-programul\/","name":"Comunicat de presa: Sighi\u0219oara devine gazda dialogului intercultural, Festivalul ProEtnica 2018 \u0219i-a definitivat programul","isPartOf":{"@id":"https:\/\/sighisoaraonline.com\/content\/#website"},"primaryImageOfPage":{"@id":"https:\/\/sighisoaraonline.com\/content\/comunicat-de-presa-sighisoara-devine-gazda-dialogului-intercultural-festivalul-proetnica-2018-si-a-definitivat-programul\/#primaryimage"},"image":{"@id":"https:\/\/sighisoaraonline.com\/content\/comunicat-de-presa-sighisoara-devine-gazda-dialogului-intercultural-festivalul-proetnica-2018-si-a-definitivat-programul\/#primaryimage"},"thumbnailUrl":"https:\/\/sighisoaraonline.com\/content\/wp-content\/uploads\/2018\/06\/proetnica-2018.jpg","datePublished":"2018-08-20T15:54:58+00:00","breadcrumb":{"@id":"https:\/\/sighisoaraonline.com\/content\/comunicat-de-presa-sighisoara-devine-gazda-dialogului-intercultural-festivalul-proetnica-2018-si-a-definitivat-programul\/#breadcrumb"},"inLanguage":"en-US","potentialAction":[{"@type":"ReadAction","target":["https:\/\/sighisoaraonline.com\/content\/comunicat-de-presa-sighisoara-devine-gazda-dialogului-intercultural-festivalul-proetnica-2018-si-a-definitivat-programul\/"]}]},{"@type":"ImageObject","inLanguage":"en-US","@id":"https:\/\/sighisoaraonline.com\/content\/comunicat-de-presa-sighisoara-devine-gazda-dialogului-intercultural-festivalul-proetnica-2018-si-a-definitivat-programul\/#primaryimage","url":"https:\/\/sighisoaraonline.com\/content\/wp-content\/uploads\/2018\/06\/proetnica-2018.jpg","contentUrl":"https:\/\/sighisoaraonline.com\/content\/wp-content\/uploads\/2018\/06\/proetnica-2018.jpg","width":1357,"height":486},{"@type":"BreadcrumbList","@id":"https:\/\/sighisoaraonline.com\/content\/comunicat-de-presa-sighisoara-devine-gazda-dialogului-intercultural-festivalul-proetnica-2018-si-a-definitivat-programul\/#breadcrumb","itemListElement":[{"@type":"ListItem","position":1,"name":"Home","item":"https:\/\/sighisoaraonline.com\/content\/"},{"@type":"ListItem","position":2,"name":"Comunicat de presa: Sighi\u0219oara devine gazda dialogului intercultural, Festivalul ProEtnica 2018 \u0219i-a definitivat programul"}]},{"@type":"WebSite","@id":"https:\/\/sighisoaraonline.com\/content\/#website","url":"https:\/\/sighisoaraonline.com\/content\/","name":"Sighisoara","description":"","publisher":{"@id":"https:\/\/sighisoaraonline.com\/content\/#\/schema\/person\/140de7f8d077626585be2e01dfe4cca0"},"potentialAction":[{"@type":"SearchAction","target":{"@type":"EntryPoint","urlTemplate":"https:\/\/sighisoaraonline.com\/content\/?s={search_term_string}"},"query-input":{"@type":"PropertyValueSpecification","valueRequired":true,"valueName":"search_term_string"}}],"inLanguage":"en-US"},{"@type":["Person","Organization"],"@id":"https:\/\/sighisoaraonline.com\/content\/#\/schema\/person\/140de7f8d077626585be2e01dfe4cca0","name":"Sighisoara Online","image":{"@type":"ImageObject","inLanguage":"en-US","@id":"https:\/\/sighisoaraonline.com\/content\/wp-content\/uploads\/2017\/03\/cropped-sigonlinen-1.png","url":"https:\/\/sighisoaraonline.com\/content\/wp-content\/uploads\/2017\/03\/cropped-sigonlinen-1.png","contentUrl":"https:\/\/sighisoaraonline.com\/content\/wp-content\/uploads\/2017\/03\/cropped-sigonlinen-1.png","width":257,"height":60,"caption":"Sighisoara Online"},"logo":{"@id":"https:\/\/sighisoaraonline.com\/content\/wp-content\/uploads\/2017\/03\/cropped-sigonlinen-1.png"},"sameAs":["https:\/\/www.facebook.com\/sighisoaraonline\/","https:\/\/www.instagram.com\/sighisoaraonline\/"],"url":"https:\/\/sighisoaraonline.com\/content\/author\/paul\/"}]}},"_links":{"self":[{"href":"https:\/\/sighisoaraonline.com\/content\/wp-json\/wp\/v2\/posts\/9256","targetHints":{"allow":["GET"]}}],"collection":[{"href":"https:\/\/sighisoaraonline.com\/content\/wp-json\/wp\/v2\/posts"}],"about":[{"href":"https:\/\/sighisoaraonline.com\/content\/wp-json\/wp\/v2\/types\/post"}],"author":[{"embeddable":true,"href":"https:\/\/sighisoaraonline.com\/content\/wp-json\/wp\/v2\/users\/1"}],"replies":[{"embeddable":true,"href":"https:\/\/sighisoaraonline.com\/content\/wp-json\/wp\/v2\/comments?post=9256"}],"version-history":[{"count":1,"href":"https:\/\/sighisoaraonline.com\/content\/wp-json\/wp\/v2\/posts\/9256\/revisions"}],"predecessor-version":[{"id":9257,"href":"https:\/\/sighisoaraonline.com\/content\/wp-json\/wp\/v2\/posts\/9256\/revisions\/9257"}],"wp:featuredmedia":[{"embeddable":true,"href":"https:\/\/sighisoaraonline.com\/content\/wp-json\/wp\/v2\/media\/8502"}],"wp:attachment":[{"href":"https:\/\/sighisoaraonline.com\/content\/wp-json\/wp\/v2\/media?parent=9256"}],"wp:term":[{"taxonomy":"category","embeddable":true,"href":"https:\/\/sighisoaraonline.com\/content\/wp-json\/wp\/v2\/categories?post=9256"},{"taxonomy":"post_tag","embeddable":true,"href":"https:\/\/sighisoaraonline.com\/content\/wp-json\/wp\/v2\/tags?post=9256"}],"curies":[{"name":"wp","href":"https:\/\/api.w.org\/{rel}","templated":true}]}}