{"id":9288,"date":"2018-08-23T19:38:54","date_gmt":"2018-08-23T19:38:54","guid":{"rendered":"https:\/\/sighisoaraonline.com\/content\/?p=9288"},"modified":"2018-08-23T19:38:54","modified_gmt":"2018-08-23T19:38:54","slug":"radioson-multiculturalitate-si-dialog-zilele-acestea-la-sighisoara-in-cadrul-festivalului-proetnica","status":"publish","type":"post","link":"https:\/\/sighisoaraonline.com\/content\/radioson-multiculturalitate-si-dialog-zilele-acestea-la-sighisoara-in-cadrul-festivalului-proetnica\/","title":{"rendered":"RadioSon: Multiculturalitate si dialog zilele acestea la Sighisoara in cadrul Festivalului Proetnica"},"content":{"rendered":"<p>Peste 600 de arti\u0219ti, interpre\u021bi, me\u0219te\u0219ugari si artizani reprezent\u00e2nd 20 minorit\u0103\u021bi na\u021bionale participa zilele acestea la Sighi\u0219oara la a 16-a edi\u021bie a Festivalului Intercultural Proetnica. Proetnica este cea mai mare manifestare dedicat\u0103 dialogului intercultural din Europa.<br \/>\nEvenimentul este organizat de Asocia\u0163ia Centrul Educa\u0163ional Interetnic pentru Tineret Sighi\u015foara.<\/p>\n<p>Proetnica 2018 se bucur\u0103 de sprijinul Ambasadei Republicii Federale Germania la Bucure\u015fti \u015fi a Departamentului pentru Rela\u0163ii Interetnice din cadrul Guvernului Rom\u00e2niei, a Consiliului Judetean Mures si de finantare din partea Municipiului Sighisoara. Festivalul Proetnica se va desfasura pana duminica seara. Pe scena din Piata Cetatii isi prezinta portul si cantecul traditional reprezentantii minoritatilor nationale iar serile se incheie cu concerte. Joi de la ora 21:00 a fost programat concert: Ionu\u021b Galani iar de la ora 22.00 recital Bucharest Klezmer Band si Maia Morgenstern.<\/p>\n<p>Spectacolele de prezentare ale minoritatilor entice au fost programate pentru ieri incepand de la ora 14.30 pe scena din Piata Cetatii I . Programul reune\u015fte \u015fi me\u015fte\u015fugari \u015fi standuri de prezentare ale minorit\u0103\u0163ilor na\u0163ionale, ce pot fi vizitate zilnic, \u00eentre orele 10,00 \u2013 18,00. Foto <a href=\"https:\/\/www.facebook.com\/valentin.pascu.92\">Valentin Pascu<\/a><\/p>\n","protected":false},"excerpt":{"rendered":"<p>Peste 600 de arti\u0219ti, interpre\u021bi, me\u0219te\u0219ugari si artizani reprezent\u00e2nd 20 minorit\u0103\u021bi na\u021bionale participa zilele acestea&#8230;<\/p>\n","protected":false},"author":1,"featured_media":9289,"comment_status":"closed","ping_status":"open","sticky":false,"template":"","format":"standard","meta":{"footnotes":""},"categories":[9,14,16],"tags":[],"class_list":["post-9288","post","type-post","status-publish","format-standard","has-post-thumbnail","hentry","category-cultura","category-social","category-turism"],"yoast_head":"<!-- This site is optimized with the Yoast SEO plugin v27.5 - https:\/\/yoast.com\/product\/yoast-seo-wordpress\/ -->\n<title>RadioSon: Multiculturalitate si dialog zilele acestea la Sighisoara in cadrul Festivalului Proetnica<\/title>\n<meta name=\"robots\" content=\"index, follow, max-snippet:-1, max-image-preview:large, max-video-preview:-1\" \/>\n<link rel=\"canonical\" href=\"https:\/\/sighisoaraonline.com\/content\/radioson-multiculturalitate-si-dialog-zilele-acestea-la-sighisoara-in-cadrul-festivalului-proetnica\/\" \/>\n<meta property=\"og:locale\" content=\"en_US\" \/>\n<meta property=\"og:type\" content=\"article\" \/>\n<meta property=\"og:title\" content=\"RadioSon: Multiculturalitate si dialog zilele acestea la Sighisoara in cadrul Festivalului Proetnica\" \/>\n<meta property=\"og:description\" content=\"Peste 600 de arti\u0219ti, interpre\u021bi, me\u0219te\u0219ugari si artizani reprezent\u00e2nd 20 minorit\u0103\u021bi na\u021bionale participa zilele acestea...\" \/>\n<meta property=\"og:url\" content=\"https:\/\/sighisoaraonline.com\/content\/radioson-multiculturalitate-si-dialog-zilele-acestea-la-sighisoara-in-cadrul-festivalului-proetnica\/\" \/>\n<meta property=\"og:site_name\" content=\"Sighisoara\" \/>\n<meta property=\"article:publisher\" content=\"https:\/\/www.facebook.com\/sighisoaraonline\/\" \/>\n<meta property=\"article:author\" content=\"https:\/\/www.facebook.com\/sighisoaraonline\/\" \/>\n<meta property=\"article:published_time\" content=\"2018-08-23T19:38:54+00:00\" \/>\n<meta property=\"og:image\" content=\"https:\/\/sighisoaraonline.com\/content\/wp-content\/uploads\/2018\/08\/39835012_1913263192074099_426425119313756160_o.jpg\" \/>\n\t<meta property=\"og:image:width\" content=\"1024\" \/>\n\t<meta property=\"og:image:height\" content=\"683\" \/>\n\t<meta property=\"og:image:type\" content=\"image\/jpeg\" \/>\n<meta name=\"author\" content=\"Sighisoara Online\" \/>\n<meta name=\"twitter:card\" content=\"summary_large_image\" \/>\n<meta name=\"twitter:label1\" content=\"Written by\" \/>\n\t<meta name=\"twitter:data1\" content=\"Sighisoara Online\" \/>\n\t<meta name=\"twitter:label2\" content=\"Est. reading time\" \/>\n\t<meta name=\"twitter:data2\" content=\"1 minute\" \/>\n<script type=\"application\/ld+json\" class=\"yoast-schema-graph\">{\"@context\":\"https:\\\/\\\/schema.org\",\"@graph\":[{\"@type\":\"Article\",\"@id\":\"https:\\\/\\\/sighisoaraonline.com\\\/content\\\/radioson-multiculturalitate-si-dialog-zilele-acestea-la-sighisoara-in-cadrul-festivalului-proetnica\\\/#article\",\"isPartOf\":{\"@id\":\"https:\\\/\\\/sighisoaraonline.com\\\/content\\\/radioson-multiculturalitate-si-dialog-zilele-acestea-la-sighisoara-in-cadrul-festivalului-proetnica\\\/\"},\"author\":{\"name\":\"Sighisoara Online\",\"@id\":\"https:\\\/\\\/sighisoaraonline.com\\\/content\\\/#\\\/schema\\\/person\\\/140de7f8d077626585be2e01dfe4cca0\"},\"headline\":\"RadioSon: Multiculturalitate si dialog zilele acestea la Sighisoara in cadrul Festivalului Proetnica\",\"datePublished\":\"2018-08-23T19:38:54+00:00\",\"mainEntityOfPage\":{\"@id\":\"https:\\\/\\\/sighisoaraonline.com\\\/content\\\/radioson-multiculturalitate-si-dialog-zilele-acestea-la-sighisoara-in-cadrul-festivalului-proetnica\\\/\"},\"wordCount\":200,\"publisher\":{\"@id\":\"https:\\\/\\\/sighisoaraonline.com\\\/content\\\/#\\\/schema\\\/person\\\/140de7f8d077626585be2e01dfe4cca0\"},\"image\":{\"@id\":\"https:\\\/\\\/sighisoaraonline.com\\\/content\\\/radioson-multiculturalitate-si-dialog-zilele-acestea-la-sighisoara-in-cadrul-festivalului-proetnica\\\/#primaryimage\"},\"thumbnailUrl\":\"https:\\\/\\\/sighisoaraonline.com\\\/content\\\/wp-content\\\/uploads\\\/2018\\\/08\\\/39835012_1913263192074099_426425119313756160_o.jpg\",\"articleSection\":[\"Cultura\",\"Social\",\"Turism\"],\"inLanguage\":\"en-US\"},{\"@type\":\"WebPage\",\"@id\":\"https:\\\/\\\/sighisoaraonline.com\\\/content\\\/radioson-multiculturalitate-si-dialog-zilele-acestea-la-sighisoara-in-cadrul-festivalului-proetnica\\\/\",\"url\":\"https:\\\/\\\/sighisoaraonline.com\\\/content\\\/radioson-multiculturalitate-si-dialog-zilele-acestea-la-sighisoara-in-cadrul-festivalului-proetnica\\\/\",\"name\":\"RadioSon: Multiculturalitate si dialog zilele acestea la Sighisoara in cadrul Festivalului Proetnica\",\"isPartOf\":{\"@id\":\"https:\\\/\\\/sighisoaraonline.com\\\/content\\\/#website\"},\"primaryImageOfPage\":{\"@id\":\"https:\\\/\\\/sighisoaraonline.com\\\/content\\\/radioson-multiculturalitate-si-dialog-zilele-acestea-la-sighisoara-in-cadrul-festivalului-proetnica\\\/#primaryimage\"},\"image\":{\"@id\":\"https:\\\/\\\/sighisoaraonline.com\\\/content\\\/radioson-multiculturalitate-si-dialog-zilele-acestea-la-sighisoara-in-cadrul-festivalului-proetnica\\\/#primaryimage\"},\"thumbnailUrl\":\"https:\\\/\\\/sighisoaraonline.com\\\/content\\\/wp-content\\\/uploads\\\/2018\\\/08\\\/39835012_1913263192074099_426425119313756160_o.jpg\",\"datePublished\":\"2018-08-23T19:38:54+00:00\",\"breadcrumb\":{\"@id\":\"https:\\\/\\\/sighisoaraonline.com\\\/content\\\/radioson-multiculturalitate-si-dialog-zilele-acestea-la-sighisoara-in-cadrul-festivalului-proetnica\\\/#breadcrumb\"},\"inLanguage\":\"en-US\",\"potentialAction\":[{\"@type\":\"ReadAction\",\"target\":[\"https:\\\/\\\/sighisoaraonline.com\\\/content\\\/radioson-multiculturalitate-si-dialog-zilele-acestea-la-sighisoara-in-cadrul-festivalului-proetnica\\\/\"]}]},{\"@type\":\"ImageObject\",\"inLanguage\":\"en-US\",\"@id\":\"https:\\\/\\\/sighisoaraonline.com\\\/content\\\/radioson-multiculturalitate-si-dialog-zilele-acestea-la-sighisoara-in-cadrul-festivalului-proetnica\\\/#primaryimage\",\"url\":\"https:\\\/\\\/sighisoaraonline.com\\\/content\\\/wp-content\\\/uploads\\\/2018\\\/08\\\/39835012_1913263192074099_426425119313756160_o.jpg\",\"contentUrl\":\"https:\\\/\\\/sighisoaraonline.com\\\/content\\\/wp-content\\\/uploads\\\/2018\\\/08\\\/39835012_1913263192074099_426425119313756160_o.jpg\",\"width\":1024,\"height\":683},{\"@type\":\"BreadcrumbList\",\"@id\":\"https:\\\/\\\/sighisoaraonline.com\\\/content\\\/radioson-multiculturalitate-si-dialog-zilele-acestea-la-sighisoara-in-cadrul-festivalului-proetnica\\\/#breadcrumb\",\"itemListElement\":[{\"@type\":\"ListItem\",\"position\":1,\"name\":\"Home\",\"item\":\"https:\\\/\\\/sighisoaraonline.com\\\/content\\\/\"},{\"@type\":\"ListItem\",\"position\":2,\"name\":\"RadioSon: Multiculturalitate si dialog zilele acestea la Sighisoara in cadrul Festivalului Proetnica\"}]},{\"@type\":\"WebSite\",\"@id\":\"https:\\\/\\\/sighisoaraonline.com\\\/content\\\/#website\",\"url\":\"https:\\\/\\\/sighisoaraonline.com\\\/content\\\/\",\"name\":\"Sighisoara\",\"description\":\"\",\"publisher\":{\"@id\":\"https:\\\/\\\/sighisoaraonline.com\\\/content\\\/#\\\/schema\\\/person\\\/140de7f8d077626585be2e01dfe4cca0\"},\"potentialAction\":[{\"@type\":\"SearchAction\",\"target\":{\"@type\":\"EntryPoint\",\"urlTemplate\":\"https:\\\/\\\/sighisoaraonline.com\\\/content\\\/?s={search_term_string}\"},\"query-input\":{\"@type\":\"PropertyValueSpecification\",\"valueRequired\":true,\"valueName\":\"search_term_string\"}}],\"inLanguage\":\"en-US\"},{\"@type\":[\"Person\",\"Organization\"],\"@id\":\"https:\\\/\\\/sighisoaraonline.com\\\/content\\\/#\\\/schema\\\/person\\\/140de7f8d077626585be2e01dfe4cca0\",\"name\":\"Sighisoara Online\",\"image\":{\"@type\":\"ImageObject\",\"inLanguage\":\"en-US\",\"@id\":\"https:\\\/\\\/sighisoaraonline.com\\\/content\\\/wp-content\\\/uploads\\\/2017\\\/03\\\/cropped-sigonlinen-1.png\",\"url\":\"https:\\\/\\\/sighisoaraonline.com\\\/content\\\/wp-content\\\/uploads\\\/2017\\\/03\\\/cropped-sigonlinen-1.png\",\"contentUrl\":\"https:\\\/\\\/sighisoaraonline.com\\\/content\\\/wp-content\\\/uploads\\\/2017\\\/03\\\/cropped-sigonlinen-1.png\",\"width\":257,\"height\":60,\"caption\":\"Sighisoara Online\"},\"logo\":{\"@id\":\"https:\\\/\\\/sighisoaraonline.com\\\/content\\\/wp-content\\\/uploads\\\/2017\\\/03\\\/cropped-sigonlinen-1.png\"},\"sameAs\":[\"https:\\\/\\\/www.facebook.com\\\/sighisoaraonline\\\/\",\"https:\\\/\\\/www.instagram.com\\\/sighisoaraonline\\\/\"],\"url\":\"https:\\\/\\\/sighisoaraonline.com\\\/content\\\/author\\\/paul\\\/\"}]}<\/script>\n<!-- \/ Yoast SEO plugin. -->","yoast_head_json":{"title":"RadioSon: Multiculturalitate si dialog zilele acestea la Sighisoara in cadrul Festivalului Proetnica","robots":{"index":"index","follow":"follow","max-snippet":"max-snippet:-1","max-image-preview":"max-image-preview:large","max-video-preview":"max-video-preview:-1"},"canonical":"https:\/\/sighisoaraonline.com\/content\/radioson-multiculturalitate-si-dialog-zilele-acestea-la-sighisoara-in-cadrul-festivalului-proetnica\/","og_locale":"en_US","og_type":"article","og_title":"RadioSon: Multiculturalitate si dialog zilele acestea la Sighisoara in cadrul Festivalului Proetnica","og_description":"Peste 600 de arti\u0219ti, interpre\u021bi, me\u0219te\u0219ugari si artizani reprezent\u00e2nd 20 minorit\u0103\u021bi na\u021bionale participa zilele acestea...","og_url":"https:\/\/sighisoaraonline.com\/content\/radioson-multiculturalitate-si-dialog-zilele-acestea-la-sighisoara-in-cadrul-festivalului-proetnica\/","og_site_name":"Sighisoara","article_publisher":"https:\/\/www.facebook.com\/sighisoaraonline\/","article_author":"https:\/\/www.facebook.com\/sighisoaraonline\/","article_published_time":"2018-08-23T19:38:54+00:00","og_image":[{"width":1024,"height":683,"url":"https:\/\/sighisoaraonline.com\/content\/wp-content\/uploads\/2018\/08\/39835012_1913263192074099_426425119313756160_o.jpg","type":"image\/jpeg"}],"author":"Sighisoara Online","twitter_card":"summary_large_image","twitter_misc":{"Written by":"Sighisoara Online","Est. reading time":"1 minute"},"schema":{"@context":"https:\/\/schema.org","@graph":[{"@type":"Article","@id":"https:\/\/sighisoaraonline.com\/content\/radioson-multiculturalitate-si-dialog-zilele-acestea-la-sighisoara-in-cadrul-festivalului-proetnica\/#article","isPartOf":{"@id":"https:\/\/sighisoaraonline.com\/content\/radioson-multiculturalitate-si-dialog-zilele-acestea-la-sighisoara-in-cadrul-festivalului-proetnica\/"},"author":{"name":"Sighisoara Online","@id":"https:\/\/sighisoaraonline.com\/content\/#\/schema\/person\/140de7f8d077626585be2e01dfe4cca0"},"headline":"RadioSon: Multiculturalitate si dialog zilele acestea la Sighisoara in cadrul Festivalului Proetnica","datePublished":"2018-08-23T19:38:54+00:00","mainEntityOfPage":{"@id":"https:\/\/sighisoaraonline.com\/content\/radioson-multiculturalitate-si-dialog-zilele-acestea-la-sighisoara-in-cadrul-festivalului-proetnica\/"},"wordCount":200,"publisher":{"@id":"https:\/\/sighisoaraonline.com\/content\/#\/schema\/person\/140de7f8d077626585be2e01dfe4cca0"},"image":{"@id":"https:\/\/sighisoaraonline.com\/content\/radioson-multiculturalitate-si-dialog-zilele-acestea-la-sighisoara-in-cadrul-festivalului-proetnica\/#primaryimage"},"thumbnailUrl":"https:\/\/sighisoaraonline.com\/content\/wp-content\/uploads\/2018\/08\/39835012_1913263192074099_426425119313756160_o.jpg","articleSection":["Cultura","Social","Turism"],"inLanguage":"en-US"},{"@type":"WebPage","@id":"https:\/\/sighisoaraonline.com\/content\/radioson-multiculturalitate-si-dialog-zilele-acestea-la-sighisoara-in-cadrul-festivalului-proetnica\/","url":"https:\/\/sighisoaraonline.com\/content\/radioson-multiculturalitate-si-dialog-zilele-acestea-la-sighisoara-in-cadrul-festivalului-proetnica\/","name":"RadioSon: Multiculturalitate si dialog zilele acestea la Sighisoara in cadrul Festivalului Proetnica","isPartOf":{"@id":"https:\/\/sighisoaraonline.com\/content\/#website"},"primaryImageOfPage":{"@id":"https:\/\/sighisoaraonline.com\/content\/radioson-multiculturalitate-si-dialog-zilele-acestea-la-sighisoara-in-cadrul-festivalului-proetnica\/#primaryimage"},"image":{"@id":"https:\/\/sighisoaraonline.com\/content\/radioson-multiculturalitate-si-dialog-zilele-acestea-la-sighisoara-in-cadrul-festivalului-proetnica\/#primaryimage"},"thumbnailUrl":"https:\/\/sighisoaraonline.com\/content\/wp-content\/uploads\/2018\/08\/39835012_1913263192074099_426425119313756160_o.jpg","datePublished":"2018-08-23T19:38:54+00:00","breadcrumb":{"@id":"https:\/\/sighisoaraonline.com\/content\/radioson-multiculturalitate-si-dialog-zilele-acestea-la-sighisoara-in-cadrul-festivalului-proetnica\/#breadcrumb"},"inLanguage":"en-US","potentialAction":[{"@type":"ReadAction","target":["https:\/\/sighisoaraonline.com\/content\/radioson-multiculturalitate-si-dialog-zilele-acestea-la-sighisoara-in-cadrul-festivalului-proetnica\/"]}]},{"@type":"ImageObject","inLanguage":"en-US","@id":"https:\/\/sighisoaraonline.com\/content\/radioson-multiculturalitate-si-dialog-zilele-acestea-la-sighisoara-in-cadrul-festivalului-proetnica\/#primaryimage","url":"https:\/\/sighisoaraonline.com\/content\/wp-content\/uploads\/2018\/08\/39835012_1913263192074099_426425119313756160_o.jpg","contentUrl":"https:\/\/sighisoaraonline.com\/content\/wp-content\/uploads\/2018\/08\/39835012_1913263192074099_426425119313756160_o.jpg","width":1024,"height":683},{"@type":"BreadcrumbList","@id":"https:\/\/sighisoaraonline.com\/content\/radioson-multiculturalitate-si-dialog-zilele-acestea-la-sighisoara-in-cadrul-festivalului-proetnica\/#breadcrumb","itemListElement":[{"@type":"ListItem","position":1,"name":"Home","item":"https:\/\/sighisoaraonline.com\/content\/"},{"@type":"ListItem","position":2,"name":"RadioSon: Multiculturalitate si dialog zilele acestea la Sighisoara in cadrul Festivalului Proetnica"}]},{"@type":"WebSite","@id":"https:\/\/sighisoaraonline.com\/content\/#website","url":"https:\/\/sighisoaraonline.com\/content\/","name":"Sighisoara","description":"","publisher":{"@id":"https:\/\/sighisoaraonline.com\/content\/#\/schema\/person\/140de7f8d077626585be2e01dfe4cca0"},"potentialAction":[{"@type":"SearchAction","target":{"@type":"EntryPoint","urlTemplate":"https:\/\/sighisoaraonline.com\/content\/?s={search_term_string}"},"query-input":{"@type":"PropertyValueSpecification","valueRequired":true,"valueName":"search_term_string"}}],"inLanguage":"en-US"},{"@type":["Person","Organization"],"@id":"https:\/\/sighisoaraonline.com\/content\/#\/schema\/person\/140de7f8d077626585be2e01dfe4cca0","name":"Sighisoara Online","image":{"@type":"ImageObject","inLanguage":"en-US","@id":"https:\/\/sighisoaraonline.com\/content\/wp-content\/uploads\/2017\/03\/cropped-sigonlinen-1.png","url":"https:\/\/sighisoaraonline.com\/content\/wp-content\/uploads\/2017\/03\/cropped-sigonlinen-1.png","contentUrl":"https:\/\/sighisoaraonline.com\/content\/wp-content\/uploads\/2017\/03\/cropped-sigonlinen-1.png","width":257,"height":60,"caption":"Sighisoara Online"},"logo":{"@id":"https:\/\/sighisoaraonline.com\/content\/wp-content\/uploads\/2017\/03\/cropped-sigonlinen-1.png"},"sameAs":["https:\/\/www.facebook.com\/sighisoaraonline\/","https:\/\/www.instagram.com\/sighisoaraonline\/"],"url":"https:\/\/sighisoaraonline.com\/content\/author\/paul\/"}]}},"_links":{"self":[{"href":"https:\/\/sighisoaraonline.com\/content\/wp-json\/wp\/v2\/posts\/9288","targetHints":{"allow":["GET"]}}],"collection":[{"href":"https:\/\/sighisoaraonline.com\/content\/wp-json\/wp\/v2\/posts"}],"about":[{"href":"https:\/\/sighisoaraonline.com\/content\/wp-json\/wp\/v2\/types\/post"}],"author":[{"embeddable":true,"href":"https:\/\/sighisoaraonline.com\/content\/wp-json\/wp\/v2\/users\/1"}],"replies":[{"embeddable":true,"href":"https:\/\/sighisoaraonline.com\/content\/wp-json\/wp\/v2\/comments?post=9288"}],"version-history":[{"count":1,"href":"https:\/\/sighisoaraonline.com\/content\/wp-json\/wp\/v2\/posts\/9288\/revisions"}],"predecessor-version":[{"id":9290,"href":"https:\/\/sighisoaraonline.com\/content\/wp-json\/wp\/v2\/posts\/9288\/revisions\/9290"}],"wp:featuredmedia":[{"embeddable":true,"href":"https:\/\/sighisoaraonline.com\/content\/wp-json\/wp\/v2\/media\/9289"}],"wp:attachment":[{"href":"https:\/\/sighisoaraonline.com\/content\/wp-json\/wp\/v2\/media?parent=9288"}],"wp:term":[{"taxonomy":"category","embeddable":true,"href":"https:\/\/sighisoaraonline.com\/content\/wp-json\/wp\/v2\/categories?post=9288"},{"taxonomy":"post_tag","embeddable":true,"href":"https:\/\/sighisoaraonline.com\/content\/wp-json\/wp\/v2\/tags?post=9288"}],"curies":[{"name":"wp","href":"https:\/\/api.w.org\/{rel}","templated":true}]}}