{"id":9294,"date":"2018-08-23T19:53:59","date_gmt":"2018-08-23T19:53:59","guid":{"rendered":"https:\/\/sighisoaraonline.com\/content\/?p=9294"},"modified":"2018-08-23T19:53:59","modified_gmt":"2018-08-23T19:53:59","slug":"radioson-standuri-mestesugaresti-si-de-prezentare-a-minoriatilor-nationale-amenajate-zilele-acestea-in-cetatea-sighisoara","status":"publish","type":"post","link":"https:\/\/sighisoaraonline.com\/content\/radioson-standuri-mestesugaresti-si-de-prezentare-a-minoriatilor-nationale-amenajate-zilele-acestea-in-cetatea-sighisoara\/","title":{"rendered":"RadioSon: Standuri mestesugaresti si de prezentare a minoriatilor nationale amenajate zilele acestea in Cetatea Sighisoara"},"content":{"rendered":"<p>In Piata Muzeului din Cetate, pana inclusiv duminica putem vizita standurile mestesugaresti si sa achizitionam la preturi mici produse realizate de mestesugari apartinand comunitatilor entice din Romania. <\/p>\n<p>Uniunea Armenilor din Rom\u00e2nia se prezinta cu bijuterii din pietre semipre\u021bioase , Uniunea Polonezilor din Rom\u00e2nia a adus in Piata Cetatii Sculptur\u0103 \u00een lemn, Uniunea Democrat\u0103 a Maghiarilor din Rom\u00e2nia &#8211; Articole lucrate \u00een foi de porumb, iar Centrul Na\u021bional de Cultur\u0103 a Romilor \u2013 prezinta me\u0219te\u0219ugurile romilor argintari, c\u0103ld\u0103rari si fierari. Daca vreti sa cumparati oua incondeiate dupa metoda traditionala o puteti face de la standul Uniunii Ucrainenilor din Rom\u00e2nia amenajat si acesta in Piata Muzeului.<\/p>\n<p>Tot in Pia\u021ba Muzeului au fost amenajate standuri de prezentare ale organiza\u021biilor participante :<br \/>\nAsocia\u021bia Italienilor din Rom\u00e2nia-RO.AS.IT.<br \/>\nAsocia\u021bia Liga Albanezilor din Rom\u00e2nia<br \/>\nComunitatea Ru\u0219ilor Lipoveni din Rom\u00e2nia<br \/>\nUniunea Armenilor din Rom\u00e2nia<br \/>\nUniunea Democrat\u0103 Turc\u0103 din Rom\u00e2nia<br \/>\nUniunea Polonezilor din Rom\u00e2nia<br \/>\nUniunea Ucrainenilor din Rom\u00e2nia<br \/>\nFedera\u021bia Comunit\u0103\u021bilor Evreie\u0219ti din Rom\u00e2nia \u2013 Cultul Mozaic<br \/>\nCentrul Na\u021bional de Cultur\u0103 a Romilor &#8211; Romano Kher. <\/p>\n<p>Atat standurile mestesugaresti cat si standurile de prezentare ale etniilor pot fi vizitate intre orele 10.00 si 18.00. Tot in cadrul Festivalului Proetnica este deschisa o expozi\u021bie comun\u0103 de Arta a arti\u0219tilor contemporani din r\u00e2ndul minorit\u0103\u021bilor na\u021bionale, la Galeria de art\u0103 \u2013 Centrul Na\u021bional de Informare Turistic\u0103.<\/p>\n","protected":false},"excerpt":{"rendered":"<p>In Piata Muzeului din Cetate, pana inclusiv duminica putem vizita standurile mestesugaresti si sa achizitionam&#8230;<\/p>\n","protected":false},"author":1,"featured_media":9295,"comment_status":"closed","ping_status":"open","sticky":false,"template":"","format":"standard","meta":{"footnotes":""},"categories":[9,14],"tags":[],"class_list":["post-9294","post","type-post","status-publish","format-standard","has-post-thumbnail","hentry","category-cultura","category-social"],"yoast_head":"<!-- This site is optimized with the Yoast SEO plugin v27.5 - https:\/\/yoast.com\/product\/yoast-seo-wordpress\/ -->\n<title>RadioSon: Standuri mestesugaresti si de prezentare a minoriatilor nationale amenajate zilele acestea in Cetatea Sighisoara<\/title>\n<meta name=\"robots\" content=\"index, follow, max-snippet:-1, max-image-preview:large, max-video-preview:-1\" \/>\n<link rel=\"canonical\" href=\"https:\/\/sighisoaraonline.com\/content\/radioson-standuri-mestesugaresti-si-de-prezentare-a-minoriatilor-nationale-amenajate-zilele-acestea-in-cetatea-sighisoara\/\" \/>\n<meta property=\"og:locale\" content=\"en_US\" \/>\n<meta property=\"og:type\" content=\"article\" \/>\n<meta property=\"og:title\" content=\"RadioSon: Standuri mestesugaresti si de prezentare a minoriatilor nationale amenajate zilele acestea in Cetatea Sighisoara\" \/>\n<meta property=\"og:description\" content=\"In Piata Muzeului din Cetate, pana inclusiv duminica putem vizita standurile mestesugaresti si sa achizitionam...\" \/>\n<meta property=\"og:url\" content=\"https:\/\/sighisoaraonline.com\/content\/radioson-standuri-mestesugaresti-si-de-prezentare-a-minoriatilor-nationale-amenajate-zilele-acestea-in-cetatea-sighisoara\/\" \/>\n<meta property=\"og:site_name\" content=\"Sighisoara\" \/>\n<meta property=\"article:publisher\" content=\"https:\/\/www.facebook.com\/sighisoaraonline\/\" \/>\n<meta property=\"article:author\" content=\"https:\/\/www.facebook.com\/sighisoaraonline\/\" \/>\n<meta property=\"article:published_time\" content=\"2018-08-23T19:53:59+00:00\" \/>\n<meta property=\"og:image\" content=\"https:\/\/sighisoaraonline.com\/content\/wp-content\/uploads\/2018\/08\/39921131_1914407755292976_7429031217091051520_o.jpg\" \/>\n\t<meta property=\"og:image:width\" content=\"1024\" \/>\n\t<meta property=\"og:image:height\" content=\"768\" \/>\n\t<meta property=\"og:image:type\" content=\"image\/jpeg\" \/>\n<meta name=\"author\" content=\"Sighisoara Online\" \/>\n<meta name=\"twitter:card\" content=\"summary_large_image\" \/>\n<meta name=\"twitter:label1\" content=\"Written by\" \/>\n\t<meta name=\"twitter:data1\" content=\"Sighisoara Online\" \/>\n\t<meta name=\"twitter:label2\" content=\"Est. reading time\" \/>\n\t<meta name=\"twitter:data2\" content=\"1 minute\" \/>\n<script type=\"application\/ld+json\" class=\"yoast-schema-graph\">{\"@context\":\"https:\\\/\\\/schema.org\",\"@graph\":[{\"@type\":\"Article\",\"@id\":\"https:\\\/\\\/sighisoaraonline.com\\\/content\\\/radioson-standuri-mestesugaresti-si-de-prezentare-a-minoriatilor-nationale-amenajate-zilele-acestea-in-cetatea-sighisoara\\\/#article\",\"isPartOf\":{\"@id\":\"https:\\\/\\\/sighisoaraonline.com\\\/content\\\/radioson-standuri-mestesugaresti-si-de-prezentare-a-minoriatilor-nationale-amenajate-zilele-acestea-in-cetatea-sighisoara\\\/\"},\"author\":{\"name\":\"Sighisoara Online\",\"@id\":\"https:\\\/\\\/sighisoaraonline.com\\\/content\\\/#\\\/schema\\\/person\\\/140de7f8d077626585be2e01dfe4cca0\"},\"headline\":\"RadioSon: Standuri mestesugaresti si de prezentare a minoriatilor nationale amenajate zilele acestea in Cetatea Sighisoara\",\"datePublished\":\"2018-08-23T19:53:59+00:00\",\"mainEntityOfPage\":{\"@id\":\"https:\\\/\\\/sighisoaraonline.com\\\/content\\\/radioson-standuri-mestesugaresti-si-de-prezentare-a-minoriatilor-nationale-amenajate-zilele-acestea-in-cetatea-sighisoara\\\/\"},\"wordCount\":256,\"publisher\":{\"@id\":\"https:\\\/\\\/sighisoaraonline.com\\\/content\\\/#\\\/schema\\\/person\\\/140de7f8d077626585be2e01dfe4cca0\"},\"image\":{\"@id\":\"https:\\\/\\\/sighisoaraonline.com\\\/content\\\/radioson-standuri-mestesugaresti-si-de-prezentare-a-minoriatilor-nationale-amenajate-zilele-acestea-in-cetatea-sighisoara\\\/#primaryimage\"},\"thumbnailUrl\":\"https:\\\/\\\/sighisoaraonline.com\\\/content\\\/wp-content\\\/uploads\\\/2018\\\/08\\\/39921131_1914407755292976_7429031217091051520_o.jpg\",\"articleSection\":[\"Cultura\",\"Social\"],\"inLanguage\":\"en-US\"},{\"@type\":\"WebPage\",\"@id\":\"https:\\\/\\\/sighisoaraonline.com\\\/content\\\/radioson-standuri-mestesugaresti-si-de-prezentare-a-minoriatilor-nationale-amenajate-zilele-acestea-in-cetatea-sighisoara\\\/\",\"url\":\"https:\\\/\\\/sighisoaraonline.com\\\/content\\\/radioson-standuri-mestesugaresti-si-de-prezentare-a-minoriatilor-nationale-amenajate-zilele-acestea-in-cetatea-sighisoara\\\/\",\"name\":\"RadioSon: Standuri mestesugaresti si de prezentare a minoriatilor nationale amenajate zilele acestea in Cetatea Sighisoara\",\"isPartOf\":{\"@id\":\"https:\\\/\\\/sighisoaraonline.com\\\/content\\\/#website\"},\"primaryImageOfPage\":{\"@id\":\"https:\\\/\\\/sighisoaraonline.com\\\/content\\\/radioson-standuri-mestesugaresti-si-de-prezentare-a-minoriatilor-nationale-amenajate-zilele-acestea-in-cetatea-sighisoara\\\/#primaryimage\"},\"image\":{\"@id\":\"https:\\\/\\\/sighisoaraonline.com\\\/content\\\/radioson-standuri-mestesugaresti-si-de-prezentare-a-minoriatilor-nationale-amenajate-zilele-acestea-in-cetatea-sighisoara\\\/#primaryimage\"},\"thumbnailUrl\":\"https:\\\/\\\/sighisoaraonline.com\\\/content\\\/wp-content\\\/uploads\\\/2018\\\/08\\\/39921131_1914407755292976_7429031217091051520_o.jpg\",\"datePublished\":\"2018-08-23T19:53:59+00:00\",\"breadcrumb\":{\"@id\":\"https:\\\/\\\/sighisoaraonline.com\\\/content\\\/radioson-standuri-mestesugaresti-si-de-prezentare-a-minoriatilor-nationale-amenajate-zilele-acestea-in-cetatea-sighisoara\\\/#breadcrumb\"},\"inLanguage\":\"en-US\",\"potentialAction\":[{\"@type\":\"ReadAction\",\"target\":[\"https:\\\/\\\/sighisoaraonline.com\\\/content\\\/radioson-standuri-mestesugaresti-si-de-prezentare-a-minoriatilor-nationale-amenajate-zilele-acestea-in-cetatea-sighisoara\\\/\"]}]},{\"@type\":\"ImageObject\",\"inLanguage\":\"en-US\",\"@id\":\"https:\\\/\\\/sighisoaraonline.com\\\/content\\\/radioson-standuri-mestesugaresti-si-de-prezentare-a-minoriatilor-nationale-amenajate-zilele-acestea-in-cetatea-sighisoara\\\/#primaryimage\",\"url\":\"https:\\\/\\\/sighisoaraonline.com\\\/content\\\/wp-content\\\/uploads\\\/2018\\\/08\\\/39921131_1914407755292976_7429031217091051520_o.jpg\",\"contentUrl\":\"https:\\\/\\\/sighisoaraonline.com\\\/content\\\/wp-content\\\/uploads\\\/2018\\\/08\\\/39921131_1914407755292976_7429031217091051520_o.jpg\",\"width\":1024,\"height\":768},{\"@type\":\"BreadcrumbList\",\"@id\":\"https:\\\/\\\/sighisoaraonline.com\\\/content\\\/radioson-standuri-mestesugaresti-si-de-prezentare-a-minoriatilor-nationale-amenajate-zilele-acestea-in-cetatea-sighisoara\\\/#breadcrumb\",\"itemListElement\":[{\"@type\":\"ListItem\",\"position\":1,\"name\":\"Home\",\"item\":\"https:\\\/\\\/sighisoaraonline.com\\\/content\\\/\"},{\"@type\":\"ListItem\",\"position\":2,\"name\":\"RadioSon: Standuri mestesugaresti si de prezentare a minoriatilor nationale amenajate zilele acestea in Cetatea Sighisoara\"}]},{\"@type\":\"WebSite\",\"@id\":\"https:\\\/\\\/sighisoaraonline.com\\\/content\\\/#website\",\"url\":\"https:\\\/\\\/sighisoaraonline.com\\\/content\\\/\",\"name\":\"Sighisoara\",\"description\":\"\",\"publisher\":{\"@id\":\"https:\\\/\\\/sighisoaraonline.com\\\/content\\\/#\\\/schema\\\/person\\\/140de7f8d077626585be2e01dfe4cca0\"},\"potentialAction\":[{\"@type\":\"SearchAction\",\"target\":{\"@type\":\"EntryPoint\",\"urlTemplate\":\"https:\\\/\\\/sighisoaraonline.com\\\/content\\\/?s={search_term_string}\"},\"query-input\":{\"@type\":\"PropertyValueSpecification\",\"valueRequired\":true,\"valueName\":\"search_term_string\"}}],\"inLanguage\":\"en-US\"},{\"@type\":[\"Person\",\"Organization\"],\"@id\":\"https:\\\/\\\/sighisoaraonline.com\\\/content\\\/#\\\/schema\\\/person\\\/140de7f8d077626585be2e01dfe4cca0\",\"name\":\"Sighisoara Online\",\"image\":{\"@type\":\"ImageObject\",\"inLanguage\":\"en-US\",\"@id\":\"https:\\\/\\\/sighisoaraonline.com\\\/content\\\/wp-content\\\/uploads\\\/2017\\\/03\\\/cropped-sigonlinen-1.png\",\"url\":\"https:\\\/\\\/sighisoaraonline.com\\\/content\\\/wp-content\\\/uploads\\\/2017\\\/03\\\/cropped-sigonlinen-1.png\",\"contentUrl\":\"https:\\\/\\\/sighisoaraonline.com\\\/content\\\/wp-content\\\/uploads\\\/2017\\\/03\\\/cropped-sigonlinen-1.png\",\"width\":257,\"height\":60,\"caption\":\"Sighisoara Online\"},\"logo\":{\"@id\":\"https:\\\/\\\/sighisoaraonline.com\\\/content\\\/wp-content\\\/uploads\\\/2017\\\/03\\\/cropped-sigonlinen-1.png\"},\"sameAs\":[\"https:\\\/\\\/www.facebook.com\\\/sighisoaraonline\\\/\",\"https:\\\/\\\/www.instagram.com\\\/sighisoaraonline\\\/\"],\"url\":\"https:\\\/\\\/sighisoaraonline.com\\\/content\\\/author\\\/paul\\\/\"}]}<\/script>\n<!-- \/ Yoast SEO plugin. -->","yoast_head_json":{"title":"RadioSon: Standuri mestesugaresti si de prezentare a minoriatilor nationale amenajate zilele acestea in Cetatea Sighisoara","robots":{"index":"index","follow":"follow","max-snippet":"max-snippet:-1","max-image-preview":"max-image-preview:large","max-video-preview":"max-video-preview:-1"},"canonical":"https:\/\/sighisoaraonline.com\/content\/radioson-standuri-mestesugaresti-si-de-prezentare-a-minoriatilor-nationale-amenajate-zilele-acestea-in-cetatea-sighisoara\/","og_locale":"en_US","og_type":"article","og_title":"RadioSon: Standuri mestesugaresti si de prezentare a minoriatilor nationale amenajate zilele acestea in Cetatea Sighisoara","og_description":"In Piata Muzeului din Cetate, pana inclusiv duminica putem vizita standurile mestesugaresti si sa achizitionam...","og_url":"https:\/\/sighisoaraonline.com\/content\/radioson-standuri-mestesugaresti-si-de-prezentare-a-minoriatilor-nationale-amenajate-zilele-acestea-in-cetatea-sighisoara\/","og_site_name":"Sighisoara","article_publisher":"https:\/\/www.facebook.com\/sighisoaraonline\/","article_author":"https:\/\/www.facebook.com\/sighisoaraonline\/","article_published_time":"2018-08-23T19:53:59+00:00","og_image":[{"width":1024,"height":768,"url":"https:\/\/sighisoaraonline.com\/content\/wp-content\/uploads\/2018\/08\/39921131_1914407755292976_7429031217091051520_o.jpg","type":"image\/jpeg"}],"author":"Sighisoara Online","twitter_card":"summary_large_image","twitter_misc":{"Written by":"Sighisoara Online","Est. reading time":"1 minute"},"schema":{"@context":"https:\/\/schema.org","@graph":[{"@type":"Article","@id":"https:\/\/sighisoaraonline.com\/content\/radioson-standuri-mestesugaresti-si-de-prezentare-a-minoriatilor-nationale-amenajate-zilele-acestea-in-cetatea-sighisoara\/#article","isPartOf":{"@id":"https:\/\/sighisoaraonline.com\/content\/radioson-standuri-mestesugaresti-si-de-prezentare-a-minoriatilor-nationale-amenajate-zilele-acestea-in-cetatea-sighisoara\/"},"author":{"name":"Sighisoara Online","@id":"https:\/\/sighisoaraonline.com\/content\/#\/schema\/person\/140de7f8d077626585be2e01dfe4cca0"},"headline":"RadioSon: Standuri mestesugaresti si de prezentare a minoriatilor nationale amenajate zilele acestea in Cetatea Sighisoara","datePublished":"2018-08-23T19:53:59+00:00","mainEntityOfPage":{"@id":"https:\/\/sighisoaraonline.com\/content\/radioson-standuri-mestesugaresti-si-de-prezentare-a-minoriatilor-nationale-amenajate-zilele-acestea-in-cetatea-sighisoara\/"},"wordCount":256,"publisher":{"@id":"https:\/\/sighisoaraonline.com\/content\/#\/schema\/person\/140de7f8d077626585be2e01dfe4cca0"},"image":{"@id":"https:\/\/sighisoaraonline.com\/content\/radioson-standuri-mestesugaresti-si-de-prezentare-a-minoriatilor-nationale-amenajate-zilele-acestea-in-cetatea-sighisoara\/#primaryimage"},"thumbnailUrl":"https:\/\/sighisoaraonline.com\/content\/wp-content\/uploads\/2018\/08\/39921131_1914407755292976_7429031217091051520_o.jpg","articleSection":["Cultura","Social"],"inLanguage":"en-US"},{"@type":"WebPage","@id":"https:\/\/sighisoaraonline.com\/content\/radioson-standuri-mestesugaresti-si-de-prezentare-a-minoriatilor-nationale-amenajate-zilele-acestea-in-cetatea-sighisoara\/","url":"https:\/\/sighisoaraonline.com\/content\/radioson-standuri-mestesugaresti-si-de-prezentare-a-minoriatilor-nationale-amenajate-zilele-acestea-in-cetatea-sighisoara\/","name":"RadioSon: Standuri mestesugaresti si de prezentare a minoriatilor nationale amenajate zilele acestea in Cetatea Sighisoara","isPartOf":{"@id":"https:\/\/sighisoaraonline.com\/content\/#website"},"primaryImageOfPage":{"@id":"https:\/\/sighisoaraonline.com\/content\/radioson-standuri-mestesugaresti-si-de-prezentare-a-minoriatilor-nationale-amenajate-zilele-acestea-in-cetatea-sighisoara\/#primaryimage"},"image":{"@id":"https:\/\/sighisoaraonline.com\/content\/radioson-standuri-mestesugaresti-si-de-prezentare-a-minoriatilor-nationale-amenajate-zilele-acestea-in-cetatea-sighisoara\/#primaryimage"},"thumbnailUrl":"https:\/\/sighisoaraonline.com\/content\/wp-content\/uploads\/2018\/08\/39921131_1914407755292976_7429031217091051520_o.jpg","datePublished":"2018-08-23T19:53:59+00:00","breadcrumb":{"@id":"https:\/\/sighisoaraonline.com\/content\/radioson-standuri-mestesugaresti-si-de-prezentare-a-minoriatilor-nationale-amenajate-zilele-acestea-in-cetatea-sighisoara\/#breadcrumb"},"inLanguage":"en-US","potentialAction":[{"@type":"ReadAction","target":["https:\/\/sighisoaraonline.com\/content\/radioson-standuri-mestesugaresti-si-de-prezentare-a-minoriatilor-nationale-amenajate-zilele-acestea-in-cetatea-sighisoara\/"]}]},{"@type":"ImageObject","inLanguage":"en-US","@id":"https:\/\/sighisoaraonline.com\/content\/radioson-standuri-mestesugaresti-si-de-prezentare-a-minoriatilor-nationale-amenajate-zilele-acestea-in-cetatea-sighisoara\/#primaryimage","url":"https:\/\/sighisoaraonline.com\/content\/wp-content\/uploads\/2018\/08\/39921131_1914407755292976_7429031217091051520_o.jpg","contentUrl":"https:\/\/sighisoaraonline.com\/content\/wp-content\/uploads\/2018\/08\/39921131_1914407755292976_7429031217091051520_o.jpg","width":1024,"height":768},{"@type":"BreadcrumbList","@id":"https:\/\/sighisoaraonline.com\/content\/radioson-standuri-mestesugaresti-si-de-prezentare-a-minoriatilor-nationale-amenajate-zilele-acestea-in-cetatea-sighisoara\/#breadcrumb","itemListElement":[{"@type":"ListItem","position":1,"name":"Home","item":"https:\/\/sighisoaraonline.com\/content\/"},{"@type":"ListItem","position":2,"name":"RadioSon: Standuri mestesugaresti si de prezentare a minoriatilor nationale amenajate zilele acestea in Cetatea Sighisoara"}]},{"@type":"WebSite","@id":"https:\/\/sighisoaraonline.com\/content\/#website","url":"https:\/\/sighisoaraonline.com\/content\/","name":"Sighisoara","description":"","publisher":{"@id":"https:\/\/sighisoaraonline.com\/content\/#\/schema\/person\/140de7f8d077626585be2e01dfe4cca0"},"potentialAction":[{"@type":"SearchAction","target":{"@type":"EntryPoint","urlTemplate":"https:\/\/sighisoaraonline.com\/content\/?s={search_term_string}"},"query-input":{"@type":"PropertyValueSpecification","valueRequired":true,"valueName":"search_term_string"}}],"inLanguage":"en-US"},{"@type":["Person","Organization"],"@id":"https:\/\/sighisoaraonline.com\/content\/#\/schema\/person\/140de7f8d077626585be2e01dfe4cca0","name":"Sighisoara Online","image":{"@type":"ImageObject","inLanguage":"en-US","@id":"https:\/\/sighisoaraonline.com\/content\/wp-content\/uploads\/2017\/03\/cropped-sigonlinen-1.png","url":"https:\/\/sighisoaraonline.com\/content\/wp-content\/uploads\/2017\/03\/cropped-sigonlinen-1.png","contentUrl":"https:\/\/sighisoaraonline.com\/content\/wp-content\/uploads\/2017\/03\/cropped-sigonlinen-1.png","width":257,"height":60,"caption":"Sighisoara Online"},"logo":{"@id":"https:\/\/sighisoaraonline.com\/content\/wp-content\/uploads\/2017\/03\/cropped-sigonlinen-1.png"},"sameAs":["https:\/\/www.facebook.com\/sighisoaraonline\/","https:\/\/www.instagram.com\/sighisoaraonline\/"],"url":"https:\/\/sighisoaraonline.com\/content\/author\/paul\/"}]}},"_links":{"self":[{"href":"https:\/\/sighisoaraonline.com\/content\/wp-json\/wp\/v2\/posts\/9294","targetHints":{"allow":["GET"]}}],"collection":[{"href":"https:\/\/sighisoaraonline.com\/content\/wp-json\/wp\/v2\/posts"}],"about":[{"href":"https:\/\/sighisoaraonline.com\/content\/wp-json\/wp\/v2\/types\/post"}],"author":[{"embeddable":true,"href":"https:\/\/sighisoaraonline.com\/content\/wp-json\/wp\/v2\/users\/1"}],"replies":[{"embeddable":true,"href":"https:\/\/sighisoaraonline.com\/content\/wp-json\/wp\/v2\/comments?post=9294"}],"version-history":[{"count":1,"href":"https:\/\/sighisoaraonline.com\/content\/wp-json\/wp\/v2\/posts\/9294\/revisions"}],"predecessor-version":[{"id":9296,"href":"https:\/\/sighisoaraonline.com\/content\/wp-json\/wp\/v2\/posts\/9294\/revisions\/9296"}],"wp:featuredmedia":[{"embeddable":true,"href":"https:\/\/sighisoaraonline.com\/content\/wp-json\/wp\/v2\/media\/9295"}],"wp:attachment":[{"href":"https:\/\/sighisoaraonline.com\/content\/wp-json\/wp\/v2\/media?parent=9294"}],"wp:term":[{"taxonomy":"category","embeddable":true,"href":"https:\/\/sighisoaraonline.com\/content\/wp-json\/wp\/v2\/categories?post=9294"},{"taxonomy":"post_tag","embeddable":true,"href":"https:\/\/sighisoaraonline.com\/content\/wp-json\/wp\/v2\/tags?post=9294"}],"curies":[{"name":"wp","href":"https:\/\/api.w.org\/{rel}","templated":true}]}}