{"id":9318,"date":"2018-08-25T12:23:58","date_gmt":"2018-08-25T12:23:58","guid":{"rendered":"https:\/\/sighisoaraonline.com\/content\/?p=9318"},"modified":"2018-08-25T12:23:58","modified_gmt":"2018-08-25T12:23:58","slug":"sarbatorim-impreuna-la-sighisoara-ziua-3-proetnica-2018-festivalul-intercultural-sighisoara","status":"publish","type":"post","link":"https:\/\/sighisoaraonline.com\/content\/sarbatorim-impreuna-la-sighisoara-ziua-3-proetnica-2018-festivalul-intercultural-sighisoara\/","title":{"rendered":"S\u0103rb\u0103torim \u00eempreun\u0103 la Sighi\u0219oara \u2013 Ziua 3 &#8211; ProEtnica 2018 \u2013 Festivalul Intercultural Sighi\u0219oara"},"content":{"rendered":"<p>\u00cen cea de-a treia zi a Festivalului Intercultural ProEtnica Sighi\u0219oara-2018 au urcat pe scen\u0103 ansamblul artistic \u201eVartavar\u201d (Uniunea Armenilor din Rom\u00e2nia), ansamblul \u201ePrietenii lui Zorba\u201d din Turnul Severin (Uniunea Elen\u0103 din Rom\u00e2nia), ansamblul de dansuri albaneze \u201eSerenada\u201d, Bucure\u0219ti \/ Craiova (Asocia\u021bia Liga Albanezilor din Rom\u00e2nia), corul \u201eHoluboc\u201d (Uniunea Cultural\u0103 a Rutenilor din Rom\u00e2nia), Asocia\u021bia Elijah Ansamblul artistic \u201eVeselija\u201d, dans, Nou, Sibiu, orchestra Chervona Calena din Baia Mare \u0219i corul Luh nad din Lunca la Tisa (Uniunea Ucrainenilor din Rom\u00e2nia), Son\u021be-Soarele (Asocia\u021bia Macedonenilor din Rom\u00e2nia), ansamblul artistic \u2013 Zurbol\u00f3 Egyes\u00fclet (Uniunea Democrat\u0103 Maghiar\u0103 din Rom\u00e2nia &#8211; Filiala Cluj-Napoca), Tanzgruppe Sighisoara (Forumul Democrat al Germanilor din Rom\u00e2nia) \u0219i ansamblul \u201eDelikanlilar\u201d din Constan\u021ba (Uniunea Democrat\u0103 Turc\u0103 din Rom\u00e2nia). <\/p>\n<p>Cea de-a treia zi a inclus \u0219i o nou\u0103 proiec\u021bie de film, \u00een regia lui Radu Gabrea O poveste de dragoste, Lindenfeld. Concertul care a \u00eencheiat seara a fost sus\u021binut de Fanfara de la Cozme\u0219ti \u0219i solista acestei trupe din judetul Ia\u0219i, Ina Chiriac.<br \/>\nAst\u0103zi, publicul din Sighi\u0219oara se poate bucura de alte momente de dans \u0219i muzic\u0103 tradi\u021bionale, sus\u021binute de ansambluri ale grupurilor etnice, precum \u0219i de cele dou\u0103 expozi\u021bii comune de art\u0103, care reunesc lucr\u0103ri ale arti\u0219tilor contemporani din r\u00e2ndul minorit\u0103\u021bilor na\u021bionale. Standurile me\u0219te\u0219ug\u0103re\u0219ti \u0219i de prezentare ale minorit\u0103\u021bilor na\u021bionale vor putea fi vizitate zilnic, \u00eentre orele 10-18.<br \/>\nDe neratat este concertul din aceast\u0103 seara a trupei Farfarello, care \u00eei reune\u0219te \u00een jurul lui Mani Neumann pe Ulli Brand, Ioji Kappl \u0219i pe Ovidiu Lipan \u021a\u0103nd\u0103ric\u0103.<br \/>\n.Mai multe detalii privind programul g\u0103si\u021bi aici: https:\/\/www.proetnica.ro\/2018\/images\/program\/Program-ProEtnica-2018.pdf<br \/>\nProiectul este sus\u021binut de c\u0103tre Departamentul pentru Rela\u021bii Interetnice al Guvernului Rom\u00e2niei \u0219i Consiliul Jude\u021bean Mure\u0219, \u00een calitate de parteneri, precum \u0219i de c\u0103tre Ministerul Culturii \u0219i Identit\u0103\u021bii Na\u021bionale \u0219i Municipiul Sighi\u0219oara, \u00een calitate de finan\u021batori.<\/p>\n<p>Evenimentul se bucur\u0103 \u0219i de sprijinul Ambasadei Republicii Federale Germania Bucure\u0219ti, Institutul Cultural Rom\u00e2n din cadrul Guvernului Rom\u00e2niei, Institutul pentru Rela\u021bii Externe din Stuttgart (Institut f\u00fcr Auslandsbeziehungen Stuttgart) \u0219i Ministerul pentru \u0218tiin\u021b\u0103, Cercetare \u0219i Cultur\u0103 al Landului Brandenburg al Republicii Federale Germania.<\/p>\n","protected":false},"excerpt":{"rendered":"<p>\u00cen cea de-a treia zi a Festivalului Intercultural ProEtnica Sighi\u0219oara-2018 au urcat pe scen\u0103 ansamblul&#8230;<\/p>\n","protected":false},"author":1,"featured_media":9319,"comment_status":"closed","ping_status":"open","sticky":false,"template":"","format":"standard","meta":{"footnotes":""},"categories":[9,14,16],"tags":[],"class_list":["post-9318","post","type-post","status-publish","format-standard","has-post-thumbnail","hentry","category-cultura","category-social","category-turism"],"yoast_head":"<!-- This site is optimized with the Yoast SEO plugin v27.4 - https:\/\/yoast.com\/product\/yoast-seo-wordpress\/ -->\n<title>S\u0103rb\u0103torim \u00eempreun\u0103 la Sighi\u0219oara \u2013 Ziua 3 - ProEtnica 2018 \u2013 Festivalul Intercultural Sighi\u0219oara<\/title>\n<meta name=\"robots\" content=\"index, follow, max-snippet:-1, max-image-preview:large, max-video-preview:-1\" \/>\n<link rel=\"canonical\" href=\"https:\/\/sighisoaraonline.com\/content\/sarbatorim-impreuna-la-sighisoara-ziua-3-proetnica-2018-festivalul-intercultural-sighisoara\/\" \/>\n<meta property=\"og:locale\" content=\"en_US\" \/>\n<meta property=\"og:type\" content=\"article\" \/>\n<meta property=\"og:title\" content=\"S\u0103rb\u0103torim \u00eempreun\u0103 la Sighi\u0219oara \u2013 Ziua 3 - ProEtnica 2018 \u2013 Festivalul Intercultural Sighi\u0219oara\" \/>\n<meta property=\"og:description\" content=\"\u00cen cea de-a treia zi a Festivalului Intercultural ProEtnica Sighi\u0219oara-2018 au urcat pe scen\u0103 ansamblul...\" \/>\n<meta property=\"og:url\" content=\"https:\/\/sighisoaraonline.com\/content\/sarbatorim-impreuna-la-sighisoara-ziua-3-proetnica-2018-festivalul-intercultural-sighisoara\/\" \/>\n<meta property=\"og:site_name\" content=\"Sighisoara\" \/>\n<meta property=\"article:publisher\" content=\"https:\/\/www.facebook.com\/sighisoaraonline\/\" \/>\n<meta property=\"article:author\" content=\"https:\/\/www.facebook.com\/sighisoaraonline\/\" \/>\n<meta property=\"article:published_time\" content=\"2018-08-25T12:23:58+00:00\" \/>\n<meta property=\"og:image\" content=\"https:\/\/sighisoaraonline.com\/content\/wp-content\/uploads\/2018\/08\/IMG_7313-1024x683.jpg\" \/>\n\t<meta property=\"og:image:width\" content=\"1024\" \/>\n\t<meta property=\"og:image:height\" content=\"683\" \/>\n\t<meta property=\"og:image:type\" content=\"image\/jpeg\" \/>\n<meta name=\"author\" content=\"Sighisoara Online\" \/>\n<meta name=\"twitter:card\" content=\"summary_large_image\" \/>\n<meta name=\"twitter:label1\" content=\"Written by\" \/>\n\t<meta name=\"twitter:data1\" content=\"Sighisoara Online\" \/>\n\t<meta name=\"twitter:label2\" content=\"Est. reading time\" \/>\n\t<meta name=\"twitter:data2\" content=\"2 minutes\" \/>\n<script type=\"application\/ld+json\" class=\"yoast-schema-graph\">{\"@context\":\"https:\\\/\\\/schema.org\",\"@graph\":[{\"@type\":\"Article\",\"@id\":\"https:\\\/\\\/sighisoaraonline.com\\\/content\\\/sarbatorim-impreuna-la-sighisoara-ziua-3-proetnica-2018-festivalul-intercultural-sighisoara\\\/#article\",\"isPartOf\":{\"@id\":\"https:\\\/\\\/sighisoaraonline.com\\\/content\\\/sarbatorim-impreuna-la-sighisoara-ziua-3-proetnica-2018-festivalul-intercultural-sighisoara\\\/\"},\"author\":{\"name\":\"Sighisoara Online\",\"@id\":\"https:\\\/\\\/sighisoaraonline.com\\\/content\\\/#\\\/schema\\\/person\\\/140de7f8d077626585be2e01dfe4cca0\"},\"headline\":\"S\u0103rb\u0103torim \u00eempreun\u0103 la Sighi\u0219oara \u2013 Ziua 3 &#8211; ProEtnica 2018 \u2013 Festivalul Intercultural Sighi\u0219oara\",\"datePublished\":\"2018-08-25T12:23:58+00:00\",\"mainEntityOfPage\":{\"@id\":\"https:\\\/\\\/sighisoaraonline.com\\\/content\\\/sarbatorim-impreuna-la-sighisoara-ziua-3-proetnica-2018-festivalul-intercultural-sighisoara\\\/\"},\"wordCount\":404,\"publisher\":{\"@id\":\"https:\\\/\\\/sighisoaraonline.com\\\/content\\\/#\\\/schema\\\/person\\\/140de7f8d077626585be2e01dfe4cca0\"},\"image\":{\"@id\":\"https:\\\/\\\/sighisoaraonline.com\\\/content\\\/sarbatorim-impreuna-la-sighisoara-ziua-3-proetnica-2018-festivalul-intercultural-sighisoara\\\/#primaryimage\"},\"thumbnailUrl\":\"https:\\\/\\\/sighisoaraonline.com\\\/content\\\/wp-content\\\/uploads\\\/2018\\\/08\\\/IMG_7313-1024x683.jpg\",\"articleSection\":[\"Cultura\",\"Social\",\"Turism\"],\"inLanguage\":\"en-US\"},{\"@type\":\"WebPage\",\"@id\":\"https:\\\/\\\/sighisoaraonline.com\\\/content\\\/sarbatorim-impreuna-la-sighisoara-ziua-3-proetnica-2018-festivalul-intercultural-sighisoara\\\/\",\"url\":\"https:\\\/\\\/sighisoaraonline.com\\\/content\\\/sarbatorim-impreuna-la-sighisoara-ziua-3-proetnica-2018-festivalul-intercultural-sighisoara\\\/\",\"name\":\"S\u0103rb\u0103torim \u00eempreun\u0103 la Sighi\u0219oara \u2013 Ziua 3 - ProEtnica 2018 \u2013 Festivalul Intercultural Sighi\u0219oara\",\"isPartOf\":{\"@id\":\"https:\\\/\\\/sighisoaraonline.com\\\/content\\\/#website\"},\"primaryImageOfPage\":{\"@id\":\"https:\\\/\\\/sighisoaraonline.com\\\/content\\\/sarbatorim-impreuna-la-sighisoara-ziua-3-proetnica-2018-festivalul-intercultural-sighisoara\\\/#primaryimage\"},\"image\":{\"@id\":\"https:\\\/\\\/sighisoaraonline.com\\\/content\\\/sarbatorim-impreuna-la-sighisoara-ziua-3-proetnica-2018-festivalul-intercultural-sighisoara\\\/#primaryimage\"},\"thumbnailUrl\":\"https:\\\/\\\/sighisoaraonline.com\\\/content\\\/wp-content\\\/uploads\\\/2018\\\/08\\\/IMG_7313-1024x683.jpg\",\"datePublished\":\"2018-08-25T12:23:58+00:00\",\"breadcrumb\":{\"@id\":\"https:\\\/\\\/sighisoaraonline.com\\\/content\\\/sarbatorim-impreuna-la-sighisoara-ziua-3-proetnica-2018-festivalul-intercultural-sighisoara\\\/#breadcrumb\"},\"inLanguage\":\"en-US\",\"potentialAction\":[{\"@type\":\"ReadAction\",\"target\":[\"https:\\\/\\\/sighisoaraonline.com\\\/content\\\/sarbatorim-impreuna-la-sighisoara-ziua-3-proetnica-2018-festivalul-intercultural-sighisoara\\\/\"]}]},{\"@type\":\"ImageObject\",\"inLanguage\":\"en-US\",\"@id\":\"https:\\\/\\\/sighisoaraonline.com\\\/content\\\/sarbatorim-impreuna-la-sighisoara-ziua-3-proetnica-2018-festivalul-intercultural-sighisoara\\\/#primaryimage\",\"url\":\"https:\\\/\\\/sighisoaraonline.com\\\/content\\\/wp-content\\\/uploads\\\/2018\\\/08\\\/IMG_7313-1024x683.jpg\",\"contentUrl\":\"https:\\\/\\\/sighisoaraonline.com\\\/content\\\/wp-content\\\/uploads\\\/2018\\\/08\\\/IMG_7313-1024x683.jpg\",\"width\":1024,\"height\":683},{\"@type\":\"BreadcrumbList\",\"@id\":\"https:\\\/\\\/sighisoaraonline.com\\\/content\\\/sarbatorim-impreuna-la-sighisoara-ziua-3-proetnica-2018-festivalul-intercultural-sighisoara\\\/#breadcrumb\",\"itemListElement\":[{\"@type\":\"ListItem\",\"position\":1,\"name\":\"Home\",\"item\":\"https:\\\/\\\/sighisoaraonline.com\\\/content\\\/\"},{\"@type\":\"ListItem\",\"position\":2,\"name\":\"S\u0103rb\u0103torim \u00eempreun\u0103 la Sighi\u0219oara \u2013 Ziua 3 &#8211; ProEtnica 2018 \u2013 Festivalul Intercultural Sighi\u0219oara\"}]},{\"@type\":\"WebSite\",\"@id\":\"https:\\\/\\\/sighisoaraonline.com\\\/content\\\/#website\",\"url\":\"https:\\\/\\\/sighisoaraonline.com\\\/content\\\/\",\"name\":\"Sighisoara\",\"description\":\"\",\"publisher\":{\"@id\":\"https:\\\/\\\/sighisoaraonline.com\\\/content\\\/#\\\/schema\\\/person\\\/140de7f8d077626585be2e01dfe4cca0\"},\"potentialAction\":[{\"@type\":\"SearchAction\",\"target\":{\"@type\":\"EntryPoint\",\"urlTemplate\":\"https:\\\/\\\/sighisoaraonline.com\\\/content\\\/?s={search_term_string}\"},\"query-input\":{\"@type\":\"PropertyValueSpecification\",\"valueRequired\":true,\"valueName\":\"search_term_string\"}}],\"inLanguage\":\"en-US\"},{\"@type\":[\"Person\",\"Organization\"],\"@id\":\"https:\\\/\\\/sighisoaraonline.com\\\/content\\\/#\\\/schema\\\/person\\\/140de7f8d077626585be2e01dfe4cca0\",\"name\":\"Sighisoara Online\",\"image\":{\"@type\":\"ImageObject\",\"inLanguage\":\"en-US\",\"@id\":\"https:\\\/\\\/sighisoaraonline.com\\\/content\\\/wp-content\\\/uploads\\\/2017\\\/03\\\/cropped-sigonlinen-1.png\",\"url\":\"https:\\\/\\\/sighisoaraonline.com\\\/content\\\/wp-content\\\/uploads\\\/2017\\\/03\\\/cropped-sigonlinen-1.png\",\"contentUrl\":\"https:\\\/\\\/sighisoaraonline.com\\\/content\\\/wp-content\\\/uploads\\\/2017\\\/03\\\/cropped-sigonlinen-1.png\",\"width\":257,\"height\":60,\"caption\":\"Sighisoara Online\"},\"logo\":{\"@id\":\"https:\\\/\\\/sighisoaraonline.com\\\/content\\\/wp-content\\\/uploads\\\/2017\\\/03\\\/cropped-sigonlinen-1.png\"},\"sameAs\":[\"https:\\\/\\\/www.facebook.com\\\/sighisoaraonline\\\/\",\"https:\\\/\\\/www.instagram.com\\\/sighisoaraonline\\\/\"],\"url\":\"https:\\\/\\\/sighisoaraonline.com\\\/content\\\/author\\\/paul\\\/\"}]}<\/script>\n<!-- \/ Yoast SEO plugin. -->","yoast_head_json":{"title":"S\u0103rb\u0103torim \u00eempreun\u0103 la Sighi\u0219oara \u2013 Ziua 3 - ProEtnica 2018 \u2013 Festivalul Intercultural Sighi\u0219oara","robots":{"index":"index","follow":"follow","max-snippet":"max-snippet:-1","max-image-preview":"max-image-preview:large","max-video-preview":"max-video-preview:-1"},"canonical":"https:\/\/sighisoaraonline.com\/content\/sarbatorim-impreuna-la-sighisoara-ziua-3-proetnica-2018-festivalul-intercultural-sighisoara\/","og_locale":"en_US","og_type":"article","og_title":"S\u0103rb\u0103torim \u00eempreun\u0103 la Sighi\u0219oara \u2013 Ziua 3 - ProEtnica 2018 \u2013 Festivalul Intercultural Sighi\u0219oara","og_description":"\u00cen cea de-a treia zi a Festivalului Intercultural ProEtnica Sighi\u0219oara-2018 au urcat pe scen\u0103 ansamblul...","og_url":"https:\/\/sighisoaraonline.com\/content\/sarbatorim-impreuna-la-sighisoara-ziua-3-proetnica-2018-festivalul-intercultural-sighisoara\/","og_site_name":"Sighisoara","article_publisher":"https:\/\/www.facebook.com\/sighisoaraonline\/","article_author":"https:\/\/www.facebook.com\/sighisoaraonline\/","article_published_time":"2018-08-25T12:23:58+00:00","og_image":[{"width":1024,"height":683,"url":"https:\/\/sighisoaraonline.com\/content\/wp-content\/uploads\/2018\/08\/IMG_7313-1024x683.jpg","type":"image\/jpeg"}],"author":"Sighisoara Online","twitter_card":"summary_large_image","twitter_misc":{"Written by":"Sighisoara Online","Est. reading time":"2 minutes"},"schema":{"@context":"https:\/\/schema.org","@graph":[{"@type":"Article","@id":"https:\/\/sighisoaraonline.com\/content\/sarbatorim-impreuna-la-sighisoara-ziua-3-proetnica-2018-festivalul-intercultural-sighisoara\/#article","isPartOf":{"@id":"https:\/\/sighisoaraonline.com\/content\/sarbatorim-impreuna-la-sighisoara-ziua-3-proetnica-2018-festivalul-intercultural-sighisoara\/"},"author":{"name":"Sighisoara Online","@id":"https:\/\/sighisoaraonline.com\/content\/#\/schema\/person\/140de7f8d077626585be2e01dfe4cca0"},"headline":"S\u0103rb\u0103torim \u00eempreun\u0103 la Sighi\u0219oara \u2013 Ziua 3 &#8211; ProEtnica 2018 \u2013 Festivalul Intercultural Sighi\u0219oara","datePublished":"2018-08-25T12:23:58+00:00","mainEntityOfPage":{"@id":"https:\/\/sighisoaraonline.com\/content\/sarbatorim-impreuna-la-sighisoara-ziua-3-proetnica-2018-festivalul-intercultural-sighisoara\/"},"wordCount":404,"publisher":{"@id":"https:\/\/sighisoaraonline.com\/content\/#\/schema\/person\/140de7f8d077626585be2e01dfe4cca0"},"image":{"@id":"https:\/\/sighisoaraonline.com\/content\/sarbatorim-impreuna-la-sighisoara-ziua-3-proetnica-2018-festivalul-intercultural-sighisoara\/#primaryimage"},"thumbnailUrl":"https:\/\/sighisoaraonline.com\/content\/wp-content\/uploads\/2018\/08\/IMG_7313-1024x683.jpg","articleSection":["Cultura","Social","Turism"],"inLanguage":"en-US"},{"@type":"WebPage","@id":"https:\/\/sighisoaraonline.com\/content\/sarbatorim-impreuna-la-sighisoara-ziua-3-proetnica-2018-festivalul-intercultural-sighisoara\/","url":"https:\/\/sighisoaraonline.com\/content\/sarbatorim-impreuna-la-sighisoara-ziua-3-proetnica-2018-festivalul-intercultural-sighisoara\/","name":"S\u0103rb\u0103torim \u00eempreun\u0103 la Sighi\u0219oara \u2013 Ziua 3 - ProEtnica 2018 \u2013 Festivalul Intercultural Sighi\u0219oara","isPartOf":{"@id":"https:\/\/sighisoaraonline.com\/content\/#website"},"primaryImageOfPage":{"@id":"https:\/\/sighisoaraonline.com\/content\/sarbatorim-impreuna-la-sighisoara-ziua-3-proetnica-2018-festivalul-intercultural-sighisoara\/#primaryimage"},"image":{"@id":"https:\/\/sighisoaraonline.com\/content\/sarbatorim-impreuna-la-sighisoara-ziua-3-proetnica-2018-festivalul-intercultural-sighisoara\/#primaryimage"},"thumbnailUrl":"https:\/\/sighisoaraonline.com\/content\/wp-content\/uploads\/2018\/08\/IMG_7313-1024x683.jpg","datePublished":"2018-08-25T12:23:58+00:00","breadcrumb":{"@id":"https:\/\/sighisoaraonline.com\/content\/sarbatorim-impreuna-la-sighisoara-ziua-3-proetnica-2018-festivalul-intercultural-sighisoara\/#breadcrumb"},"inLanguage":"en-US","potentialAction":[{"@type":"ReadAction","target":["https:\/\/sighisoaraonline.com\/content\/sarbatorim-impreuna-la-sighisoara-ziua-3-proetnica-2018-festivalul-intercultural-sighisoara\/"]}]},{"@type":"ImageObject","inLanguage":"en-US","@id":"https:\/\/sighisoaraonline.com\/content\/sarbatorim-impreuna-la-sighisoara-ziua-3-proetnica-2018-festivalul-intercultural-sighisoara\/#primaryimage","url":"https:\/\/sighisoaraonline.com\/content\/wp-content\/uploads\/2018\/08\/IMG_7313-1024x683.jpg","contentUrl":"https:\/\/sighisoaraonline.com\/content\/wp-content\/uploads\/2018\/08\/IMG_7313-1024x683.jpg","width":1024,"height":683},{"@type":"BreadcrumbList","@id":"https:\/\/sighisoaraonline.com\/content\/sarbatorim-impreuna-la-sighisoara-ziua-3-proetnica-2018-festivalul-intercultural-sighisoara\/#breadcrumb","itemListElement":[{"@type":"ListItem","position":1,"name":"Home","item":"https:\/\/sighisoaraonline.com\/content\/"},{"@type":"ListItem","position":2,"name":"S\u0103rb\u0103torim \u00eempreun\u0103 la Sighi\u0219oara \u2013 Ziua 3 &#8211; ProEtnica 2018 \u2013 Festivalul Intercultural Sighi\u0219oara"}]},{"@type":"WebSite","@id":"https:\/\/sighisoaraonline.com\/content\/#website","url":"https:\/\/sighisoaraonline.com\/content\/","name":"Sighisoara","description":"","publisher":{"@id":"https:\/\/sighisoaraonline.com\/content\/#\/schema\/person\/140de7f8d077626585be2e01dfe4cca0"},"potentialAction":[{"@type":"SearchAction","target":{"@type":"EntryPoint","urlTemplate":"https:\/\/sighisoaraonline.com\/content\/?s={search_term_string}"},"query-input":{"@type":"PropertyValueSpecification","valueRequired":true,"valueName":"search_term_string"}}],"inLanguage":"en-US"},{"@type":["Person","Organization"],"@id":"https:\/\/sighisoaraonline.com\/content\/#\/schema\/person\/140de7f8d077626585be2e01dfe4cca0","name":"Sighisoara Online","image":{"@type":"ImageObject","inLanguage":"en-US","@id":"https:\/\/sighisoaraonline.com\/content\/wp-content\/uploads\/2017\/03\/cropped-sigonlinen-1.png","url":"https:\/\/sighisoaraonline.com\/content\/wp-content\/uploads\/2017\/03\/cropped-sigonlinen-1.png","contentUrl":"https:\/\/sighisoaraonline.com\/content\/wp-content\/uploads\/2017\/03\/cropped-sigonlinen-1.png","width":257,"height":60,"caption":"Sighisoara Online"},"logo":{"@id":"https:\/\/sighisoaraonline.com\/content\/wp-content\/uploads\/2017\/03\/cropped-sigonlinen-1.png"},"sameAs":["https:\/\/www.facebook.com\/sighisoaraonline\/","https:\/\/www.instagram.com\/sighisoaraonline\/"],"url":"https:\/\/sighisoaraonline.com\/content\/author\/paul\/"}]}},"_links":{"self":[{"href":"https:\/\/sighisoaraonline.com\/content\/wp-json\/wp\/v2\/posts\/9318","targetHints":{"allow":["GET"]}}],"collection":[{"href":"https:\/\/sighisoaraonline.com\/content\/wp-json\/wp\/v2\/posts"}],"about":[{"href":"https:\/\/sighisoaraonline.com\/content\/wp-json\/wp\/v2\/types\/post"}],"author":[{"embeddable":true,"href":"https:\/\/sighisoaraonline.com\/content\/wp-json\/wp\/v2\/users\/1"}],"replies":[{"embeddable":true,"href":"https:\/\/sighisoaraonline.com\/content\/wp-json\/wp\/v2\/comments?post=9318"}],"version-history":[{"count":1,"href":"https:\/\/sighisoaraonline.com\/content\/wp-json\/wp\/v2\/posts\/9318\/revisions"}],"predecessor-version":[{"id":9320,"href":"https:\/\/sighisoaraonline.com\/content\/wp-json\/wp\/v2\/posts\/9318\/revisions\/9320"}],"wp:featuredmedia":[{"embeddable":true,"href":"https:\/\/sighisoaraonline.com\/content\/wp-json\/wp\/v2\/media\/9319"}],"wp:attachment":[{"href":"https:\/\/sighisoaraonline.com\/content\/wp-json\/wp\/v2\/media?parent=9318"}],"wp:term":[{"taxonomy":"category","embeddable":true,"href":"https:\/\/sighisoaraonline.com\/content\/wp-json\/wp\/v2\/categories?post=9318"},{"taxonomy":"post_tag","embeddable":true,"href":"https:\/\/sighisoaraonline.com\/content\/wp-json\/wp\/v2\/tags?post=9318"}],"curies":[{"name":"wp","href":"https:\/\/api.w.org\/{rel}","templated":true}]}}