{"id":9788,"date":"2019-04-02T17:34:23","date_gmt":"2019-04-02T17:34:23","guid":{"rendered":"https:\/\/sighisoaraonline.com\/content\/?p=9788"},"modified":"2019-04-02T17:34:25","modified_gmt":"2019-04-02T17:34:25","slug":"radioson-concert-extraordinar-maine-seara-la-sighisoara","status":"publish","type":"post","link":"https:\/\/sighisoaraonline.com\/content\/radioson-concert-extraordinar-maine-seara-la-sighisoara\/","title":{"rendered":"RadioSon: Concert extraordinar maine seara la Sighisoara"},"content":{"rendered":"\n<p><\/p>\n\n\n\n<p>Este vorba despre Recital Liszt in interpretarea lui Viniciu Moroianu.<\/p>\n\n\n\n<p>Concertul este programat de la ora 18.00 in Sala Festiva a Primariei si face parte din Stagiunea de concerte organizata de Fundatia Cultural Stiintifica Gaudeamus la Sighisoara cu sprijinul Municipiului Sighisoara si a Consiliului Local. Radio Son, radioul local al Sighisoarei este partener al acestui eveniment.  Intrarea la concert este gratuita. <\/p>\n\n\n\n<p>Viniciu Moroianu s-a n\u0103scut la Bucure\u0219ti, unde a absolvit Universitatea Na\u021bional\u0103 de Muzic\u0103 \u00een 1985, la clasa maestrului Gabriel Amira\u0219. Este laureat al concursurilor interna\u021bionale de la Paris (1979) \u0219i Bucure\u0219ti (&#8220;George Enescu&#8221;, 1991). Are un vast repertoriu pianistic, de la clasici la contemporani \u0219i o activitate concertistic\u0103 de peste 850 de apari\u021bii scenice, \u00eentre care recitaluri la Paris, Roma, Berlin, Madrid, M\u00fcnchen, Venezia, Graz, San Jose, Palm Beach, Neuchatel, concerte cu orchestrele filarmonicilor din \u021bar\u0103 sau \u00een str\u0103in\u0103tate (Atena, Gorizia, Chi\u0219in\u0103u, Gabrovo), precum \u0219i cu forma\u021bii camerale la Berlin, Atena, Budapesta, Copenhaga, Bruxelles, Luxemburg, Berna. \u00cen edi\u021biile Festivalurilor &#8220;Enescu&#8221; de la Bucure\u0219ti a concertat cu orchestre de camer\u0103 din Londra \u0219i Basel.<\/p>\n\n\n\n<p>Este profesor universitar la Universitatea Na\u021bional\u0103 de Muzic\u0103 din Bucure\u0219ti, unde a predat muzic\u0103 de camer\u0103 (1990 &#8211; 1994) \u0219i din 1993 preda pianul, studen\u021bii s\u0103i ob\u021bin\u00e2nd premii la concursuri na\u021bionale \u0219i interna\u021bionale.<\/p>\n","protected":false},"excerpt":{"rendered":"<p>Este vorba despre Recital Liszt in interpretarea lui Viniciu Moroianu. Concertul este programat de la&#8230;<\/p>\n","protected":false},"author":1,"featured_media":9789,"comment_status":"closed","ping_status":"open","sticky":false,"template":"","format":"standard","meta":{"footnotes":""},"categories":[14],"tags":[],"class_list":["post-9788","post","type-post","status-publish","format-standard","has-post-thumbnail","hentry","category-social"],"yoast_head":"<!-- This site is optimized with the Yoast SEO plugin v27.4 - https:\/\/yoast.com\/product\/yoast-seo-wordpress\/ -->\n<title>RadioSon: Concert extraordinar maine seara la Sighisoara<\/title>\n<meta name=\"robots\" content=\"index, follow, max-snippet:-1, max-image-preview:large, max-video-preview:-1\" \/>\n<link rel=\"canonical\" href=\"https:\/\/sighisoaraonline.com\/content\/radioson-concert-extraordinar-maine-seara-la-sighisoara\/\" \/>\n<meta property=\"og:locale\" content=\"en_US\" \/>\n<meta property=\"og:type\" content=\"article\" \/>\n<meta property=\"og:title\" content=\"RadioSon: Concert extraordinar maine seara la Sighisoara\" \/>\n<meta property=\"og:description\" content=\"Este vorba despre Recital Liszt in interpretarea lui Viniciu Moroianu. Concertul este programat de la...\" \/>\n<meta property=\"og:url\" content=\"https:\/\/sighisoaraonline.com\/content\/radioson-concert-extraordinar-maine-seara-la-sighisoara\/\" \/>\n<meta property=\"og:site_name\" content=\"Sighisoara\" \/>\n<meta property=\"article:publisher\" content=\"https:\/\/www.facebook.com\/sighisoaraonline\/\" \/>\n<meta property=\"article:author\" content=\"https:\/\/www.facebook.com\/sighisoaraonline\/\" \/>\n<meta property=\"article:published_time\" content=\"2019-04-02T17:34:23+00:00\" \/>\n<meta property=\"article:modified_time\" content=\"2019-04-02T17:34:25+00:00\" \/>\n<meta property=\"og:image\" content=\"https:\/\/sighisoaraonline.com\/content\/wp-content\/uploads\/2019\/04\/56614109_2221520094581739_5910911821581123584_n.jpg\" \/>\n\t<meta property=\"og:image:width\" content=\"960\" \/>\n\t<meta property=\"og:image:height\" content=\"656\" \/>\n\t<meta property=\"og:image:type\" content=\"image\/jpeg\" \/>\n<meta name=\"author\" content=\"Sighisoara Online\" \/>\n<meta name=\"twitter:card\" content=\"summary_large_image\" \/>\n<meta name=\"twitter:label1\" content=\"Written by\" \/>\n\t<meta name=\"twitter:data1\" content=\"Sighisoara Online\" \/>\n\t<meta name=\"twitter:label2\" content=\"Est. reading time\" \/>\n\t<meta name=\"twitter:data2\" content=\"1 minute\" \/>\n<script type=\"application\/ld+json\" class=\"yoast-schema-graph\">{\"@context\":\"https:\\\/\\\/schema.org\",\"@graph\":[{\"@type\":\"Article\",\"@id\":\"https:\\\/\\\/sighisoaraonline.com\\\/content\\\/radioson-concert-extraordinar-maine-seara-la-sighisoara\\\/#article\",\"isPartOf\":{\"@id\":\"https:\\\/\\\/sighisoaraonline.com\\\/content\\\/radioson-concert-extraordinar-maine-seara-la-sighisoara\\\/\"},\"author\":{\"name\":\"Sighisoara Online\",\"@id\":\"https:\\\/\\\/sighisoaraonline.com\\\/content\\\/#\\\/schema\\\/person\\\/140de7f8d077626585be2e01dfe4cca0\"},\"headline\":\"RadioSon: Concert extraordinar maine seara la Sighisoara\",\"datePublished\":\"2019-04-02T17:34:23+00:00\",\"dateModified\":\"2019-04-02T17:34:25+00:00\",\"mainEntityOfPage\":{\"@id\":\"https:\\\/\\\/sighisoaraonline.com\\\/content\\\/radioson-concert-extraordinar-maine-seara-la-sighisoara\\\/\"},\"wordCount\":228,\"publisher\":{\"@id\":\"https:\\\/\\\/sighisoaraonline.com\\\/content\\\/#\\\/schema\\\/person\\\/140de7f8d077626585be2e01dfe4cca0\"},\"image\":{\"@id\":\"https:\\\/\\\/sighisoaraonline.com\\\/content\\\/radioson-concert-extraordinar-maine-seara-la-sighisoara\\\/#primaryimage\"},\"thumbnailUrl\":\"https:\\\/\\\/sighisoaraonline.com\\\/content\\\/wp-content\\\/uploads\\\/2019\\\/04\\\/56614109_2221520094581739_5910911821581123584_n.jpg\",\"articleSection\":[\"Social\"],\"inLanguage\":\"en-US\"},{\"@type\":\"WebPage\",\"@id\":\"https:\\\/\\\/sighisoaraonline.com\\\/content\\\/radioson-concert-extraordinar-maine-seara-la-sighisoara\\\/\",\"url\":\"https:\\\/\\\/sighisoaraonline.com\\\/content\\\/radioson-concert-extraordinar-maine-seara-la-sighisoara\\\/\",\"name\":\"RadioSon: Concert extraordinar maine seara la Sighisoara\",\"isPartOf\":{\"@id\":\"https:\\\/\\\/sighisoaraonline.com\\\/content\\\/#website\"},\"primaryImageOfPage\":{\"@id\":\"https:\\\/\\\/sighisoaraonline.com\\\/content\\\/radioson-concert-extraordinar-maine-seara-la-sighisoara\\\/#primaryimage\"},\"image\":{\"@id\":\"https:\\\/\\\/sighisoaraonline.com\\\/content\\\/radioson-concert-extraordinar-maine-seara-la-sighisoara\\\/#primaryimage\"},\"thumbnailUrl\":\"https:\\\/\\\/sighisoaraonline.com\\\/content\\\/wp-content\\\/uploads\\\/2019\\\/04\\\/56614109_2221520094581739_5910911821581123584_n.jpg\",\"datePublished\":\"2019-04-02T17:34:23+00:00\",\"dateModified\":\"2019-04-02T17:34:25+00:00\",\"breadcrumb\":{\"@id\":\"https:\\\/\\\/sighisoaraonline.com\\\/content\\\/radioson-concert-extraordinar-maine-seara-la-sighisoara\\\/#breadcrumb\"},\"inLanguage\":\"en-US\",\"potentialAction\":[{\"@type\":\"ReadAction\",\"target\":[\"https:\\\/\\\/sighisoaraonline.com\\\/content\\\/radioson-concert-extraordinar-maine-seara-la-sighisoara\\\/\"]}]},{\"@type\":\"ImageObject\",\"inLanguage\":\"en-US\",\"@id\":\"https:\\\/\\\/sighisoaraonline.com\\\/content\\\/radioson-concert-extraordinar-maine-seara-la-sighisoara\\\/#primaryimage\",\"url\":\"https:\\\/\\\/sighisoaraonline.com\\\/content\\\/wp-content\\\/uploads\\\/2019\\\/04\\\/56614109_2221520094581739_5910911821581123584_n.jpg\",\"contentUrl\":\"https:\\\/\\\/sighisoaraonline.com\\\/content\\\/wp-content\\\/uploads\\\/2019\\\/04\\\/56614109_2221520094581739_5910911821581123584_n.jpg\",\"width\":960,\"height\":656},{\"@type\":\"BreadcrumbList\",\"@id\":\"https:\\\/\\\/sighisoaraonline.com\\\/content\\\/radioson-concert-extraordinar-maine-seara-la-sighisoara\\\/#breadcrumb\",\"itemListElement\":[{\"@type\":\"ListItem\",\"position\":1,\"name\":\"Home\",\"item\":\"https:\\\/\\\/sighisoaraonline.com\\\/content\\\/\"},{\"@type\":\"ListItem\",\"position\":2,\"name\":\"RadioSon: Concert extraordinar maine seara la Sighisoara\"}]},{\"@type\":\"WebSite\",\"@id\":\"https:\\\/\\\/sighisoaraonline.com\\\/content\\\/#website\",\"url\":\"https:\\\/\\\/sighisoaraonline.com\\\/content\\\/\",\"name\":\"Sighisoara\",\"description\":\"\",\"publisher\":{\"@id\":\"https:\\\/\\\/sighisoaraonline.com\\\/content\\\/#\\\/schema\\\/person\\\/140de7f8d077626585be2e01dfe4cca0\"},\"potentialAction\":[{\"@type\":\"SearchAction\",\"target\":{\"@type\":\"EntryPoint\",\"urlTemplate\":\"https:\\\/\\\/sighisoaraonline.com\\\/content\\\/?s={search_term_string}\"},\"query-input\":{\"@type\":\"PropertyValueSpecification\",\"valueRequired\":true,\"valueName\":\"search_term_string\"}}],\"inLanguage\":\"en-US\"},{\"@type\":[\"Person\",\"Organization\"],\"@id\":\"https:\\\/\\\/sighisoaraonline.com\\\/content\\\/#\\\/schema\\\/person\\\/140de7f8d077626585be2e01dfe4cca0\",\"name\":\"Sighisoara Online\",\"image\":{\"@type\":\"ImageObject\",\"inLanguage\":\"en-US\",\"@id\":\"https:\\\/\\\/sighisoaraonline.com\\\/content\\\/wp-content\\\/uploads\\\/2017\\\/03\\\/cropped-sigonlinen-1.png\",\"url\":\"https:\\\/\\\/sighisoaraonline.com\\\/content\\\/wp-content\\\/uploads\\\/2017\\\/03\\\/cropped-sigonlinen-1.png\",\"contentUrl\":\"https:\\\/\\\/sighisoaraonline.com\\\/content\\\/wp-content\\\/uploads\\\/2017\\\/03\\\/cropped-sigonlinen-1.png\",\"width\":257,\"height\":60,\"caption\":\"Sighisoara Online\"},\"logo\":{\"@id\":\"https:\\\/\\\/sighisoaraonline.com\\\/content\\\/wp-content\\\/uploads\\\/2017\\\/03\\\/cropped-sigonlinen-1.png\"},\"sameAs\":[\"https:\\\/\\\/www.facebook.com\\\/sighisoaraonline\\\/\",\"https:\\\/\\\/www.instagram.com\\\/sighisoaraonline\\\/\"],\"url\":\"https:\\\/\\\/sighisoaraonline.com\\\/content\\\/author\\\/paul\\\/\"}]}<\/script>\n<!-- \/ Yoast SEO plugin. -->","yoast_head_json":{"title":"RadioSon: Concert extraordinar maine seara la Sighisoara","robots":{"index":"index","follow":"follow","max-snippet":"max-snippet:-1","max-image-preview":"max-image-preview:large","max-video-preview":"max-video-preview:-1"},"canonical":"https:\/\/sighisoaraonline.com\/content\/radioson-concert-extraordinar-maine-seara-la-sighisoara\/","og_locale":"en_US","og_type":"article","og_title":"RadioSon: Concert extraordinar maine seara la Sighisoara","og_description":"Este vorba despre Recital Liszt in interpretarea lui Viniciu Moroianu. Concertul este programat de la...","og_url":"https:\/\/sighisoaraonline.com\/content\/radioson-concert-extraordinar-maine-seara-la-sighisoara\/","og_site_name":"Sighisoara","article_publisher":"https:\/\/www.facebook.com\/sighisoaraonline\/","article_author":"https:\/\/www.facebook.com\/sighisoaraonline\/","article_published_time":"2019-04-02T17:34:23+00:00","article_modified_time":"2019-04-02T17:34:25+00:00","og_image":[{"width":960,"height":656,"url":"https:\/\/sighisoaraonline.com\/content\/wp-content\/uploads\/2019\/04\/56614109_2221520094581739_5910911821581123584_n.jpg","type":"image\/jpeg"}],"author":"Sighisoara Online","twitter_card":"summary_large_image","twitter_misc":{"Written by":"Sighisoara Online","Est. reading time":"1 minute"},"schema":{"@context":"https:\/\/schema.org","@graph":[{"@type":"Article","@id":"https:\/\/sighisoaraonline.com\/content\/radioson-concert-extraordinar-maine-seara-la-sighisoara\/#article","isPartOf":{"@id":"https:\/\/sighisoaraonline.com\/content\/radioson-concert-extraordinar-maine-seara-la-sighisoara\/"},"author":{"name":"Sighisoara Online","@id":"https:\/\/sighisoaraonline.com\/content\/#\/schema\/person\/140de7f8d077626585be2e01dfe4cca0"},"headline":"RadioSon: Concert extraordinar maine seara la Sighisoara","datePublished":"2019-04-02T17:34:23+00:00","dateModified":"2019-04-02T17:34:25+00:00","mainEntityOfPage":{"@id":"https:\/\/sighisoaraonline.com\/content\/radioson-concert-extraordinar-maine-seara-la-sighisoara\/"},"wordCount":228,"publisher":{"@id":"https:\/\/sighisoaraonline.com\/content\/#\/schema\/person\/140de7f8d077626585be2e01dfe4cca0"},"image":{"@id":"https:\/\/sighisoaraonline.com\/content\/radioson-concert-extraordinar-maine-seara-la-sighisoara\/#primaryimage"},"thumbnailUrl":"https:\/\/sighisoaraonline.com\/content\/wp-content\/uploads\/2019\/04\/56614109_2221520094581739_5910911821581123584_n.jpg","articleSection":["Social"],"inLanguage":"en-US"},{"@type":"WebPage","@id":"https:\/\/sighisoaraonline.com\/content\/radioson-concert-extraordinar-maine-seara-la-sighisoara\/","url":"https:\/\/sighisoaraonline.com\/content\/radioson-concert-extraordinar-maine-seara-la-sighisoara\/","name":"RadioSon: Concert extraordinar maine seara la Sighisoara","isPartOf":{"@id":"https:\/\/sighisoaraonline.com\/content\/#website"},"primaryImageOfPage":{"@id":"https:\/\/sighisoaraonline.com\/content\/radioson-concert-extraordinar-maine-seara-la-sighisoara\/#primaryimage"},"image":{"@id":"https:\/\/sighisoaraonline.com\/content\/radioson-concert-extraordinar-maine-seara-la-sighisoara\/#primaryimage"},"thumbnailUrl":"https:\/\/sighisoaraonline.com\/content\/wp-content\/uploads\/2019\/04\/56614109_2221520094581739_5910911821581123584_n.jpg","datePublished":"2019-04-02T17:34:23+00:00","dateModified":"2019-04-02T17:34:25+00:00","breadcrumb":{"@id":"https:\/\/sighisoaraonline.com\/content\/radioson-concert-extraordinar-maine-seara-la-sighisoara\/#breadcrumb"},"inLanguage":"en-US","potentialAction":[{"@type":"ReadAction","target":["https:\/\/sighisoaraonline.com\/content\/radioson-concert-extraordinar-maine-seara-la-sighisoara\/"]}]},{"@type":"ImageObject","inLanguage":"en-US","@id":"https:\/\/sighisoaraonline.com\/content\/radioson-concert-extraordinar-maine-seara-la-sighisoara\/#primaryimage","url":"https:\/\/sighisoaraonline.com\/content\/wp-content\/uploads\/2019\/04\/56614109_2221520094581739_5910911821581123584_n.jpg","contentUrl":"https:\/\/sighisoaraonline.com\/content\/wp-content\/uploads\/2019\/04\/56614109_2221520094581739_5910911821581123584_n.jpg","width":960,"height":656},{"@type":"BreadcrumbList","@id":"https:\/\/sighisoaraonline.com\/content\/radioson-concert-extraordinar-maine-seara-la-sighisoara\/#breadcrumb","itemListElement":[{"@type":"ListItem","position":1,"name":"Home","item":"https:\/\/sighisoaraonline.com\/content\/"},{"@type":"ListItem","position":2,"name":"RadioSon: Concert extraordinar maine seara la Sighisoara"}]},{"@type":"WebSite","@id":"https:\/\/sighisoaraonline.com\/content\/#website","url":"https:\/\/sighisoaraonline.com\/content\/","name":"Sighisoara","description":"","publisher":{"@id":"https:\/\/sighisoaraonline.com\/content\/#\/schema\/person\/140de7f8d077626585be2e01dfe4cca0"},"potentialAction":[{"@type":"SearchAction","target":{"@type":"EntryPoint","urlTemplate":"https:\/\/sighisoaraonline.com\/content\/?s={search_term_string}"},"query-input":{"@type":"PropertyValueSpecification","valueRequired":true,"valueName":"search_term_string"}}],"inLanguage":"en-US"},{"@type":["Person","Organization"],"@id":"https:\/\/sighisoaraonline.com\/content\/#\/schema\/person\/140de7f8d077626585be2e01dfe4cca0","name":"Sighisoara Online","image":{"@type":"ImageObject","inLanguage":"en-US","@id":"https:\/\/sighisoaraonline.com\/content\/wp-content\/uploads\/2017\/03\/cropped-sigonlinen-1.png","url":"https:\/\/sighisoaraonline.com\/content\/wp-content\/uploads\/2017\/03\/cropped-sigonlinen-1.png","contentUrl":"https:\/\/sighisoaraonline.com\/content\/wp-content\/uploads\/2017\/03\/cropped-sigonlinen-1.png","width":257,"height":60,"caption":"Sighisoara Online"},"logo":{"@id":"https:\/\/sighisoaraonline.com\/content\/wp-content\/uploads\/2017\/03\/cropped-sigonlinen-1.png"},"sameAs":["https:\/\/www.facebook.com\/sighisoaraonline\/","https:\/\/www.instagram.com\/sighisoaraonline\/"],"url":"https:\/\/sighisoaraonline.com\/content\/author\/paul\/"}]}},"_links":{"self":[{"href":"https:\/\/sighisoaraonline.com\/content\/wp-json\/wp\/v2\/posts\/9788","targetHints":{"allow":["GET"]}}],"collection":[{"href":"https:\/\/sighisoaraonline.com\/content\/wp-json\/wp\/v2\/posts"}],"about":[{"href":"https:\/\/sighisoaraonline.com\/content\/wp-json\/wp\/v2\/types\/post"}],"author":[{"embeddable":true,"href":"https:\/\/sighisoaraonline.com\/content\/wp-json\/wp\/v2\/users\/1"}],"replies":[{"embeddable":true,"href":"https:\/\/sighisoaraonline.com\/content\/wp-json\/wp\/v2\/comments?post=9788"}],"version-history":[{"count":1,"href":"https:\/\/sighisoaraonline.com\/content\/wp-json\/wp\/v2\/posts\/9788\/revisions"}],"predecessor-version":[{"id":9790,"href":"https:\/\/sighisoaraonline.com\/content\/wp-json\/wp\/v2\/posts\/9788\/revisions\/9790"}],"wp:featuredmedia":[{"embeddable":true,"href":"https:\/\/sighisoaraonline.com\/content\/wp-json\/wp\/v2\/media\/9789"}],"wp:attachment":[{"href":"https:\/\/sighisoaraonline.com\/content\/wp-json\/wp\/v2\/media?parent=9788"}],"wp:term":[{"taxonomy":"category","embeddable":true,"href":"https:\/\/sighisoaraonline.com\/content\/wp-json\/wp\/v2\/categories?post=9788"},{"taxonomy":"post_tag","embeddable":true,"href":"https:\/\/sighisoaraonline.com\/content\/wp-json\/wp\/v2\/tags?post=9788"}],"curies":[{"name":"wp","href":"https:\/\/api.w.org\/{rel}","templated":true}]}}