{"id":9804,"date":"2019-04-06T13:47:02","date_gmt":"2019-04-06T13:47:02","guid":{"rendered":"https:\/\/sighisoaraonline.com\/content\/?p=9804"},"modified":"2019-04-06T13:47:05","modified_gmt":"2019-04-06T13:47:05","slug":"expozitie-de-pictura-salonul-de-primavara","status":"publish","type":"post","link":"https:\/\/sighisoaraonline.com\/content\/expozitie-de-pictura-salonul-de-primavara\/","title":{"rendered":"Expozitie de pictura &#8211; Salonul de primavara"},"content":{"rendered":"\n<p>EXPOZI\u021aIE DE PICTUR\u0102 \u2013 SALONUL DE PRIM\u0102VAR\u0102<\/p>\n\n\n\n<p>\u00cen perioada 6-14 aprile 2019, la Sala Sander, poate fi vizitat\u0103 expozi\u0163ia &#8220;Salonul de prim\u0103var\u0103&#8221;, organizat\u0103 de Asocia\u0163ia Arti\u015ftilor Plastici Alma Mater Castrum Sex, \u00een parteneriat cu Municipiul Sighi\u015foara.<\/p>\n\n\n\n<p> Expun arti\u0219tii plastici: Agoston Zsolt,  Petre Purcariu, Dan Romeo Todea, Sorina Parchirie, Olimpia Leah, Vasile Mure\u0219an, Emilia Ardelean, Mariana Coci\u0219, Dorian Feier, Alina Vod\u0103, Ivan Condurache Lauren\u021biu, Lia Lupu \u0219i Dorin Stanciu, iar expozi\u021bia va putea fi vizitat\u0103 \u00een perioada 6-14 aprilie 2019, \u00eentre orele 09.00 \u0219i 17.00.<\/p>\n","protected":false},"excerpt":{"rendered":"<p>EXPOZI\u021aIE DE PICTUR\u0102 \u2013 SALONUL DE PRIM\u0102VAR\u0102 \u00cen perioada 6-14 aprile 2019, la Sala Sander,&#8230;<\/p>\n","protected":false},"author":1,"featured_media":9805,"comment_status":"closed","ping_status":"open","sticky":false,"template":"","format":"standard","meta":{"footnotes":""},"categories":[14],"tags":[],"class_list":["post-9804","post","type-post","status-publish","format-standard","has-post-thumbnail","hentry","category-social"],"yoast_head":"<!-- This site is optimized with the Yoast SEO plugin v27.4 - https:\/\/yoast.com\/product\/yoast-seo-wordpress\/ -->\n<title>Expozitie de pictura - Salonul de primavara<\/title>\n<meta name=\"robots\" content=\"index, follow, max-snippet:-1, max-image-preview:large, max-video-preview:-1\" \/>\n<link rel=\"canonical\" href=\"https:\/\/sighisoaraonline.com\/content\/expozitie-de-pictura-salonul-de-primavara\/\" \/>\n<meta property=\"og:locale\" content=\"en_US\" \/>\n<meta property=\"og:type\" content=\"article\" \/>\n<meta property=\"og:title\" content=\"Expozitie de pictura - Salonul de primavara\" \/>\n<meta property=\"og:description\" content=\"EXPOZI\u021aIE DE PICTUR\u0102 \u2013 SALONUL DE PRIM\u0102VAR\u0102 \u00cen perioada 6-14 aprile 2019, la Sala Sander,...\" \/>\n<meta property=\"og:url\" content=\"https:\/\/sighisoaraonline.com\/content\/expozitie-de-pictura-salonul-de-primavara\/\" \/>\n<meta property=\"og:site_name\" content=\"Sighisoara\" \/>\n<meta property=\"article:publisher\" content=\"https:\/\/www.facebook.com\/sighisoaraonline\/\" \/>\n<meta property=\"article:author\" content=\"https:\/\/www.facebook.com\/sighisoaraonline\/\" \/>\n<meta property=\"article:published_time\" content=\"2019-04-06T13:47:02+00:00\" \/>\n<meta property=\"article:modified_time\" content=\"2019-04-06T13:47:05+00:00\" \/>\n<meta property=\"og:image\" content=\"https:\/\/sighisoaraonline.com\/content\/wp-content\/uploads\/2019\/04\/FB_IMG_1554558292874.jpg\" \/>\n\t<meta property=\"og:image:width\" content=\"720\" \/>\n\t<meta property=\"og:image:height\" content=\"489\" \/>\n\t<meta property=\"og:image:type\" content=\"image\/jpeg\" \/>\n<meta name=\"author\" content=\"Sighisoara Online\" \/>\n<meta name=\"twitter:card\" content=\"summary_large_image\" \/>\n<meta name=\"twitter:label1\" content=\"Written by\" \/>\n\t<meta name=\"twitter:data1\" content=\"Sighisoara Online\" \/>\n<script type=\"application\/ld+json\" class=\"yoast-schema-graph\">{\"@context\":\"https:\\\/\\\/schema.org\",\"@graph\":[{\"@type\":\"Article\",\"@id\":\"https:\\\/\\\/sighisoaraonline.com\\\/content\\\/expozitie-de-pictura-salonul-de-primavara\\\/#article\",\"isPartOf\":{\"@id\":\"https:\\\/\\\/sighisoaraonline.com\\\/content\\\/expozitie-de-pictura-salonul-de-primavara\\\/\"},\"author\":{\"name\":\"Sighisoara Online\",\"@id\":\"https:\\\/\\\/sighisoaraonline.com\\\/content\\\/#\\\/schema\\\/person\\\/140de7f8d077626585be2e01dfe4cca0\"},\"headline\":\"Expozitie de pictura &#8211; Salonul de primavara\",\"datePublished\":\"2019-04-06T13:47:02+00:00\",\"dateModified\":\"2019-04-06T13:47:05+00:00\",\"mainEntityOfPage\":{\"@id\":\"https:\\\/\\\/sighisoaraonline.com\\\/content\\\/expozitie-de-pictura-salonul-de-primavara\\\/\"},\"wordCount\":97,\"publisher\":{\"@id\":\"https:\\\/\\\/sighisoaraonline.com\\\/content\\\/#\\\/schema\\\/person\\\/140de7f8d077626585be2e01dfe4cca0\"},\"image\":{\"@id\":\"https:\\\/\\\/sighisoaraonline.com\\\/content\\\/expozitie-de-pictura-salonul-de-primavara\\\/#primaryimage\"},\"thumbnailUrl\":\"https:\\\/\\\/sighisoaraonline.com\\\/content\\\/wp-content\\\/uploads\\\/2019\\\/04\\\/FB_IMG_1554558292874.jpg\",\"articleSection\":[\"Social\"],\"inLanguage\":\"en-US\"},{\"@type\":\"WebPage\",\"@id\":\"https:\\\/\\\/sighisoaraonline.com\\\/content\\\/expozitie-de-pictura-salonul-de-primavara\\\/\",\"url\":\"https:\\\/\\\/sighisoaraonline.com\\\/content\\\/expozitie-de-pictura-salonul-de-primavara\\\/\",\"name\":\"Expozitie de pictura - Salonul de primavara\",\"isPartOf\":{\"@id\":\"https:\\\/\\\/sighisoaraonline.com\\\/content\\\/#website\"},\"primaryImageOfPage\":{\"@id\":\"https:\\\/\\\/sighisoaraonline.com\\\/content\\\/expozitie-de-pictura-salonul-de-primavara\\\/#primaryimage\"},\"image\":{\"@id\":\"https:\\\/\\\/sighisoaraonline.com\\\/content\\\/expozitie-de-pictura-salonul-de-primavara\\\/#primaryimage\"},\"thumbnailUrl\":\"https:\\\/\\\/sighisoaraonline.com\\\/content\\\/wp-content\\\/uploads\\\/2019\\\/04\\\/FB_IMG_1554558292874.jpg\",\"datePublished\":\"2019-04-06T13:47:02+00:00\",\"dateModified\":\"2019-04-06T13:47:05+00:00\",\"breadcrumb\":{\"@id\":\"https:\\\/\\\/sighisoaraonline.com\\\/content\\\/expozitie-de-pictura-salonul-de-primavara\\\/#breadcrumb\"},\"inLanguage\":\"en-US\",\"potentialAction\":[{\"@type\":\"ReadAction\",\"target\":[\"https:\\\/\\\/sighisoaraonline.com\\\/content\\\/expozitie-de-pictura-salonul-de-primavara\\\/\"]}]},{\"@type\":\"ImageObject\",\"inLanguage\":\"en-US\",\"@id\":\"https:\\\/\\\/sighisoaraonline.com\\\/content\\\/expozitie-de-pictura-salonul-de-primavara\\\/#primaryimage\",\"url\":\"https:\\\/\\\/sighisoaraonline.com\\\/content\\\/wp-content\\\/uploads\\\/2019\\\/04\\\/FB_IMG_1554558292874.jpg\",\"contentUrl\":\"https:\\\/\\\/sighisoaraonline.com\\\/content\\\/wp-content\\\/uploads\\\/2019\\\/04\\\/FB_IMG_1554558292874.jpg\",\"width\":720,\"height\":489},{\"@type\":\"BreadcrumbList\",\"@id\":\"https:\\\/\\\/sighisoaraonline.com\\\/content\\\/expozitie-de-pictura-salonul-de-primavara\\\/#breadcrumb\",\"itemListElement\":[{\"@type\":\"ListItem\",\"position\":1,\"name\":\"Home\",\"item\":\"https:\\\/\\\/sighisoaraonline.com\\\/content\\\/\"},{\"@type\":\"ListItem\",\"position\":2,\"name\":\"Expozitie de pictura &#8211; Salonul de primavara\"}]},{\"@type\":\"WebSite\",\"@id\":\"https:\\\/\\\/sighisoaraonline.com\\\/content\\\/#website\",\"url\":\"https:\\\/\\\/sighisoaraonline.com\\\/content\\\/\",\"name\":\"Sighisoara\",\"description\":\"\",\"publisher\":{\"@id\":\"https:\\\/\\\/sighisoaraonline.com\\\/content\\\/#\\\/schema\\\/person\\\/140de7f8d077626585be2e01dfe4cca0\"},\"potentialAction\":[{\"@type\":\"SearchAction\",\"target\":{\"@type\":\"EntryPoint\",\"urlTemplate\":\"https:\\\/\\\/sighisoaraonline.com\\\/content\\\/?s={search_term_string}\"},\"query-input\":{\"@type\":\"PropertyValueSpecification\",\"valueRequired\":true,\"valueName\":\"search_term_string\"}}],\"inLanguage\":\"en-US\"},{\"@type\":[\"Person\",\"Organization\"],\"@id\":\"https:\\\/\\\/sighisoaraonline.com\\\/content\\\/#\\\/schema\\\/person\\\/140de7f8d077626585be2e01dfe4cca0\",\"name\":\"Sighisoara Online\",\"image\":{\"@type\":\"ImageObject\",\"inLanguage\":\"en-US\",\"@id\":\"https:\\\/\\\/sighisoaraonline.com\\\/content\\\/wp-content\\\/uploads\\\/2017\\\/03\\\/cropped-sigonlinen-1.png\",\"url\":\"https:\\\/\\\/sighisoaraonline.com\\\/content\\\/wp-content\\\/uploads\\\/2017\\\/03\\\/cropped-sigonlinen-1.png\",\"contentUrl\":\"https:\\\/\\\/sighisoaraonline.com\\\/content\\\/wp-content\\\/uploads\\\/2017\\\/03\\\/cropped-sigonlinen-1.png\",\"width\":257,\"height\":60,\"caption\":\"Sighisoara Online\"},\"logo\":{\"@id\":\"https:\\\/\\\/sighisoaraonline.com\\\/content\\\/wp-content\\\/uploads\\\/2017\\\/03\\\/cropped-sigonlinen-1.png\"},\"sameAs\":[\"https:\\\/\\\/www.facebook.com\\\/sighisoaraonline\\\/\",\"https:\\\/\\\/www.instagram.com\\\/sighisoaraonline\\\/\"],\"url\":\"https:\\\/\\\/sighisoaraonline.com\\\/content\\\/author\\\/paul\\\/\"}]}<\/script>\n<!-- \/ Yoast SEO plugin. -->","yoast_head_json":{"title":"Expozitie de pictura - Salonul de primavara","robots":{"index":"index","follow":"follow","max-snippet":"max-snippet:-1","max-image-preview":"max-image-preview:large","max-video-preview":"max-video-preview:-1"},"canonical":"https:\/\/sighisoaraonline.com\/content\/expozitie-de-pictura-salonul-de-primavara\/","og_locale":"en_US","og_type":"article","og_title":"Expozitie de pictura - Salonul de primavara","og_description":"EXPOZI\u021aIE DE PICTUR\u0102 \u2013 SALONUL DE PRIM\u0102VAR\u0102 \u00cen perioada 6-14 aprile 2019, la Sala Sander,...","og_url":"https:\/\/sighisoaraonline.com\/content\/expozitie-de-pictura-salonul-de-primavara\/","og_site_name":"Sighisoara","article_publisher":"https:\/\/www.facebook.com\/sighisoaraonline\/","article_author":"https:\/\/www.facebook.com\/sighisoaraonline\/","article_published_time":"2019-04-06T13:47:02+00:00","article_modified_time":"2019-04-06T13:47:05+00:00","og_image":[{"width":720,"height":489,"url":"https:\/\/sighisoaraonline.com\/content\/wp-content\/uploads\/2019\/04\/FB_IMG_1554558292874.jpg","type":"image\/jpeg"}],"author":"Sighisoara Online","twitter_card":"summary_large_image","twitter_misc":{"Written by":"Sighisoara Online"},"schema":{"@context":"https:\/\/schema.org","@graph":[{"@type":"Article","@id":"https:\/\/sighisoaraonline.com\/content\/expozitie-de-pictura-salonul-de-primavara\/#article","isPartOf":{"@id":"https:\/\/sighisoaraonline.com\/content\/expozitie-de-pictura-salonul-de-primavara\/"},"author":{"name":"Sighisoara Online","@id":"https:\/\/sighisoaraonline.com\/content\/#\/schema\/person\/140de7f8d077626585be2e01dfe4cca0"},"headline":"Expozitie de pictura &#8211; Salonul de primavara","datePublished":"2019-04-06T13:47:02+00:00","dateModified":"2019-04-06T13:47:05+00:00","mainEntityOfPage":{"@id":"https:\/\/sighisoaraonline.com\/content\/expozitie-de-pictura-salonul-de-primavara\/"},"wordCount":97,"publisher":{"@id":"https:\/\/sighisoaraonline.com\/content\/#\/schema\/person\/140de7f8d077626585be2e01dfe4cca0"},"image":{"@id":"https:\/\/sighisoaraonline.com\/content\/expozitie-de-pictura-salonul-de-primavara\/#primaryimage"},"thumbnailUrl":"https:\/\/sighisoaraonline.com\/content\/wp-content\/uploads\/2019\/04\/FB_IMG_1554558292874.jpg","articleSection":["Social"],"inLanguage":"en-US"},{"@type":"WebPage","@id":"https:\/\/sighisoaraonline.com\/content\/expozitie-de-pictura-salonul-de-primavara\/","url":"https:\/\/sighisoaraonline.com\/content\/expozitie-de-pictura-salonul-de-primavara\/","name":"Expozitie de pictura - Salonul de primavara","isPartOf":{"@id":"https:\/\/sighisoaraonline.com\/content\/#website"},"primaryImageOfPage":{"@id":"https:\/\/sighisoaraonline.com\/content\/expozitie-de-pictura-salonul-de-primavara\/#primaryimage"},"image":{"@id":"https:\/\/sighisoaraonline.com\/content\/expozitie-de-pictura-salonul-de-primavara\/#primaryimage"},"thumbnailUrl":"https:\/\/sighisoaraonline.com\/content\/wp-content\/uploads\/2019\/04\/FB_IMG_1554558292874.jpg","datePublished":"2019-04-06T13:47:02+00:00","dateModified":"2019-04-06T13:47:05+00:00","breadcrumb":{"@id":"https:\/\/sighisoaraonline.com\/content\/expozitie-de-pictura-salonul-de-primavara\/#breadcrumb"},"inLanguage":"en-US","potentialAction":[{"@type":"ReadAction","target":["https:\/\/sighisoaraonline.com\/content\/expozitie-de-pictura-salonul-de-primavara\/"]}]},{"@type":"ImageObject","inLanguage":"en-US","@id":"https:\/\/sighisoaraonline.com\/content\/expozitie-de-pictura-salonul-de-primavara\/#primaryimage","url":"https:\/\/sighisoaraonline.com\/content\/wp-content\/uploads\/2019\/04\/FB_IMG_1554558292874.jpg","contentUrl":"https:\/\/sighisoaraonline.com\/content\/wp-content\/uploads\/2019\/04\/FB_IMG_1554558292874.jpg","width":720,"height":489},{"@type":"BreadcrumbList","@id":"https:\/\/sighisoaraonline.com\/content\/expozitie-de-pictura-salonul-de-primavara\/#breadcrumb","itemListElement":[{"@type":"ListItem","position":1,"name":"Home","item":"https:\/\/sighisoaraonline.com\/content\/"},{"@type":"ListItem","position":2,"name":"Expozitie de pictura &#8211; Salonul de primavara"}]},{"@type":"WebSite","@id":"https:\/\/sighisoaraonline.com\/content\/#website","url":"https:\/\/sighisoaraonline.com\/content\/","name":"Sighisoara","description":"","publisher":{"@id":"https:\/\/sighisoaraonline.com\/content\/#\/schema\/person\/140de7f8d077626585be2e01dfe4cca0"},"potentialAction":[{"@type":"SearchAction","target":{"@type":"EntryPoint","urlTemplate":"https:\/\/sighisoaraonline.com\/content\/?s={search_term_string}"},"query-input":{"@type":"PropertyValueSpecification","valueRequired":true,"valueName":"search_term_string"}}],"inLanguage":"en-US"},{"@type":["Person","Organization"],"@id":"https:\/\/sighisoaraonline.com\/content\/#\/schema\/person\/140de7f8d077626585be2e01dfe4cca0","name":"Sighisoara Online","image":{"@type":"ImageObject","inLanguage":"en-US","@id":"https:\/\/sighisoaraonline.com\/content\/wp-content\/uploads\/2017\/03\/cropped-sigonlinen-1.png","url":"https:\/\/sighisoaraonline.com\/content\/wp-content\/uploads\/2017\/03\/cropped-sigonlinen-1.png","contentUrl":"https:\/\/sighisoaraonline.com\/content\/wp-content\/uploads\/2017\/03\/cropped-sigonlinen-1.png","width":257,"height":60,"caption":"Sighisoara Online"},"logo":{"@id":"https:\/\/sighisoaraonline.com\/content\/wp-content\/uploads\/2017\/03\/cropped-sigonlinen-1.png"},"sameAs":["https:\/\/www.facebook.com\/sighisoaraonline\/","https:\/\/www.instagram.com\/sighisoaraonline\/"],"url":"https:\/\/sighisoaraonline.com\/content\/author\/paul\/"}]}},"_links":{"self":[{"href":"https:\/\/sighisoaraonline.com\/content\/wp-json\/wp\/v2\/posts\/9804","targetHints":{"allow":["GET"]}}],"collection":[{"href":"https:\/\/sighisoaraonline.com\/content\/wp-json\/wp\/v2\/posts"}],"about":[{"href":"https:\/\/sighisoaraonline.com\/content\/wp-json\/wp\/v2\/types\/post"}],"author":[{"embeddable":true,"href":"https:\/\/sighisoaraonline.com\/content\/wp-json\/wp\/v2\/users\/1"}],"replies":[{"embeddable":true,"href":"https:\/\/sighisoaraonline.com\/content\/wp-json\/wp\/v2\/comments?post=9804"}],"version-history":[{"count":1,"href":"https:\/\/sighisoaraonline.com\/content\/wp-json\/wp\/v2\/posts\/9804\/revisions"}],"predecessor-version":[{"id":9806,"href":"https:\/\/sighisoaraonline.com\/content\/wp-json\/wp\/v2\/posts\/9804\/revisions\/9806"}],"wp:featuredmedia":[{"embeddable":true,"href":"https:\/\/sighisoaraonline.com\/content\/wp-json\/wp\/v2\/media\/9805"}],"wp:attachment":[{"href":"https:\/\/sighisoaraonline.com\/content\/wp-json\/wp\/v2\/media?parent=9804"}],"wp:term":[{"taxonomy":"category","embeddable":true,"href":"https:\/\/sighisoaraonline.com\/content\/wp-json\/wp\/v2\/categories?post=9804"},{"taxonomy":"post_tag","embeddable":true,"href":"https:\/\/sighisoaraonline.com\/content\/wp-json\/wp\/v2\/tags?post=9804"}],"curies":[{"name":"wp","href":"https:\/\/api.w.org\/{rel}","templated":true}]}}