{"id":9944,"date":"2019-06-15T14:27:08","date_gmt":"2019-06-15T14:27:08","guid":{"rendered":"https:\/\/sighisoaraonline.com\/content\/?p=9944"},"modified":"2019-06-15T14:27:10","modified_gmt":"2019-06-15T14:27:10","slug":"radioson-jurnalistii-spanioli-de-la-el-mundo-au-inclus-sighisoara-printre-cele-mai-frumoase-orase-medivale-din-europa","status":"publish","type":"post","link":"https:\/\/sighisoaraonline.com\/content\/radioson-jurnalistii-spanioli-de-la-el-mundo-au-inclus-sighisoara-printre-cele-mai-frumoase-orase-medivale-din-europa\/","title":{"rendered":"RadioSon: Jurnali\u0219tii spanioli de la El Mundo au inclus Sighi\u0219oara printre cele mai frumoase ora\u0219e medivale din Europa"},"content":{"rendered":"\n<p><\/p>\n\n\n\n<p>Denumit\u0103 \u015fi \u201ePerla Transilvaniei\u201d, Sighi\u015foara i-a impresionat \u0219i pe jurnali\u0219tii de la cotidianul spaniol El Mundo, care a inclus o pe lista celor mai frumoase cet\u0103\u021bi medievale de pe b\u0103tr\u00e2nul continent.<br>\u201e Acest mic ora\u0219 din Transilvania, fondat \u00een secolul al XIII-lea, serve\u0219te ca punct de pornire pentru turi\u0219tii care vor s\u0103 viziteze castelele Bran \u0219i Pele\u0219\u201d, scriu jurnali\u0219tii de la cotidianul spaniol El Mundo.<\/p>\n\n\n\n<p>\u201eDeclarat\u0103 patrimoniu al UNESCO, cetatea Sighi\u0219oarei atrage aten\u021bia prin cl\u0103dirile medievale colorate, aflate pe cele trei str\u0103zi principale. Bisericile vechi se intercaleaz\u0103 cumuzee extrem de interesante, cum este camera de tortur\u0103 \u0219i sala armelor medievale, \u0219i cl\u0103diri construite \u00een stil gotic. Cea mai frumoas\u0103 vedere asupra Sighi\u0219oarei este din Turnul cu Ceas, construit \u00een secolul al XVI-lea. S\u0103 vezi un apus de soare de acolo este ceva de nepre\u021buit\u201d, au mai completat ace\u0219tia.<\/p>\n\n\n\n<p>Stiri Radio Son Sighisoara<br>89,5 FM<br>Sursa: <a href=\"http:\/\/libertatea.ro\">libertatea.ro<\/a> Foto <a href=\"https:\/\/www.facebook.com\/4K-STUDIO-706825103030304\/\">4K Studio<\/a><\/p>\n","protected":false},"excerpt":{"rendered":"<p>Denumit\u0103 \u015fi \u201ePerla Transilvaniei\u201d, Sighi\u015foara i-a impresionat \u0219i pe jurnali\u0219tii de la cotidianul spaniol El&#8230;<\/p>\n","protected":false},"author":1,"featured_media":9945,"comment_status":"closed","ping_status":"open","sticky":false,"template":"","format":"standard","meta":{"footnotes":""},"categories":[14],"tags":[],"class_list":["post-9944","post","type-post","status-publish","format-standard","has-post-thumbnail","hentry","category-social"],"yoast_head":"<!-- This site is optimized with the Yoast SEO plugin v27.5 - https:\/\/yoast.com\/product\/yoast-seo-wordpress\/ -->\n<title>RadioSon: Jurnali\u0219tii spanioli de la El Mundo au inclus Sighi\u0219oara printre cele mai frumoase ora\u0219e medivale din Europa<\/title>\n<meta name=\"robots\" content=\"index, follow, max-snippet:-1, max-image-preview:large, max-video-preview:-1\" \/>\n<link rel=\"canonical\" href=\"https:\/\/sighisoaraonline.com\/content\/radioson-jurnalistii-spanioli-de-la-el-mundo-au-inclus-sighisoara-printre-cele-mai-frumoase-orase-medivale-din-europa\/\" \/>\n<meta property=\"og:locale\" content=\"en_US\" \/>\n<meta property=\"og:type\" content=\"article\" \/>\n<meta property=\"og:title\" content=\"RadioSon: Jurnali\u0219tii spanioli de la El Mundo au inclus Sighi\u0219oara printre cele mai frumoase ora\u0219e medivale din Europa\" \/>\n<meta property=\"og:description\" content=\"Denumit\u0103 \u015fi \u201ePerla Transilvaniei\u201d, Sighi\u015foara i-a impresionat \u0219i pe jurnali\u0219tii de la cotidianul spaniol El...\" \/>\n<meta property=\"og:url\" content=\"https:\/\/sighisoaraonline.com\/content\/radioson-jurnalistii-spanioli-de-la-el-mundo-au-inclus-sighisoara-printre-cele-mai-frumoase-orase-medivale-din-europa\/\" \/>\n<meta property=\"og:site_name\" content=\"Sighisoara\" \/>\n<meta property=\"article:publisher\" content=\"https:\/\/www.facebook.com\/sighisoaraonline\/\" \/>\n<meta property=\"article:author\" content=\"https:\/\/www.facebook.com\/sighisoaraonline\/\" \/>\n<meta property=\"article:published_time\" content=\"2019-06-15T14:27:08+00:00\" \/>\n<meta property=\"article:modified_time\" content=\"2019-06-15T14:27:10+00:00\" \/>\n<meta property=\"og:image\" content=\"https:\/\/sighisoaraonline.com\/content\/wp-content\/uploads\/2019\/06\/64792030_876031616109651_3153767057791647744_o.jpg\" \/>\n\t<meta property=\"og:image:width\" content=\"2048\" \/>\n\t<meta property=\"og:image:height\" content=\"969\" \/>\n\t<meta property=\"og:image:type\" content=\"image\/jpeg\" \/>\n<meta name=\"author\" content=\"Sighisoara Online\" \/>\n<meta name=\"twitter:card\" content=\"summary_large_image\" \/>\n<meta name=\"twitter:label1\" content=\"Written by\" \/>\n\t<meta name=\"twitter:data1\" content=\"Sighisoara Online\" \/>\n\t<meta name=\"twitter:label2\" content=\"Est. reading time\" \/>\n\t<meta name=\"twitter:data2\" content=\"1 minute\" \/>\n<script type=\"application\/ld+json\" class=\"yoast-schema-graph\">{\"@context\":\"https:\\\/\\\/schema.org\",\"@graph\":[{\"@type\":\"Article\",\"@id\":\"https:\\\/\\\/sighisoaraonline.com\\\/content\\\/radioson-jurnalistii-spanioli-de-la-el-mundo-au-inclus-sighisoara-printre-cele-mai-frumoase-orase-medivale-din-europa\\\/#article\",\"isPartOf\":{\"@id\":\"https:\\\/\\\/sighisoaraonline.com\\\/content\\\/radioson-jurnalistii-spanioli-de-la-el-mundo-au-inclus-sighisoara-printre-cele-mai-frumoase-orase-medivale-din-europa\\\/\"},\"author\":{\"name\":\"Sighisoara Online\",\"@id\":\"https:\\\/\\\/sighisoaraonline.com\\\/content\\\/#\\\/schema\\\/person\\\/140de7f8d077626585be2e01dfe4cca0\"},\"headline\":\"RadioSon: Jurnali\u0219tii spanioli de la El Mundo au inclus Sighi\u0219oara printre cele mai frumoase ora\u0219e medivale din Europa\",\"datePublished\":\"2019-06-15T14:27:08+00:00\",\"dateModified\":\"2019-06-15T14:27:10+00:00\",\"mainEntityOfPage\":{\"@id\":\"https:\\\/\\\/sighisoaraonline.com\\\/content\\\/radioson-jurnalistii-spanioli-de-la-el-mundo-au-inclus-sighisoara-printre-cele-mai-frumoase-orase-medivale-din-europa\\\/\"},\"wordCount\":184,\"publisher\":{\"@id\":\"https:\\\/\\\/sighisoaraonline.com\\\/content\\\/#\\\/schema\\\/person\\\/140de7f8d077626585be2e01dfe4cca0\"},\"image\":{\"@id\":\"https:\\\/\\\/sighisoaraonline.com\\\/content\\\/radioson-jurnalistii-spanioli-de-la-el-mundo-au-inclus-sighisoara-printre-cele-mai-frumoase-orase-medivale-din-europa\\\/#primaryimage\"},\"thumbnailUrl\":\"https:\\\/\\\/sighisoaraonline.com\\\/content\\\/wp-content\\\/uploads\\\/2019\\\/06\\\/64792030_876031616109651_3153767057791647744_o.jpg\",\"articleSection\":[\"Social\"],\"inLanguage\":\"en-US\"},{\"@type\":\"WebPage\",\"@id\":\"https:\\\/\\\/sighisoaraonline.com\\\/content\\\/radioson-jurnalistii-spanioli-de-la-el-mundo-au-inclus-sighisoara-printre-cele-mai-frumoase-orase-medivale-din-europa\\\/\",\"url\":\"https:\\\/\\\/sighisoaraonline.com\\\/content\\\/radioson-jurnalistii-spanioli-de-la-el-mundo-au-inclus-sighisoara-printre-cele-mai-frumoase-orase-medivale-din-europa\\\/\",\"name\":\"RadioSon: Jurnali\u0219tii spanioli de la El Mundo au inclus Sighi\u0219oara printre cele mai frumoase ora\u0219e medivale din Europa\",\"isPartOf\":{\"@id\":\"https:\\\/\\\/sighisoaraonline.com\\\/content\\\/#website\"},\"primaryImageOfPage\":{\"@id\":\"https:\\\/\\\/sighisoaraonline.com\\\/content\\\/radioson-jurnalistii-spanioli-de-la-el-mundo-au-inclus-sighisoara-printre-cele-mai-frumoase-orase-medivale-din-europa\\\/#primaryimage\"},\"image\":{\"@id\":\"https:\\\/\\\/sighisoaraonline.com\\\/content\\\/radioson-jurnalistii-spanioli-de-la-el-mundo-au-inclus-sighisoara-printre-cele-mai-frumoase-orase-medivale-din-europa\\\/#primaryimage\"},\"thumbnailUrl\":\"https:\\\/\\\/sighisoaraonline.com\\\/content\\\/wp-content\\\/uploads\\\/2019\\\/06\\\/64792030_876031616109651_3153767057791647744_o.jpg\",\"datePublished\":\"2019-06-15T14:27:08+00:00\",\"dateModified\":\"2019-06-15T14:27:10+00:00\",\"breadcrumb\":{\"@id\":\"https:\\\/\\\/sighisoaraonline.com\\\/content\\\/radioson-jurnalistii-spanioli-de-la-el-mundo-au-inclus-sighisoara-printre-cele-mai-frumoase-orase-medivale-din-europa\\\/#breadcrumb\"},\"inLanguage\":\"en-US\",\"potentialAction\":[{\"@type\":\"ReadAction\",\"target\":[\"https:\\\/\\\/sighisoaraonline.com\\\/content\\\/radioson-jurnalistii-spanioli-de-la-el-mundo-au-inclus-sighisoara-printre-cele-mai-frumoase-orase-medivale-din-europa\\\/\"]}]},{\"@type\":\"ImageObject\",\"inLanguage\":\"en-US\",\"@id\":\"https:\\\/\\\/sighisoaraonline.com\\\/content\\\/radioson-jurnalistii-spanioli-de-la-el-mundo-au-inclus-sighisoara-printre-cele-mai-frumoase-orase-medivale-din-europa\\\/#primaryimage\",\"url\":\"https:\\\/\\\/sighisoaraonline.com\\\/content\\\/wp-content\\\/uploads\\\/2019\\\/06\\\/64792030_876031616109651_3153767057791647744_o.jpg\",\"contentUrl\":\"https:\\\/\\\/sighisoaraonline.com\\\/content\\\/wp-content\\\/uploads\\\/2019\\\/06\\\/64792030_876031616109651_3153767057791647744_o.jpg\",\"width\":2048,\"height\":969},{\"@type\":\"BreadcrumbList\",\"@id\":\"https:\\\/\\\/sighisoaraonline.com\\\/content\\\/radioson-jurnalistii-spanioli-de-la-el-mundo-au-inclus-sighisoara-printre-cele-mai-frumoase-orase-medivale-din-europa\\\/#breadcrumb\",\"itemListElement\":[{\"@type\":\"ListItem\",\"position\":1,\"name\":\"Home\",\"item\":\"https:\\\/\\\/sighisoaraonline.com\\\/content\\\/\"},{\"@type\":\"ListItem\",\"position\":2,\"name\":\"RadioSon: Jurnali\u0219tii spanioli de la El Mundo au inclus Sighi\u0219oara printre cele mai frumoase ora\u0219e medivale din Europa\"}]},{\"@type\":\"WebSite\",\"@id\":\"https:\\\/\\\/sighisoaraonline.com\\\/content\\\/#website\",\"url\":\"https:\\\/\\\/sighisoaraonline.com\\\/content\\\/\",\"name\":\"Sighisoara\",\"description\":\"\",\"publisher\":{\"@id\":\"https:\\\/\\\/sighisoaraonline.com\\\/content\\\/#\\\/schema\\\/person\\\/140de7f8d077626585be2e01dfe4cca0\"},\"potentialAction\":[{\"@type\":\"SearchAction\",\"target\":{\"@type\":\"EntryPoint\",\"urlTemplate\":\"https:\\\/\\\/sighisoaraonline.com\\\/content\\\/?s={search_term_string}\"},\"query-input\":{\"@type\":\"PropertyValueSpecification\",\"valueRequired\":true,\"valueName\":\"search_term_string\"}}],\"inLanguage\":\"en-US\"},{\"@type\":[\"Person\",\"Organization\"],\"@id\":\"https:\\\/\\\/sighisoaraonline.com\\\/content\\\/#\\\/schema\\\/person\\\/140de7f8d077626585be2e01dfe4cca0\",\"name\":\"Sighisoara Online\",\"image\":{\"@type\":\"ImageObject\",\"inLanguage\":\"en-US\",\"@id\":\"https:\\\/\\\/sighisoaraonline.com\\\/content\\\/wp-content\\\/uploads\\\/2017\\\/03\\\/cropped-sigonlinen-1.png\",\"url\":\"https:\\\/\\\/sighisoaraonline.com\\\/content\\\/wp-content\\\/uploads\\\/2017\\\/03\\\/cropped-sigonlinen-1.png\",\"contentUrl\":\"https:\\\/\\\/sighisoaraonline.com\\\/content\\\/wp-content\\\/uploads\\\/2017\\\/03\\\/cropped-sigonlinen-1.png\",\"width\":257,\"height\":60,\"caption\":\"Sighisoara Online\"},\"logo\":{\"@id\":\"https:\\\/\\\/sighisoaraonline.com\\\/content\\\/wp-content\\\/uploads\\\/2017\\\/03\\\/cropped-sigonlinen-1.png\"},\"sameAs\":[\"https:\\\/\\\/www.facebook.com\\\/sighisoaraonline\\\/\",\"https:\\\/\\\/www.instagram.com\\\/sighisoaraonline\\\/\"],\"url\":\"https:\\\/\\\/sighisoaraonline.com\\\/content\\\/author\\\/paul\\\/\"}]}<\/script>\n<!-- \/ Yoast SEO plugin. -->","yoast_head_json":{"title":"RadioSon: Jurnali\u0219tii spanioli de la El Mundo au inclus Sighi\u0219oara printre cele mai frumoase ora\u0219e medivale din Europa","robots":{"index":"index","follow":"follow","max-snippet":"max-snippet:-1","max-image-preview":"max-image-preview:large","max-video-preview":"max-video-preview:-1"},"canonical":"https:\/\/sighisoaraonline.com\/content\/radioson-jurnalistii-spanioli-de-la-el-mundo-au-inclus-sighisoara-printre-cele-mai-frumoase-orase-medivale-din-europa\/","og_locale":"en_US","og_type":"article","og_title":"RadioSon: Jurnali\u0219tii spanioli de la El Mundo au inclus Sighi\u0219oara printre cele mai frumoase ora\u0219e medivale din Europa","og_description":"Denumit\u0103 \u015fi \u201ePerla Transilvaniei\u201d, Sighi\u015foara i-a impresionat \u0219i pe jurnali\u0219tii de la cotidianul spaniol El...","og_url":"https:\/\/sighisoaraonline.com\/content\/radioson-jurnalistii-spanioli-de-la-el-mundo-au-inclus-sighisoara-printre-cele-mai-frumoase-orase-medivale-din-europa\/","og_site_name":"Sighisoara","article_publisher":"https:\/\/www.facebook.com\/sighisoaraonline\/","article_author":"https:\/\/www.facebook.com\/sighisoaraonline\/","article_published_time":"2019-06-15T14:27:08+00:00","article_modified_time":"2019-06-15T14:27:10+00:00","og_image":[{"width":2048,"height":969,"url":"https:\/\/sighisoaraonline.com\/content\/wp-content\/uploads\/2019\/06\/64792030_876031616109651_3153767057791647744_o.jpg","type":"image\/jpeg"}],"author":"Sighisoara Online","twitter_card":"summary_large_image","twitter_misc":{"Written by":"Sighisoara Online","Est. reading time":"1 minute"},"schema":{"@context":"https:\/\/schema.org","@graph":[{"@type":"Article","@id":"https:\/\/sighisoaraonline.com\/content\/radioson-jurnalistii-spanioli-de-la-el-mundo-au-inclus-sighisoara-printre-cele-mai-frumoase-orase-medivale-din-europa\/#article","isPartOf":{"@id":"https:\/\/sighisoaraonline.com\/content\/radioson-jurnalistii-spanioli-de-la-el-mundo-au-inclus-sighisoara-printre-cele-mai-frumoase-orase-medivale-din-europa\/"},"author":{"name":"Sighisoara Online","@id":"https:\/\/sighisoaraonline.com\/content\/#\/schema\/person\/140de7f8d077626585be2e01dfe4cca0"},"headline":"RadioSon: Jurnali\u0219tii spanioli de la El Mundo au inclus Sighi\u0219oara printre cele mai frumoase ora\u0219e medivale din Europa","datePublished":"2019-06-15T14:27:08+00:00","dateModified":"2019-06-15T14:27:10+00:00","mainEntityOfPage":{"@id":"https:\/\/sighisoaraonline.com\/content\/radioson-jurnalistii-spanioli-de-la-el-mundo-au-inclus-sighisoara-printre-cele-mai-frumoase-orase-medivale-din-europa\/"},"wordCount":184,"publisher":{"@id":"https:\/\/sighisoaraonline.com\/content\/#\/schema\/person\/140de7f8d077626585be2e01dfe4cca0"},"image":{"@id":"https:\/\/sighisoaraonline.com\/content\/radioson-jurnalistii-spanioli-de-la-el-mundo-au-inclus-sighisoara-printre-cele-mai-frumoase-orase-medivale-din-europa\/#primaryimage"},"thumbnailUrl":"https:\/\/sighisoaraonline.com\/content\/wp-content\/uploads\/2019\/06\/64792030_876031616109651_3153767057791647744_o.jpg","articleSection":["Social"],"inLanguage":"en-US"},{"@type":"WebPage","@id":"https:\/\/sighisoaraonline.com\/content\/radioson-jurnalistii-spanioli-de-la-el-mundo-au-inclus-sighisoara-printre-cele-mai-frumoase-orase-medivale-din-europa\/","url":"https:\/\/sighisoaraonline.com\/content\/radioson-jurnalistii-spanioli-de-la-el-mundo-au-inclus-sighisoara-printre-cele-mai-frumoase-orase-medivale-din-europa\/","name":"RadioSon: Jurnali\u0219tii spanioli de la El Mundo au inclus Sighi\u0219oara printre cele mai frumoase ora\u0219e medivale din Europa","isPartOf":{"@id":"https:\/\/sighisoaraonline.com\/content\/#website"},"primaryImageOfPage":{"@id":"https:\/\/sighisoaraonline.com\/content\/radioson-jurnalistii-spanioli-de-la-el-mundo-au-inclus-sighisoara-printre-cele-mai-frumoase-orase-medivale-din-europa\/#primaryimage"},"image":{"@id":"https:\/\/sighisoaraonline.com\/content\/radioson-jurnalistii-spanioli-de-la-el-mundo-au-inclus-sighisoara-printre-cele-mai-frumoase-orase-medivale-din-europa\/#primaryimage"},"thumbnailUrl":"https:\/\/sighisoaraonline.com\/content\/wp-content\/uploads\/2019\/06\/64792030_876031616109651_3153767057791647744_o.jpg","datePublished":"2019-06-15T14:27:08+00:00","dateModified":"2019-06-15T14:27:10+00:00","breadcrumb":{"@id":"https:\/\/sighisoaraonline.com\/content\/radioson-jurnalistii-spanioli-de-la-el-mundo-au-inclus-sighisoara-printre-cele-mai-frumoase-orase-medivale-din-europa\/#breadcrumb"},"inLanguage":"en-US","potentialAction":[{"@type":"ReadAction","target":["https:\/\/sighisoaraonline.com\/content\/radioson-jurnalistii-spanioli-de-la-el-mundo-au-inclus-sighisoara-printre-cele-mai-frumoase-orase-medivale-din-europa\/"]}]},{"@type":"ImageObject","inLanguage":"en-US","@id":"https:\/\/sighisoaraonline.com\/content\/radioson-jurnalistii-spanioli-de-la-el-mundo-au-inclus-sighisoara-printre-cele-mai-frumoase-orase-medivale-din-europa\/#primaryimage","url":"https:\/\/sighisoaraonline.com\/content\/wp-content\/uploads\/2019\/06\/64792030_876031616109651_3153767057791647744_o.jpg","contentUrl":"https:\/\/sighisoaraonline.com\/content\/wp-content\/uploads\/2019\/06\/64792030_876031616109651_3153767057791647744_o.jpg","width":2048,"height":969},{"@type":"BreadcrumbList","@id":"https:\/\/sighisoaraonline.com\/content\/radioson-jurnalistii-spanioli-de-la-el-mundo-au-inclus-sighisoara-printre-cele-mai-frumoase-orase-medivale-din-europa\/#breadcrumb","itemListElement":[{"@type":"ListItem","position":1,"name":"Home","item":"https:\/\/sighisoaraonline.com\/content\/"},{"@type":"ListItem","position":2,"name":"RadioSon: Jurnali\u0219tii spanioli de la El Mundo au inclus Sighi\u0219oara printre cele mai frumoase ora\u0219e medivale din Europa"}]},{"@type":"WebSite","@id":"https:\/\/sighisoaraonline.com\/content\/#website","url":"https:\/\/sighisoaraonline.com\/content\/","name":"Sighisoara","description":"","publisher":{"@id":"https:\/\/sighisoaraonline.com\/content\/#\/schema\/person\/140de7f8d077626585be2e01dfe4cca0"},"potentialAction":[{"@type":"SearchAction","target":{"@type":"EntryPoint","urlTemplate":"https:\/\/sighisoaraonline.com\/content\/?s={search_term_string}"},"query-input":{"@type":"PropertyValueSpecification","valueRequired":true,"valueName":"search_term_string"}}],"inLanguage":"en-US"},{"@type":["Person","Organization"],"@id":"https:\/\/sighisoaraonline.com\/content\/#\/schema\/person\/140de7f8d077626585be2e01dfe4cca0","name":"Sighisoara Online","image":{"@type":"ImageObject","inLanguage":"en-US","@id":"https:\/\/sighisoaraonline.com\/content\/wp-content\/uploads\/2017\/03\/cropped-sigonlinen-1.png","url":"https:\/\/sighisoaraonline.com\/content\/wp-content\/uploads\/2017\/03\/cropped-sigonlinen-1.png","contentUrl":"https:\/\/sighisoaraonline.com\/content\/wp-content\/uploads\/2017\/03\/cropped-sigonlinen-1.png","width":257,"height":60,"caption":"Sighisoara Online"},"logo":{"@id":"https:\/\/sighisoaraonline.com\/content\/wp-content\/uploads\/2017\/03\/cropped-sigonlinen-1.png"},"sameAs":["https:\/\/www.facebook.com\/sighisoaraonline\/","https:\/\/www.instagram.com\/sighisoaraonline\/"],"url":"https:\/\/sighisoaraonline.com\/content\/author\/paul\/"}]}},"_links":{"self":[{"href":"https:\/\/sighisoaraonline.com\/content\/wp-json\/wp\/v2\/posts\/9944","targetHints":{"allow":["GET"]}}],"collection":[{"href":"https:\/\/sighisoaraonline.com\/content\/wp-json\/wp\/v2\/posts"}],"about":[{"href":"https:\/\/sighisoaraonline.com\/content\/wp-json\/wp\/v2\/types\/post"}],"author":[{"embeddable":true,"href":"https:\/\/sighisoaraonline.com\/content\/wp-json\/wp\/v2\/users\/1"}],"replies":[{"embeddable":true,"href":"https:\/\/sighisoaraonline.com\/content\/wp-json\/wp\/v2\/comments?post=9944"}],"version-history":[{"count":1,"href":"https:\/\/sighisoaraonline.com\/content\/wp-json\/wp\/v2\/posts\/9944\/revisions"}],"predecessor-version":[{"id":9946,"href":"https:\/\/sighisoaraonline.com\/content\/wp-json\/wp\/v2\/posts\/9944\/revisions\/9946"}],"wp:featuredmedia":[{"embeddable":true,"href":"https:\/\/sighisoaraonline.com\/content\/wp-json\/wp\/v2\/media\/9945"}],"wp:attachment":[{"href":"https:\/\/sighisoaraonline.com\/content\/wp-json\/wp\/v2\/media?parent=9944"}],"wp:term":[{"taxonomy":"category","embeddable":true,"href":"https:\/\/sighisoaraonline.com\/content\/wp-json\/wp\/v2\/categories?post=9944"},{"taxonomy":"post_tag","embeddable":true,"href":"https:\/\/sighisoaraonline.com\/content\/wp-json\/wp\/v2\/tags?post=9944"}],"curies":[{"name":"wp","href":"https:\/\/api.w.org\/{rel}","templated":true}]}}